{"id":129061,"date":"2026-04-03T22:33:55","date_gmt":"2026-04-03T22:33:55","guid":{"rendered":"https:\/\/tvbrazilusa.com\/2026\/04\/03\/vorcaro-cita-encontros-com-moraes-em-datas-proximas-a-viagens-em-jatinho-paulo-figueiredo\/"},"modified":"2026-04-03T22:54:59","modified_gmt":"2026-04-03T22:54:59","slug":"vorcaro-cita-encontros-com-moraes-em-datas-proximas-a-viagens-em-jatinho-paulo-figueiredo","status":"publish","type":"post","link":"https:\/\/tvbrazilusa.com\/pt\/2026\/04\/03\/vorcaro-cita-encontros-com-moraes-em-datas-proximas-a-viagens-em-jatinho-paulo-figueiredo\/","title":{"rendered":"Vorcaro cita encontros com Moraes em datas pr\u00f3ximas a viagens em jatinho &#8211; Paulo Figueiredo"},"content":{"rendered":"<p> <script async src=\"https:\/\/pagead2.googlesyndication.com\/pagead\/js\/adsbygoogle.js?client=ca-pub-8864793242727901\"\r\n     crossorigin=\"anonymous\"><\/script><br \/>\n<\/p>\n<div id=\"wtr-content\" data-bg=\"#FFFFFF\" data-fg=\"#006d91\" data-width=\"25\" data-mute=\"1\" data-fgopacity=\"1.00\" data-mutedopacity=\"0.5\" data-placement=\"bottom\" data-placement-offset=\"0\" data-content-offset=\"262\" data-placement-touch=\"bottom\" data-placement-offset-touch=\"0\" data-transparent=\"\" data-shadow=\"0\" data-touch=\"1\" data-non-touch=\"1\" data-comments=\"0\" data-commentsbg=\"transparent\" data-location=\"page\" data-mutedfg=\"#006d91\" data-endfg=\"#006d91\" data-rtl=\"\">\n<h4 class=\"wp-block-heading\">Registros da PF sugerem reuni\u00f5es entre o banqueiro e o ministro em dias pr\u00f3ximos a voos particulares<\/h4>\n<p>Conversas obtidas pela Pol\u00edcia Federal (PF) entre Daniel Vorcaro, dono do Banco Master, e Martha Graeff, sua ent\u00e3o noiva, mostram que o ministro Alexandre de Moraes, do Supremo Tribunal Federal (STF), esteve com o banqueiro em datas pr\u00f3ximas \u00e0s viagens que realizou em jatos executivos ligados a Vorcaro e ao cunhado, Fabiano Zettel. A informa\u00e7\u00e3o \u00e9 do jornal\u00a0<em>O Globo<\/em>.<\/p>\n<p>Entre maio e outubro de 2025, Moraes e sua mulher, Viviane Barci de Moraes, advogada, estiveram em registros de passageiros de terminais executivos no Aeroporto de Bras\u00edlia. As informa\u00e7\u00f5es s\u00e3o da Ag\u00eancia Nacional de Avia\u00e7\u00e3o Civil e do Departamento de Controle do Espa\u00e7o A\u00e9reo.<\/p>\n<h4 class=\"wp-block-heading\" id=\"coincidencias-entre-viagens-e-encontros\">Coincid\u00eancias entre viagens e encontros de Moraes<a href=\"https:\/\/wainews-homolog.streamlit.app\/~\/+\/#coincidencias-entre-viagens-e-encontros\"\/><\/h4>\n<p>O escrit\u00f3rio de Viviane firmou um contrato de R$ 129 milh\u00f5es com o Banco Master em 2024. A\u00a0<em>Folha de S. Paulo<\/em>\u00a0cruzou datas dessas viagens com mensagens nas quais Vorcaro menciona encontros com Moraes em conversas encaminhadas \u00e0 CPI do INSS. Em mais de 2,3 mil p\u00e1ginas de di\u00e1logos, h\u00e1 tr\u00eas coincid\u00eancias de datas nos meses de maio e agosto.<\/p>\n<p>Em 21 de maio, v\u00e9spera do voo de Moraes para S\u00e3o Paulo em jato da Prime Aviation, Vorcaro relatou: \u201cT\u00f4 aqui em casa, amor. Ciro e Alexandre\u201d, referindo-se tamb\u00e9m ao senador Ciro Nogueira (PP-PI). Na manh\u00e3 seguinte, disse que os convidados sa\u00edram cedo e que foi dormir \u00e0 1h.<\/p>\n<p>Na noite de 22 de maio, Moraes estava em hangar executivo em Bras\u00edlia \u00e0s 19h. Pouco depois, um avi\u00e3o da Prime Aviation decolou para o Aeroporto de Catarina, usado por jatos privados.<\/p>\n<p>Em 29 de maio, Moraes e Viviane voaram de Bras\u00edlia a S\u00e3o Paulo em jato da Prime Aviation. No in\u00edcio de agosto, Vorcaro voltou a citar Moraes em mensagem a Martha, enquanto o ministro e a mulher viajavam para S\u00e3o Paulo em aeronave da empresa de Zettel, operador financeiro de Vorcaro, conforme apura\u00e7\u00e3o policial.<\/p>\n<h4 class=\"wp-block-heading\" id=\"envolvimento-de-empresas-e-contratos-milionarios\">Envolvimento de empresas e contratos milion\u00e1rios<a href=\"https:\/\/wainews-homolog.streamlit.app\/~\/+\/#envolvimento-de-empresas-e-contratos-milionarios\"\/><\/h4>\n<p>Zettel tamb\u00e9m controla o fundo Arleen, respons\u00e1vel por um aporte de R$ 35 milh\u00f5es no resort Tayaya, que tinha participa\u00e7\u00e3o de empresa ligada ao ministro Dias Toffoli. Vorcaro era s\u00f3cio da Prime You, dona da Prime Aviation, nas datas em que as mensagens coincidiram com os voos de Moraes, mas vendeu sua parte em setembro de 2025, dois meses antes da liquida\u00e7\u00e3o do Master.<\/p>\n<p>Em resposta depois da reportagem da\u00a0<em>Folha<\/em>, Moraes declarou que \u201cas ila\u00e7\u00f5es da fantasiosa mat\u00e9ria s\u00e3o absolutamente falsas\u201d. \u201cO ministro Alexandre de Moraes jamais viajou em nenhum avi\u00e3o de Daniel Vorcaro ou em sua companhia e de Fabiano Zettel, a quem nem conhece\u201d, afirmou o gabinete do magistrado.<\/p>\n<p>O escrit\u00f3rio de Viviane afirmou que utiliza \u201cdiversos servi\u00e7os de t\u00e1xi a\u00e9reo\u201d, incluindo a Prime Aviation, e que Vorcaro e Zettel nunca viajaram com integrantes da banca de advogados. \u201cAl\u00e9m disso, todos os valores eram pagos compensando os honor\u00e1rios advocat\u00edcios nos termos contratuais\u201d, destacou o Barci de Moraes.<\/p>\n<p>O hist\u00f3rico das conversas entre Vorcaro e Martha enviado ao Congresso termina em 13 de agosto de 2025. At\u00e9 a pris\u00e3o do banqueiro, em 17 de novembro, n\u00e3o foram localizados novos di\u00e1logos para checar outras coincid\u00eancias de datas.<\/p>\n<p><strong><a href=\"https:\/\/revistaoeste.com\/politica\/vorcaro-cita-encontros-com-moraes-em-datas-proximas-a-viagens-em-jatinho\/\">Cr\u00e9dito Revista Oeste<\/a><\/strong><\/p>\n<\/div>\n<p><br \/>\n<br \/><a href=\"https:\/\/paulofigueiredoshow.com\/141939-2\/\">Source link <\/a><\/p>","protected":false},"excerpt":{"rendered":"<p>Registros da PF sugerem reuni\u00f5es entre o banqueiro e o ministro em dias pr\u00f3ximos a voos particulares Conversas obtidas pela Pol\u00edcia Federal (PF) entre Daniel Vorcaro, dono do Banco Master,&hellip;<\/p>","protected":false},"author":1,"featured_media":129062,"comment_status":"closed","ping_status":"open","sticky":false,"template":"","format":"standard","meta":{"content-type":"","footnotes":""},"categories":[16],"tags":[],"class_list":["post-129061","post","type-post","status-publish","format-standard","has-post-thumbnail","hentry","category-noticias"],"_links":{"self":[{"href":"https:\/\/tvbrazilusa.com\/pt\/wp-json\/wp\/v2\/posts\/129061","targetHints":{"allow":["GET"]}}],"collection":[{"href":"https:\/\/tvbrazilusa.com\/pt\/wp-json\/wp\/v2\/posts"}],"about":[{"href":"https:\/\/tvbrazilusa.com\/pt\/wp-json\/wp\/v2\/types\/post"}],"author":[{"embeddable":true,"href":"https:\/\/tvbrazilusa.com\/pt\/wp-json\/wp\/v2\/users\/1"}],"replies":[{"embeddable":true,"href":"https:\/\/tvbrazilusa.com\/pt\/wp-json\/wp\/v2\/comments?post=129061"}],"version-history":[{"count":1,"href":"https:\/\/tvbrazilusa.com\/pt\/wp-json\/wp\/v2\/posts\/129061\/revisions"}],"predecessor-version":[{"id":129063,"href":"https:\/\/tvbrazilusa.com\/pt\/wp-json\/wp\/v2\/posts\/129061\/revisions\/129063"}],"wp:featuredmedia":[{"embeddable":true,"href":"https:\/\/tvbrazilusa.com\/pt\/wp-json\/wp\/v2\/media\/129062"}],"wp:attachment":[{"href":"https:\/\/tvbrazilusa.com\/pt\/wp-json\/wp\/v2\/media?parent=129061"}],"wp:term":[{"taxonomy":"category","embeddable":true,"href":"https:\/\/tvbrazilusa.com\/pt\/wp-json\/wp\/v2\/categories?post=129061"},{"taxonomy":"post_tag","embeddable":true,"href":"https:\/\/tvbrazilusa.com\/pt\/wp-json\/wp\/v2\/tags?post=129061"}],"curies":[{"name":"wp","href":"https:\/\/api.w.org\/{rel}","templated":true}]}}