{"id":129088,"date":"2026-04-06T12:30:00","date_gmt":"2026-04-06T12:30:00","guid":{"rendered":"https:\/\/tvbrazilusa.com\/2026\/04\/06\/apos-novo-atrito-entre-eduardo-e-nikolas-flavio-pede-racionalidade\/"},"modified":"2026-04-06T12:46:28","modified_gmt":"2026-04-06T12:46:28","slug":"apos-novo-atrito-entre-eduardo-e-nikolas-flavio-pede-racionalidade","status":"publish","type":"post","link":"https:\/\/tvbrazilusa.com\/pt\/2026\/04\/06\/apos-novo-atrito-entre-eduardo-e-nikolas-flavio-pede-racionalidade\/","title":{"rendered":"Ap\u00f3s novo atrito entre Eduardo e Nikolas, Fl\u00e1vio pede \u201cracionalidade\u201d"},"content":{"rendered":"<p> <script async src=\"https:\/\/pagead2.googlesyndication.com\/pagead\/js\/adsbygoogle.js?client=ca-pub-8864793242727901\"\r\n     crossorigin=\"anonymous\"><\/script><br \/>\n<\/p>\n<div id=\"cd-article-content\">\n<p>O senador e pr\u00e9-candidato \u00e0 Presid\u00eancia pelo PL, <strong><a href=\"https:\/\/claudiodantas.com.br\/tag\/flavio-bolsonaro-2\/\" data-type=\"post_tag\" data-id=\"13887\">Fl\u00e1vio Bolsonaro<\/a><\/strong>, pediu uni\u00e3o entre aliados e criticou disputas internas na <strong><a href=\"https:\/\/claudiodantas.com.br\/tag\/direita\/\" data-type=\"post_tag\" data-id=\"3\">direita<\/a><\/strong>. A declara\u00e7\u00e3o foi feita em v\u00eddeo no \u00faltimo s\u00e1bado (04), em meio a um embate p\u00fablico entre o ex-deputado <strong><a href=\"https:\/\/x.com\/BolsonaroSP\">Eduardo Bolsonaro (PL-SP)<\/a><\/strong> e o deputado <strong><a href=\"https:\/\/x.com\/nikolas_dm\">Nikolas Ferreira (PL-MG)<\/a><\/strong>.<\/p>\n<p><a href=\"https:\/\/whatsapp.com\/channel\/0029VaTFkH2HVvTbkE883x1x\" target=\"_blank\" class=\"whatsapp-channel-message\" rel=\"noopener\">\u2705 Siga o canal do Claudio Dantas no WhatsApp<\/a><\/p>\n<p>\u201cT\u00f4 gravando esse v\u00eddeo para tentar chamar todos para racionalidade. \u00c9 muito angustiante ver lideran\u00e7as do nosso lado se digladiando enquanto a gente tem um pa\u00eds para resgatar e o inimigo n\u00e3o t\u00e1 aqui. T\u00e1 do lado de l\u00e1\u201d, afirma Fl\u00e1vio na grava\u00e7\u00e3o. <\/p>\n<p>\u201cEsse \u00e9 o tipo de confus\u00e3o que n\u00e3o tem vencedor. Todo mundo sai perdendo. Cada um tem os seus motivos, as suas m\u00e1goas, tem o direito de se defender do que acha que \u00e9 agress\u00e3o ou provoca\u00e7\u00e3o do outro, beleza. Mas cada um tem o seu tempo\u201d.<\/p>\n<p>O senador ainda fez um apelo direto por pacifica\u00e7\u00e3o entre aliados: \u201cPessoal, a partir de agora, todos n\u00f3s temos que focar em um s\u00f3 objetivo. Bora olhar para frente. O \u00fanico caminho que eu tenho para sugerir e que qualquer um a\u00ed pode encontrar no livro da vida, mais especificamente em Colossenses 3:13, \u00e9 o seguinte: N\u00e3o fiquem irritados uns com os outros e perdoem uns aos outros, caso algu\u00e9m tenha alguma queixa contra outra pessoa\u201d.<\/p>\n<p>Nikolas respondeu ao v\u00eddeo: \u201cConcordo, presidente. Cada um fazendo sua parte, chegaremos\u201d.<\/p>\n<figure class=\"wp-block-embed aligncenter is-type-rich is-provider-twitter wp-block-embed-twitter\">\n<div class=\"wp-block-embed__wrapper\">\n<blockquote class=\"twitter-tweet\" data-width=\"500\" data-dnt=\"true\">\n<p lang=\"pt\" dir=\"ltr\">O momento \u00e9 de pacifica\u00e7\u00e3o e uni\u00e3o. Vamos olhar para frente. O que mais importa, agora, \u00e9 o futuro do nosso Brasil! <a href=\"https:\/\/t.co\/gZyUEUNuLE\">pic.twitter.com\/gZyUEUNuLE<\/a><\/p>\n<p>\u2014 Fl\u00e1vio Bolsonaro (@FlavioBolsonaro) <a href=\"https:\/\/twitter.com\/FlavioBolsonaro\/status\/2040574790822510832?ref_src=twsrc%5Etfw\" target=\"_blank\" rel=\"noopener\">April 4, 2026<\/a><\/p><\/blockquote>\n<\/div>\n<\/figure>\n<p>O conflito come\u00e7ou na \u00faltima sexta (03), quando Eduardo Bolsonaro compartilhou um v\u00eddeo com cr\u00edticas ao deputado mineiro. A tens\u00e3o aumentou no s\u00e1bado, ap\u00f3s Nikolas reagir com \u201ckkk\u201d a uma publica\u00e7\u00e3o do cientista pol\u00edtico Silvio Grimaldo, que \u00e9 de direita, mas cr\u00edtico da fam\u00edlia Bolsonaro.<\/p>\n<p>Eduardo respondeu diretamente ao deputado. \u201cRisinho de deboche para mim, @nikolas_dm? Ao que parece, n\u00e3o h\u00e1 limites para seu desrespeito comigo e minha fam\u00edlia. Triste ver essa vers\u00e3o caricata de si mesmo. N\u00e3o \u00e9, nem de longe, o menino que conheci, apoiei e acreditei\u201d, escreveu no X.<\/p>\n<div class=\"wp-block-image\">\n<figure class=\"aligncenter size-full is-resized\"><\/figure>\n<\/div>\n<p>Assim como Fl\u00e1vio, o presidente nacional do PL, Valdemar Costa Neto, tamb\u00e9m criticou os conflitos p\u00fablicos da direita. \u201cN\u00e3o podemos brigar. Temos que ter paci\u00eancia. Temos que pensar no [Jair] Bolsonaro. Veja o que ele est\u00e1 passando\u201d, afirmou \u00e0 CNN Brasil.<\/p>\n<\/div>\n<p><script async src=\"\/\/platform.twitter.com\/widgets.js\" charset=\"utf-8\"><\/script><script type=\"b1993df3c3edbd4c93d97cab-text\/javascript\">!function(f,b,e,v,n,t,s){if(f.fbq)return;n=f.fbq=function(){n.callMethod?n.callMethod.apply(n,arguments):n.queue.push(arguments)};if(!f._fbq)f._fbq=n;n.push=n;n.loaded=!0;n.version='2.0';n.queue=[];t=b.createElement(e);t.async=!0;t.src=v;s=b.getElementsByTagName(e)[0];s.parentNode.insertBefore(t,s)}(window,document,'script','https:\/\/connect.facebook.net\/en_US\/fbevents.js');fbq('init','1423865622537930');fbq('track','PageView');<\/script><br \/>\n<br \/><br \/>\n<br \/><a href=\"https:\/\/claudiodantas.com.br\/atrito-eduardo-nikolas-flavio-racionalidade\/\">Source link <\/a><\/p>","protected":false},"excerpt":{"rendered":"<p>O senador e pr\u00e9-candidato \u00e0 Presid\u00eancia pelo PL, Fl\u00e1vio Bolsonaro, pediu uni\u00e3o entre aliados e criticou disputas internas na direita. A declara\u00e7\u00e3o foi feita em v\u00eddeo no \u00faltimo s\u00e1bado (04),&hellip;<\/p>","protected":false},"author":1,"featured_media":129089,"comment_status":"closed","ping_status":"open","sticky":false,"template":"","format":"standard","meta":{"content-type":"","footnotes":""},"categories":[16],"tags":[],"class_list":["post-129088","post","type-post","status-publish","format-standard","has-post-thumbnail","hentry","category-noticias"],"_links":{"self":[{"href":"https:\/\/tvbrazilusa.com\/pt\/wp-json\/wp\/v2\/posts\/129088","targetHints":{"allow":["GET"]}}],"collection":[{"href":"https:\/\/tvbrazilusa.com\/pt\/wp-json\/wp\/v2\/posts"}],"about":[{"href":"https:\/\/tvbrazilusa.com\/pt\/wp-json\/wp\/v2\/types\/post"}],"author":[{"embeddable":true,"href":"https:\/\/tvbrazilusa.com\/pt\/wp-json\/wp\/v2\/users\/1"}],"replies":[{"embeddable":true,"href":"https:\/\/tvbrazilusa.com\/pt\/wp-json\/wp\/v2\/comments?post=129088"}],"version-history":[{"count":1,"href":"https:\/\/tvbrazilusa.com\/pt\/wp-json\/wp\/v2\/posts\/129088\/revisions"}],"predecessor-version":[{"id":129090,"href":"https:\/\/tvbrazilusa.com\/pt\/wp-json\/wp\/v2\/posts\/129088\/revisions\/129090"}],"wp:featuredmedia":[{"embeddable":true,"href":"https:\/\/tvbrazilusa.com\/pt\/wp-json\/wp\/v2\/media\/129089"}],"wp:attachment":[{"href":"https:\/\/tvbrazilusa.com\/pt\/wp-json\/wp\/v2\/media?parent=129088"}],"wp:term":[{"taxonomy":"category","embeddable":true,"href":"https:\/\/tvbrazilusa.com\/pt\/wp-json\/wp\/v2\/categories?post=129088"},{"taxonomy":"post_tag","embeddable":true,"href":"https:\/\/tvbrazilusa.com\/pt\/wp-json\/wp\/v2\/tags?post=129088"}],"curies":[{"name":"wp","href":"https:\/\/api.w.org\/{rel}","templated":true}]}}