{"id":129091,"date":"2026-04-06T13:34:00","date_gmt":"2026-04-06T13:34:00","guid":{"rendered":"https:\/\/tvbrazilusa.com\/2026\/04\/06\/peticao-contra-indicado-ao-stf-passa-de-6-mil-assinaturas\/"},"modified":"2026-04-06T13:56:34","modified_gmt":"2026-04-06T13:56:34","slug":"peticao-contra-indicado-ao-stf-passa-de-6-mil-assinaturas","status":"publish","type":"post","link":"https:\/\/tvbrazilusa.com\/pt\/2026\/04\/06\/peticao-contra-indicado-ao-stf-passa-de-6-mil-assinaturas\/","title":{"rendered":"Peti\u00e7\u00e3o contra indicado ao STF passa de 6 mil assinaturas"},"content":{"rendered":"<p> <script async src=\"https:\/\/pagead2.googlesyndication.com\/pagead\/js\/adsbygoogle.js?client=ca-pub-8864793242727901\"\r\n     crossorigin=\"anonymous\"><\/script><br \/>\n<\/p>\n<div id=\"cd-article-content\">\n<p>Um abaixo-assinado contra a indica\u00e7\u00e3o de<strong> <a href=\"https:\/\/claudiodantas.com.br\/tag\/jorge-messias\/\" data-type=\"post_tag\" data-id=\"1866\">Jorge Messias<\/a><\/strong> ao <strong><a href=\"https:\/\/claudiodantas.com.br\/busca\/?s=STF\">Supremo Tribunal Federal (STF)<\/a><\/strong> j\u00e1 re\u00fane mais de 6 mil assinaturas. A iniciativa \u00e9 da entidade <strong><a href=\"https:\/\/fsu.org.br\/\" target=\"_blank\" rel=\"noopener\">Uni\u00e3o pela Liberdade de Express\u00e3o (FSU-BR)<\/a><\/strong> e pede que o <strong><a href=\"https:\/\/www12.senado.leg.br\/hpsenado\" target=\"_blank\" rel=\"noopener\">Senado<\/a><\/strong> rejeite o nome do atual advogado-geral da Uni\u00e3o.<\/p>\n<p><a href=\"https:\/\/whatsapp.com\/channel\/0029VaTFkH2HVvTbkE883x1x\" target=\"_blank\" class=\"whatsapp-channel-message\" rel=\"noopener\">\u2705 Siga o canal do Claudio Dantas no WhatsApp<\/a><\/p>\n<p>Segundo a entidade, a peti\u00e7\u00e3o <em>\u201cMessias n\u00e3o! Rejeitem a indica\u00e7\u00e3o de Jorge Messias ao STF\u201d <\/em> \u00e9 <em>\u201cobjetiva\u201d<\/em>: <em>\u201cO art. 101 da Constitui\u00e7\u00e3o exige, para o cargo, not\u00e1vel saber jur\u00eddico e reputa\u00e7\u00e3o ilibada. A nosso ver, a atua\u00e7\u00e3o p\u00fablica de Jorge Messias, especialmente \u00e0 frente da Advocacia-Geral da Uni\u00e3o, lan\u00e7a s\u00e9rias d\u00favidas sobre a adequa\u00e7\u00e3o de seu nome para uma cadeira na Corte encarregada de guardar a pr\u00f3pria Constitui\u00e7\u00e3o\u201d.<\/em><\/p>\n<p>A FSU-BR cita a cria\u00e7\u00e3o da Procuradoria Nacional da Uni\u00e3o de Defesa da Democracia (PNDD) como um dos pontos de cr\u00edtica ao AGU:<\/p>\n<p><em>\u201cEntre outros epis\u00f3dios, Messias anunciou e impulsionou a cria\u00e7\u00e3o da Procuradoria Nacional da Uni\u00e3o de Defesa da Democracia (PNDD), apresentada como instrumento de \u201cpronta resposta\u201d a medidas de desinforma\u00e7\u00e3o e a supostos ataques \u00e0 efic\u00e1cia de pol\u00edticas p\u00fablicas. Em linguagem menos burocr\u00e1tica: trata-se de um \u201cMinist\u00e9rio da Verdade\u201d, uma estrutura estatal concebida para vigiar, enquadrar e reagir ao debate p\u00fablico sob categorias perigosamente el\u00e1sticas\u201d.<\/em><\/p>\n<p>A entidade tamb\u00e9m menciona atua\u00e7\u00e3o da AGU ap\u00f3s a divulga\u00e7\u00e3o dos \u201cTwitter Files Brasil\u201d. Sob o comando de Messias, o \u00f3rg\u00e3o <em>\u201cacionou o STF ap\u00f3s a divulga\u00e7\u00e3o dos chamados Twitter Files Brasil, s\u00e9rie de reportagens que revelou ordens secretas de censura contra usu\u00e1rios da rede social, pedindo o encaminhamento do caso ao Minist\u00e9rio P\u00fablico Federal para apura\u00e7\u00e3o criminal e afirmando a pretens\u00e3o de ver punidos os \u201cposs\u00edveis respons\u00e1veis\u201d, al\u00e9m de buscar elementos para potencial responsabiliza\u00e7\u00e3o c\u00edvel e administrativa\u201d.<\/em><\/p>\n<p><em>\u201cAinda que a pr\u00f3pria AGU tenha dito n\u00e3o pretender responsabilizar diretamente o jornalista, a iniciativa foi uma rea\u00e7\u00e3o estatal grav\u00edssima contra a divulga\u00e7\u00e3o de material de inequ\u00edvoco interesse p\u00fablico\u201d.<\/em><\/p>\n<div class=\"wp-block-image\">\n<figure class=\"aligncenter size-full\"><\/figure>\n<\/div>\n<p>A entidade tamb\u00e9m mostra que o indicado de Lula (PT) j\u00e1 <em>\u201cdefendeu publicamente uma vis\u00e3o restritiva da liberdade de express\u00e3o\u201d<\/em>:<em> \u201cEm abril de 2024, afirmou que a liberdade de express\u00e3o \u201cn\u00e3o pode ser liberdade de agress\u00e3o\u201d. Em fevereiro de 2025, declarou que \u201cas indeniza\u00e7\u00f5es e a remo\u00e7\u00e3o de conte\u00fado n\u00e3o t\u00eam sido suficientes\u201d para enfrentar a desinforma\u00e7\u00e3o. S\u00e3o formula\u00e7\u00f5es que revelam uma clara inclina\u00e7\u00e3o a ampliar mecanismos de controle sobre o discurso online\u201d.<\/em><\/p>\n<p><em>\u201cAl\u00e9m disso, Messias passou a empregar e legitimar express\u00f5es vagas como \u201cdesordem informacional\u201d. O pr\u00f3prio relator especial para a liberdade de express\u00e3o da Comiss\u00e3o Interamericana de Direitos Humanos, Pedro Vaca Villarreal, registrou preocupa\u00e7\u00e3o com o uso de termos como \u201cdesinforma\u00e7\u00e3o\u201d, \u201cdesordem informacional\u201d e fatos \u201cgravemente descontextualizados\u201d, por n\u00e3o atenderem aos requisitos de legalidade, especificidade e tipicidade. Registrou ainda que o Estado brasileiro n\u00e3o forneceu o marco legal nem os crit\u00e9rios interpretativos solicitados para essa conceitua\u00e7\u00e3o\u201d.<\/em><\/p>\n<p>A FSR finaliza afirmando que, <em>\u201ccom esse hist\u00f3rico, Jorge Messias n\u00e3o re\u00fane o perfil institucional que o Senado deve chancelar para uma vaga no Supremo Tribunal Federal. Os signat\u00e1rios deste abaixo-assinado pedem, respeitosamente, que os senadores exer\u00e7am com rigor seu dever constitucional e rejeitem a indica\u00e7\u00e3o\u201d.<\/em><\/p>\n<p>*Clique <strong><a href=\"https:\/\/www.change.org\/p\/messias-n%C3%A3o-rejeitem-a-indica%C3%A7%C3%A3o-de-jorge-messias-ao-stf\" target=\"_blank\" rel=\"noopener\">aqui<\/a><\/strong> para acessar o abaixo-assinado<\/p>\n<\/div>\n<p><script type=\"b33cbfbf53d781beaceeb298-text\/javascript\">!function(f,b,e,v,n,t,s){if(f.fbq)return;n=f.fbq=function(){n.callMethod?n.callMethod.apply(n,arguments):n.queue.push(arguments)};if(!f._fbq)f._fbq=n;n.push=n;n.loaded=!0;n.version='2.0';n.queue=[];t=b.createElement(e);t.async=!0;t.src=v;s=b.getElementsByTagName(e)[0];s.parentNode.insertBefore(t,s)}(window,document,'script','https:\/\/connect.facebook.net\/en_US\/fbevents.js');fbq('init','1423865622537930');fbq('track','PageView');<\/script><br \/>\n<br \/><br \/>\n<br \/><a href=\"https:\/\/claudiodantas.com.br\/messias-nao-peticao-indicado-stf-assinaturas\/\">Source link <\/a><\/p>","protected":false},"excerpt":{"rendered":"<p>Um abaixo-assinado contra a indica\u00e7\u00e3o de Jorge Messias ao Supremo Tribunal Federal (STF) j\u00e1 re\u00fane mais de 6 mil assinaturas. A iniciativa \u00e9 da entidade Uni\u00e3o pela Liberdade de Express\u00e3o&hellip;<\/p>","protected":false},"author":1,"featured_media":129092,"comment_status":"closed","ping_status":"open","sticky":false,"template":"","format":"standard","meta":{"content-type":"","footnotes":""},"categories":[16],"tags":[],"class_list":["post-129091","post","type-post","status-publish","format-standard","has-post-thumbnail","hentry","category-noticias"],"_links":{"self":[{"href":"https:\/\/tvbrazilusa.com\/pt\/wp-json\/wp\/v2\/posts\/129091","targetHints":{"allow":["GET"]}}],"collection":[{"href":"https:\/\/tvbrazilusa.com\/pt\/wp-json\/wp\/v2\/posts"}],"about":[{"href":"https:\/\/tvbrazilusa.com\/pt\/wp-json\/wp\/v2\/types\/post"}],"author":[{"embeddable":true,"href":"https:\/\/tvbrazilusa.com\/pt\/wp-json\/wp\/v2\/users\/1"}],"replies":[{"embeddable":true,"href":"https:\/\/tvbrazilusa.com\/pt\/wp-json\/wp\/v2\/comments?post=129091"}],"version-history":[{"count":1,"href":"https:\/\/tvbrazilusa.com\/pt\/wp-json\/wp\/v2\/posts\/129091\/revisions"}],"predecessor-version":[{"id":129093,"href":"https:\/\/tvbrazilusa.com\/pt\/wp-json\/wp\/v2\/posts\/129091\/revisions\/129093"}],"wp:featuredmedia":[{"embeddable":true,"href":"https:\/\/tvbrazilusa.com\/pt\/wp-json\/wp\/v2\/media\/129092"}],"wp:attachment":[{"href":"https:\/\/tvbrazilusa.com\/pt\/wp-json\/wp\/v2\/media?parent=129091"}],"wp:term":[{"taxonomy":"category","embeddable":true,"href":"https:\/\/tvbrazilusa.com\/pt\/wp-json\/wp\/v2\/categories?post=129091"},{"taxonomy":"post_tag","embeddable":true,"href":"https:\/\/tvbrazilusa.com\/pt\/wp-json\/wp\/v2\/tags?post=129091"}],"curies":[{"name":"wp","href":"https:\/\/api.w.org\/{rel}","templated":true}]}}