{"id":129097,"date":"2026-04-06T13:50:00","date_gmt":"2026-04-06T13:50:00","guid":{"rendered":"https:\/\/tvbrazilusa.com\/2026\/04\/06\/michelle-publica-video-de-nikolas-apos-criticas-de-eduardo\/"},"modified":"2026-04-06T14:41:48","modified_gmt":"2026-04-06T14:41:48","slug":"michelle-publica-video-de-nikolas-apos-criticas-de-eduardo","status":"publish","type":"post","link":"https:\/\/tvbrazilusa.com\/pt\/2026\/04\/06\/michelle-publica-video-de-nikolas-apos-criticas-de-eduardo\/","title":{"rendered":"Michelle publica v\u00eddeo de Nikolas ap\u00f3s cr\u00edticas de Eduardo"},"content":{"rendered":"<p> <script async src=\"https:\/\/pagead2.googlesyndication.com\/pagead\/js\/adsbygoogle.js?client=ca-pub-8864793242727901\"\r\n     crossorigin=\"anonymous\"><\/script><br \/>\n<\/p>\n<div id=\"cd-article-content\">\n<p>A ex-primeira-dama <strong><a href=\"https:\/\/claudiodantas.com.br\/tag\/michelle-bolsonaro\/\" data-type=\"post_tag\" data-id=\"178\">Michelle Bolsonaro (PL)<\/a><\/strong> publicou no \u00faltimo s\u00e1bado (04) um v\u00eddeo do deputado federal <strong><a href=\"https:\/\/x.com\/nikolas_dm\">Nikolas Ferreira (PL-MG)<\/a><\/strong> nas redes sociais ap\u00f3s o parlamentar ser alvo de cr\u00edticas do ex-deputado federal <strong><a href=\"https:\/\/claudiodantas.com.br\/tag\/eduardo-bolsonaro\/\" data-type=\"post_tag\" data-id=\"2244\">Eduardo Bolsonaro (PL-SP)<\/a><\/strong>.<\/p>\n<p><a href=\"https:\/\/whatsapp.com\/channel\/0029VaTFkH2HVvTbkE883x1x\" target=\"_blank\" class=\"whatsapp-channel-message\" rel=\"noopener\">\u2705 Siga o canal do Claudio Dantas no WhatsApp<\/a><\/p>\n<p>O conte\u00fado n\u00e3o trata diretamente do embate entre integrantes do PL. No Instagram, Michelle compartilhou um v\u00eddeo em que Nikolas comenta uma cena em que Satan\u00e1s aparece no filme \u201cA Paix\u00e3o de Cristo\u201d, de Mel Gibson.<\/p>\n<div class=\"wp-block-image\">\n<figure class=\"aligncenter size-large is-resized\"><\/figure>\n<\/div>\n<p>A publica\u00e7\u00e3o foi feita horas depois do conflito p\u00fablico entre Eduardo e Nikolas no X. As cr\u00edticas come\u00e7aram ainda na sexta (03), quando Eduardo compartilhou um v\u00eddeo do youtuber Kim Paim contra o deputado mineiro. A cr\u00edtica foi motivada por um post de Nikolas envolvendo uma p\u00e1gina cujo dono afirmou que n\u00e3o votar\u00e1 em Fl\u00e1vio Bolsonaro no 1\u00ba turno.<\/p>\n<p>A tens\u00e3o aumentou no dia seguinte. Nikolas respondeu com \u201ckkk\u201d a uma publica\u00e7\u00e3o do cientista pol\u00edtico Silvio Grimaldo, cr\u00edtico da fam\u00edlia Bolsonaro, sobre a cr\u00edtica de Paim.<\/p>\n<p>Eduardo reagiu e respondeu diretamente Nikolas. \u201cRisinho de deboche para mim, @nikolas_dm? Ao que parece, n\u00e3o h\u00e1 limites para seu desrespeito comigo e minha fam\u00edlia. Triste ver essa vers\u00e3o caricata de si mesmo. N\u00e3o \u00e9, nem de longe, o menino que conheci, apoiei e acreditei\u201d, escreveu.<\/p>\n<figure class=\"wp-block-image size-full is-resized\"><img fetchpriority=\"high\" decoding=\"async\" width=\"444\" height=\"558\" src=\"https:\/\/claudiodantas.com.br\/wp-content\/uploads\/2026\/04\/fhfdfd.png\" alt=\"\" class=\"wp-image-93756\" style=\"aspect-ratio:0.7957017894409663;width:798px;height:auto\" srcset=\"https:\/\/claudiodantas.com.br\/wp-content\/uploads\/2026\/04\/fhfdfd.png 444w, https:\/\/claudiodantas.com.br\/wp-content\/uploads\/2026\/04\/fhfdfd-239x300.png 239w\" sizes=\"(max-width: 444px) 100vw, 444px\" onload=\"pagespeed.lazyLoadImages.loadIfVisibleAndMaybeBeacon(this);\" onerror=\"this.onerror=null;pagespeed.lazyLoadImages.loadIfVisibleAndMaybeBeacon(this);\"\/><\/figure>\n<p>Ap\u00f3s o epis\u00f3dio, o senador Fl\u00e1vio Bolsonaro e o presidente do PL, Valdemar Costa Neto, pediram uni\u00e3o no campo pol\u00edtico. \u201cEsse \u00e9 o tipo de confus\u00e3o que n\u00e3o tem vencedor. Todo mundo sai perdendo. Cada um tem os seus motivos, as suas m\u00e1goas, tem o direito de se defender do que acha que \u00e9 agress\u00e3o ou provoca\u00e7\u00e3o do outro, beleza. Mas cada um tem o seu tempo\u201d, afirmou o candidato \u00e0 Presid\u00eancia.<\/p>\n<figure class=\"wp-block-embed is-type-wp-embed is-provider-claudio-dantas wp-block-embed-claudio-dantas\"\/>\n<\/div>\n<p><script type=\"98275d9179336612b8e12251-text\/javascript\">!function(f,b,e,v,n,t,s){if(f.fbq)return;n=f.fbq=function(){n.callMethod?n.callMethod.apply(n,arguments):n.queue.push(arguments)};if(!f._fbq)f._fbq=n;n.push=n;n.loaded=!0;n.version='2.0';n.queue=[];t=b.createElement(e);t.async=!0;t.src=v;s=b.getElementsByTagName(e)[0];s.parentNode.insertBefore(t,s)}(window,document,'script','https:\/\/connect.facebook.net\/en_US\/fbevents.js');fbq('init','1423865622537930');fbq('track','PageView');<\/script><br \/>\n<br \/><br \/>\n<br \/><a href=\"https:\/\/claudiodantas.com.br\/michelle-video-nikolas-criticas-eduardo\/\">Source link <\/a><\/p>","protected":false},"excerpt":{"rendered":"<p>A ex-primeira-dama Michelle Bolsonaro (PL) publicou no \u00faltimo s\u00e1bado (04) um v\u00eddeo do deputado federal Nikolas Ferreira (PL-MG) nas redes sociais ap\u00f3s o parlamentar ser alvo de cr\u00edticas do ex-deputado&hellip;<\/p>","protected":false},"author":1,"featured_media":129098,"comment_status":"closed","ping_status":"open","sticky":false,"template":"","format":"standard","meta":{"content-type":"","footnotes":""},"categories":[16],"tags":[],"class_list":["post-129097","post","type-post","status-publish","format-standard","has-post-thumbnail","hentry","category-noticias"],"_links":{"self":[{"href":"https:\/\/tvbrazilusa.com\/pt\/wp-json\/wp\/v2\/posts\/129097","targetHints":{"allow":["GET"]}}],"collection":[{"href":"https:\/\/tvbrazilusa.com\/pt\/wp-json\/wp\/v2\/posts"}],"about":[{"href":"https:\/\/tvbrazilusa.com\/pt\/wp-json\/wp\/v2\/types\/post"}],"author":[{"embeddable":true,"href":"https:\/\/tvbrazilusa.com\/pt\/wp-json\/wp\/v2\/users\/1"}],"replies":[{"embeddable":true,"href":"https:\/\/tvbrazilusa.com\/pt\/wp-json\/wp\/v2\/comments?post=129097"}],"version-history":[{"count":1,"href":"https:\/\/tvbrazilusa.com\/pt\/wp-json\/wp\/v2\/posts\/129097\/revisions"}],"predecessor-version":[{"id":129099,"href":"https:\/\/tvbrazilusa.com\/pt\/wp-json\/wp\/v2\/posts\/129097\/revisions\/129099"}],"wp:featuredmedia":[{"embeddable":true,"href":"https:\/\/tvbrazilusa.com\/pt\/wp-json\/wp\/v2\/media\/129098"}],"wp:attachment":[{"href":"https:\/\/tvbrazilusa.com\/pt\/wp-json\/wp\/v2\/media?parent=129097"}],"wp:term":[{"taxonomy":"category","embeddable":true,"href":"https:\/\/tvbrazilusa.com\/pt\/wp-json\/wp\/v2\/categories?post=129097"},{"taxonomy":"post_tag","embeddable":true,"href":"https:\/\/tvbrazilusa.com\/pt\/wp-json\/wp\/v2\/tags?post=129097"}],"curies":[{"name":"wp","href":"https:\/\/api.w.org\/{rel}","templated":true}]}}