{"id":129100,"date":"2026-04-06T14:49:00","date_gmt":"2026-04-06T14:49:00","guid":{"rendered":"https:\/\/tvbrazilusa.com\/2026\/04\/06\/desembargador-que-viajou-com-nunes-marques-deu-liminar-a-filho-do-ministro\/"},"modified":"2026-04-06T15:00:29","modified_gmt":"2026-04-06T15:00:29","slug":"desembargador-que-viajou-com-nunes-marques-deu-liminar-a-filho-do-ministro","status":"publish","type":"post","link":"https:\/\/tvbrazilusa.com\/pt\/2026\/04\/06\/desembargador-que-viajou-com-nunes-marques-deu-liminar-a-filho-do-ministro\/","title":{"rendered":"Desembargador que viajou com Nunes Marques deu liminar a filho do ministro"},"content":{"rendered":"<p> <script async src=\"https:\/\/pagead2.googlesyndication.com\/pagead\/js\/adsbygoogle.js?client=ca-pub-8864793242727901\"\r\n     crossorigin=\"anonymous\"><\/script><br \/>\n<\/p>\n<div id=\"cd-article-content\">\n<p>O desembargador do TRF-1 <strong><a href=\"https:\/\/www.trf1.jus.br\/trf1\/desembargadores\/newton-ramos-\" target=\"_blank\" rel=\"noopener\">Newton Ramos<\/a><\/strong> concedeu liminar favor\u00e1vel ao advogado <strong><a href=\"https:\/\/claudiodantas.com.br\/tag\/kevin-de-carvalho-marques\/\" data-type=\"post_tag\" data-id=\"14863\">Kevin de Carvalho Marques<\/a><\/strong>, filho do ministro do Supremo Tribunal Federal (STF) <strong><a href=\"https:\/\/claudiodantas.com.br\/tag\/nunes-marques\/\" data-type=\"post_tag\" data-id=\"164\">Nunes Marques<\/a><\/strong>, 1 m\u00eas ap\u00f3s viajar com o magistrado para Macei\u00f3 (AL) em novembro de 2025. A informa\u00e7\u00e3o \u00e9 do jornal O Estad\u00e3o.<\/p>\n<p><a href=\"https:\/\/whatsapp.com\/channel\/0029VaTFkH2HVvTbkE883x1x\" target=\"_blank\" class=\"whatsapp-channel-message\" rel=\"noopener\">\u2705 Siga o canal do Claudio Dantas no WhatsApp<\/a><\/p>\n<p>Ramos \u00e9 casado com a advogada Camilla Ewerton Ramos, que organizou e custeou o voo at\u00e9 a capital alagoana. Ela atua judicialmente para o Banco Master, de Daniel Vorcaro, em processos no STF.<\/p>\n<p>Segundo o Estad\u00e3o, a advogada afirmou que a contrata\u00e7\u00e3o da aeronave, ligada a empresa de Vorcaro, foi privada, para comemorar seu anivers\u00e1rio com amigos.<\/p>\n<p>Ao Estad\u00e3o, o desembargador disse que o caso \u201cn\u00e3o se enquadra nas hip\u00f3teses legais de impedimento\u201d. O filho de Nunes Marques n\u00e3o se manifestou sobre o caso.<\/p>\n<p>Kevin atuou como advogado em um processo no TRF-1 movido pela Refit contra fiscaliza\u00e7\u00e3o da Ag\u00eancia Nacional do Petr\u00f3leo (ANP), que resultou na interdi\u00e7\u00e3o da unidade. O grupo de Ricardo Magro \u00e9 considerado o maior devedor de ICMS do Estado de S\u00e3o Paulo, o 2\u00ba maior do Rio de Janeiro e um dos maiores da Uni\u00e3o. O empres\u00e1rio \u00e9 acusado de sonegar R$ 26 bilh\u00f5es.<\/p>\n<p>Em dezembro de 2025, a defesa pediu uma liminar para suspender o julgamento. Embora n\u00e3o fosse o relator, Ramos atuou como substituto e concedeu a decis\u00e3o favor\u00e1vel.<\/p>\n<p>A rela\u00e7\u00e3o entre o desembargador e o ministro remonta ao per\u00edodo em que ambos atuavam no TRF-1. Ramos foi juiz auxiliar de Nunes Marques entre 2018 e 2020.<\/p>\n<p>Em 2023, Ramos foi promovido a desembargador com apoio de Nunes Marques nos bastidores, segundo o jornal.<\/p>\n<div class=\"wp-block-image\">\n<figure class=\"aligncenter size-large\"><figcaption class=\"wp-element-caption\"><strong>Foto: Andressa Anholete\/STF<\/strong><\/figcaption><\/figure>\n<\/div>\n<\/div>\n<p><script type=\"50cbaccd97782161d26f31ee-text\/javascript\">!function(f,b,e,v,n,t,s){if(f.fbq)return;n=f.fbq=function(){n.callMethod?n.callMethod.apply(n,arguments):n.queue.push(arguments)};if(!f._fbq)f._fbq=n;n.push=n;n.loaded=!0;n.version='2.0';n.queue=[];t=b.createElement(e);t.async=!0;t.src=v;s=b.getElementsByTagName(e)[0];s.parentNode.insertBefore(t,s)}(window,document,'script','https:\/\/connect.facebook.net\/en_US\/fbevents.js');fbq('init','1423865622537930');fbq('track','PageView');<\/script><br \/>\n<br \/><br \/>\n<br \/><a href=\"https:\/\/claudiodantas.com.br\/desembargador-nunes-marques-liminar-filho\/\">Source link <\/a><\/p>","protected":false},"excerpt":{"rendered":"<p>O desembargador do TRF-1 Newton Ramos concedeu liminar favor\u00e1vel ao advogado Kevin de Carvalho Marques, filho do ministro do Supremo Tribunal Federal (STF) Nunes Marques, 1 m\u00eas ap\u00f3s viajar com&hellip;<\/p>","protected":false},"author":1,"featured_media":129101,"comment_status":"closed","ping_status":"open","sticky":false,"template":"","format":"standard","meta":{"content-type":"","footnotes":""},"categories":[16],"tags":[],"class_list":["post-129100","post","type-post","status-publish","format-standard","has-post-thumbnail","hentry","category-noticias"],"_links":{"self":[{"href":"https:\/\/tvbrazilusa.com\/pt\/wp-json\/wp\/v2\/posts\/129100","targetHints":{"allow":["GET"]}}],"collection":[{"href":"https:\/\/tvbrazilusa.com\/pt\/wp-json\/wp\/v2\/posts"}],"about":[{"href":"https:\/\/tvbrazilusa.com\/pt\/wp-json\/wp\/v2\/types\/post"}],"author":[{"embeddable":true,"href":"https:\/\/tvbrazilusa.com\/pt\/wp-json\/wp\/v2\/users\/1"}],"replies":[{"embeddable":true,"href":"https:\/\/tvbrazilusa.com\/pt\/wp-json\/wp\/v2\/comments?post=129100"}],"version-history":[{"count":1,"href":"https:\/\/tvbrazilusa.com\/pt\/wp-json\/wp\/v2\/posts\/129100\/revisions"}],"predecessor-version":[{"id":129102,"href":"https:\/\/tvbrazilusa.com\/pt\/wp-json\/wp\/v2\/posts\/129100\/revisions\/129102"}],"wp:featuredmedia":[{"embeddable":true,"href":"https:\/\/tvbrazilusa.com\/pt\/wp-json\/wp\/v2\/media\/129101"}],"wp:attachment":[{"href":"https:\/\/tvbrazilusa.com\/pt\/wp-json\/wp\/v2\/media?parent=129100"}],"wp:term":[{"taxonomy":"category","embeddable":true,"href":"https:\/\/tvbrazilusa.com\/pt\/wp-json\/wp\/v2\/categories?post=129100"},{"taxonomy":"post_tag","embeddable":true,"href":"https:\/\/tvbrazilusa.com\/pt\/wp-json\/wp\/v2\/tags?post=129100"}],"curies":[{"name":"wp","href":"https:\/\/api.w.org\/{rel}","templated":true}]}}