{"id":12925,"date":"2024-07-31T04:47:57","date_gmt":"2024-07-31T04:47:57","guid":{"rendered":"https:\/\/tvbrazilusa.com\/2024\/07\/31\/como-orban-da-hungria-usa-o-controle-da-midia-para-escapar-do-escrutinio-e-manter-o-publico-no-escuro\/"},"modified":"2024-07-31T05:18:30","modified_gmt":"2024-07-31T05:18:30","slug":"como-orban-da-hungria-usa-o-controle-da-midia-para-escapar-do-escrutinio-e-manter-o-publico-no-escuro","status":"publish","type":"post","link":"https:\/\/tvbrazilusa.com\/pt\/2024\/07\/31\/como-orban-da-hungria-usa-o-controle-da-midia-para-escapar-do-escrutinio-e-manter-o-publico-no-escuro\/","title":{"rendered":"Como Orb\u00e1n, da Hungria, usa o controle da m\u00eddia para escapar do escrut\u00ednio e manter o p\u00fablico no escuro"},"content":{"rendered":"<script async src=\"https:\/\/pagead2.googlesyndication.com\/pagead\/js\/adsbygoogle.js?client=ca-pub-8864793242727901\"\r\n     crossorigin=\"anonymous\"><\/script>\n<div id=\"\">\n<p class=\"dist__Box-sc-1fnzlkn-0 dist__TextBase-sc-1fnzlkn-3 CGHCP htMUPQ article-text\"><strong>BUDAPESTE<\/strong> \u2013 Nos meses que antecederam as elei\u00e7\u00f5es para o Parlamento Europeu, os h\u00fangaros foram avisados \u200b\u200bde que votar contra o primeiro-ministro Viktor Orb\u00e1n seria um voto a favor de uma guerra total. <\/p>\n<p class=\"dist__Box-sc-1fnzlkn-0 dist__TextBase-sc-1fnzlkn-3 CGHCP htMUPQ article-text\">O partido de direita Fidesz lan\u00e7ou a elei\u00e7\u00e3o de 9 de junho como uma luta existencial, uma que poderia preservar a paz na Europa se Orb\u00e1n vencesse \u2014 ou alimentar a instabilidade generalizada se ele n\u00e3o vencesse. Para vender essa afirma\u00e7\u00e3o ousada, Orb\u00e1n usou um imp\u00e9rio de m\u00eddia pr\u00f3-governo em expans\u00e3o que dominou o discurso pol\u00edtico do pa\u00eds por mais de uma d\u00e9cada. <\/p>\n<p class=\"dist__Box-sc-1fnzlkn-0 dist__TextBase-sc-1fnzlkn-3 CGHCP htMUPQ article-text\">A t\u00e1tica funcionou, como tem funcionado desde que Orb\u00e1n retornou ao poder em 2010, e seu partido ficou em primeiro lugar nas elei\u00e7\u00f5es \u2014 embora n\u00e3o pelas margens a que estava acostumado. Um partido emergente, liderado por um antigo membro do Fidesz, atraiu eleitores descontentes e levou 29% dos votos contra 44% do Fidesz.<\/p>\n<p class=\"dist__Box-sc-1fnzlkn-0 dist__TextBase-sc-1fnzlkn-3 CGHCP htMUPQ article-text\">\u201cTudo desmoronou na Hungria. O estado essencialmente n\u00e3o funciona, s\u00f3 h\u00e1 propaganda e mentiras\u201d, disse P\u00e9ter Magyar, o l\u00edder daquele novo partido que surgiu nos \u00faltimos meses como talvez o <a href=\"https:\/\/apnews.com\/article\/hungary-orban-eu-election-magyar-fidesz-russia-f53cd35e52a9f91c34b00d8dd6f85694\">o desafio mais formid\u00e1vel at\u00e9 agora ao governo de Orb\u00e1n<\/a>.<\/p>\n<p class=\"dist__Box-sc-1fnzlkn-0 dist__TextBase-sc-1fnzlkn-3 CGHCP htMUPQ article-text\">O partido Respeito e Liberdade (TISZA) de Magyar fez campanha com promessas de erradicar a corrup\u00e7\u00e3o profundamente enraizada no governo. Ele tamb\u00e9m foi franco sobre o que v\u00ea como o dano que a \u201cf\u00e1brica de propaganda\u201d de Orb\u00e1n causou \u00e0 democracia da Hungria. <\/p>\n<p class=\"dist__Box-sc-1fnzlkn-0 dist__TextBase-sc-1fnzlkn-3 CGHCP htMUPQ article-text\">\u201cPode ser muito dif\u00edcil imaginar da Am\u00e9rica ou da Europa Ocidental como \u00e9 a propaganda e a m\u00e1quina estatal aqui\u201d, disse Magyar em uma entrevista antes das elei\u00e7\u00f5es com a The Associated Press. \u201cEssa realidade paralela \u00e9 como o Show de Truman. As pessoas acreditam que \u00e9 realidade.\u201d<\/p>\n<p class=\"dist__Box-sc-1fnzlkn-0 dist__TextBase-sc-1fnzlkn-3 CGHCP htMUPQ article-text\">Desde 2010, o governo de Orb\u00e1n promove a hostilidade aos migrantes e aos direitos LGBTQ+, a desconfian\u00e7a na Uni\u00e3o Europeia e a cren\u00e7a de que o financista h\u00fangaro-americano George Soros \u2014 que \u00e9 judeu e um dos <a href=\"https:\/\/apnews.com\/article\/immigration-hungary-europe-george-soros-viktor-orban-bc4c15a32cd520f3fc3e5b4b395f811a\">Os inimigos duradouros de Orb\u00e1n<\/a> \u2014 est\u00e1 envolvido em conspira\u00e7\u00f5es secretas para desestabilizar a Hungria, um cl\u00e1ssico tropo antissemita. <\/p>\n<p class=\"dist__Box-sc-1fnzlkn-0 dist__TextBase-sc-1fnzlkn-3 CGHCP htMUPQ article-text\">Essa mensagem rendeu ao partido de Orb\u00e1n quatro maiorias consecutivas de dois ter\u00e7os no parlamento e, mais recentemente, o maior n\u00famero de delegados h\u00fangaros na legislatura da UE.<\/p>\n<p class=\"dist__Box-sc-1fnzlkn-0 dist__TextBase-sc-1fnzlkn-3 CGHCP htMUPQ article-text\">Mas, de acordo com P\u00e9ter Krek\u00f3, analista e chefe do think tank Political Capital em Budapeste, Orb\u00e1n criou \u201cum ambiente quase orwelliano\u201d, onde o governo usa o controle da maioria dos ve\u00edculos de not\u00edcias como arma para limitar as decis\u00f5es dos h\u00fangaros.<\/p>\n<p class=\"dist__Box-sc-1fnzlkn-0 dist__TextBase-sc-1fnzlkn-3 CGHCP htMUPQ article-text\">\u201cA Hungria se tornou uma autocracia informacional bastante bem-sucedida, ou ditadura de manipula\u00e7\u00e3o\u201d, disse Krek\u00f3.<\/p>\n<p class=\"dist__Box-sc-1fnzlkn-0 dist__TextBase-sc-1fnzlkn-3 CGHCP htMUPQ article-text\">A restri\u00e7\u00e3o da imprensa livre da Hungria afeta diretamente a participa\u00e7\u00e3o democr\u00e1tica informada. Pol\u00edticos da oposi\u00e7\u00e3o reclamam h\u00e1 muito tempo que s\u00f3 t\u00eam cinco minutos de tempo de antena a cada quatro anos na televis\u00e3o p\u00fablica, o m\u00ednimo legal, para apresentar suas plataformas antes das elei\u00e7\u00f5es.<\/p>\n<p class=\"dist__Box-sc-1fnzlkn-0 dist__TextBase-sc-1fnzlkn-3 CGHCP htMUPQ article-text\">Em contraste, canais p\u00fablicos de televis\u00e3o e r\u00e1dio ecoam consistentemente pontos de discuss\u00e3o comunicados tanto pelo Fidesz quanto por uma rede de think tanks e pesquisadores que recebem financiamento do governo e do partido. Seus analistas aparecem rotineiramente na m\u00eddia afiliada para refor\u00e7ar narrativas do governo, enquanto comentaristas independentes raramente, ou nunca, aparecem. <\/p>\n<p class=\"dist__Box-sc-1fnzlkn-0 dist__TextBase-sc-1fnzlkn-3 CGHCP htMUPQ article-text\">Durante a campanha em maio, a comiss\u00e3o eleitoral da Hungria emitiu um aviso \u00e0 emissora p\u00fablica por exibir repetidamente v\u00eddeos da campanha do Fidesz durante segmentos de not\u00edcias, uma viola\u00e7\u00e3o das regras de imparcialidade. A emissora continuou, apesar de tudo. <\/p>\n<p class=\"dist__Box-sc-1fnzlkn-0 dist__TextBase-sc-1fnzlkn-3 CGHCP htMUPQ article-text\">Magyar, que conquistou uma cadeira no Parlamento Europeu, credita o sucesso de seu novo partido, em parte, \u00e0 sua capacidade de contornar o dom\u00ednio de Orb\u00e1n, reunindo-se diretamente com os eleitores e conquistando um grande n\u00famero de seguidores nas redes sociais. <\/p>\n<p class=\"dist__Box-sc-1fnzlkn-0 dist__TextBase-sc-1fnzlkn-3 CGHCP htMUPQ article-text\">Mas na Hungria, que \u00e9 predominantemente rural, mesmo aqueles com uma forte presen\u00e7a online t\u00eam dificuldade para competir com o controle do Fidesz sobre os meios de comunica\u00e7\u00e3o tradicionais. <\/p>\n<p class=\"dist__Box-sc-1fnzlkn-0 dist__TextBase-sc-1fnzlkn-3 CGHCP htMUPQ article-text\">De acordo com o \u00f3rg\u00e3o de vigil\u00e2ncia da imprensa Rep\u00f3rteres Sem Fronteiras, Orb\u00e1n usou aquisi\u00e7\u00f5es de m\u00eddia por \u201coligarcas\u201d conectados ao governo para construir \u201cum verdadeiro imp\u00e9rio de m\u00eddia sujeito \u00e0s ordens de seu partido\u201d. O grupo estima que tais aquisi\u00e7\u00f5es deram ao partido de Orb\u00e1n o controle de cerca de 80% dos recursos do mercado de m\u00eddia da Hungria. Em 2021, ele colocou Orb\u00e1n em sua lista de \u201cpredadores\u201d da m\u00eddia, o primeiro l\u00edder da UE a ganhar a distin\u00e7\u00e3o. <\/p>\n<p class=\"dist__Box-sc-1fnzlkn-0 dist__TextBase-sc-1fnzlkn-3 CGHCP htMUPQ article-text\">O t\u00edtulo n\u00e3o surgiu do nada: em 2016, o jornal di\u00e1rio mais antigo da Hungria era <a href=\"https:\/\/apnews.com\/806c31be65674146904176b33a1483e1\">de repente fechado<\/a> depois de ter sido comprado por um empres\u00e1rio com liga\u00e7\u00f5es a Orb\u00e1n. Em 2018, cerca de 500 ve\u00edculos pr\u00f3-governo foram <a href=\"https:\/\/apnews.com\/article\/39028d9c44b64e08a6609b60a8bf7a13\">doado simultaneamente<\/a> por seus donos para uma funda\u00e7\u00e3o liderada por partid\u00e1rios de Orb\u00e1n, criando um conglomerado de m\u00eddia de direita em expans\u00e3o. E em 2020, quase toda a equipe do maior portal de not\u00edcias online da Hungria, Index, <a href=\"https:\/\/apnews.com\/b78956ce48f9de6af1fcb7587add23b1\">renunciou em massa<\/a> depois que seu editor-chefe foi demitido por press\u00e3o pol\u00edtica. <\/p>\n<p class=\"dist__Box-sc-1fnzlkn-0 dist__TextBase-sc-1fnzlkn-3 CGHCP htMUPQ article-text\">Uma rede de jornalistas independentes e ve\u00edculos on-line que continuam funcionando na Hungria luta para permanecer competitiva, disse G\u00e1bor Poly\u00e1k, chefe do Departamento de M\u00eddia e Comunica\u00e7\u00e3o da Universidade E\u00f6tv\u00f6s Lor\u00e1nd, em Budapeste.<\/p>\n<p class=\"dist__Box-sc-1fnzlkn-0 dist__TextBase-sc-1fnzlkn-3 CGHCP htMUPQ article-text\">O governo \u00e9 o maior anunciante da Hungria, ele disse. Um estudo do \u00f3rg\u00e3o de fiscaliza\u00e7\u00e3o M\u00e9rt\u00e9k Media Monitor mostrou que at\u00e9 90% da receita de publicidade do estado \u00e9 concedida a ve\u00edculos de m\u00eddia pr\u00f3-Fidesz, mantendo-os \u00e0 tona. <\/p>\n<p class=\"dist__Box-sc-1fnzlkn-0 dist__TextBase-sc-1fnzlkn-3 CGHCP htMUPQ article-text\">Os esfor\u00e7os do governo para controlar a m\u00eddia foram al\u00e9m da televis\u00e3o, do r\u00e1dio e dos jornais, passando a incluir postagens em m\u00eddias sociais impulsionadas por an\u00fancios pagos.<\/p>\n<p class=\"dist__Box-sc-1fnzlkn-0 dist__TextBase-sc-1fnzlkn-3 CGHCP htMUPQ article-text\">A Hungria foi o pa\u00eds que mais gastou em todos os 27 membros da UE \u2014 quase US$ 4,8 milh\u00f5es \u2014 em an\u00fancios pol\u00edticos em plataformas de propriedade da empresa controladora do Facebook, a Meta, em um per\u00edodo de 30 dias em maio e junho, superando a Alemanha, que tem mais de oito vezes a popula\u00e7\u00e3o, de acordo com um relat\u00f3rio recente baseado em dados dispon\u00edveis publicamente compilados pelo Political Capital, M\u00e9rt\u00e9k Media Monitor e pelo site de verifica\u00e7\u00e3o de fatos Lakmusz. <\/p>\n<p class=\"dist__Box-sc-1fnzlkn-0 dist__TextBase-sc-1fnzlkn-3 CGHCP htMUPQ article-text\">A grande maioria desses gastos veio do Fidesz ou de seus representantes, segundo o relat\u00f3rio. <\/p>\n<p class=\"dist__Box-sc-1fnzlkn-0 dist__TextBase-sc-1fnzlkn-3 CGHCP htMUPQ article-text\">Um grande gastador \u00e9 o Megafon, um centro de treinamento autodeclarado para aspirantes a influenciadores conservadores. No mesmo per\u00edodo de 30 dias, o grupo gastou US$ 800.000 para impulsionar seu conte\u00fado pr\u00f3-governo nas plataformas Meta, mais do que o gasto total de 16 pa\u00edses da UE no mesmo per\u00edodo.<\/p>\n<p class=\"dist__Box-sc-1fnzlkn-0 dist__TextBase-sc-1fnzlkn-3 CGHCP htMUPQ article-text\">Com narrativas governamentais t\u00e3o difundidas em todos os meios, surgiu um n\u00edvel de polariza\u00e7\u00e3o pol\u00edtica que pode atingir profundamente as vidas privadas dos h\u00fangaros. Nos \u00faltimos anos, as vis\u00f5es de Andrea Simon, uma empreendedora de 55 anos de um sub\u00farbio de Budapeste, e seu marido Attila Koh\u00e1ri come\u00e7aram a se distanciar \u2014 alimentadas, de acordo com Simon, pela dieta constante de m\u00eddia pr\u00f3-governo de Koh\u00e1ri.<\/p>\n<p class=\"dist__Box-sc-1fnzlkn-0 dist__TextBase-sc-1fnzlkn-3 CGHCP htMUPQ article-text\">\u201cEle ouvia essas esta\u00e7\u00f5es de r\u00e1dio onde eles empurravam esses pontos de conversa simples, isso mudou completamente sua personalidade\u201d, disse Simon. \u201c\u00c0s vezes eu sentia que ele tinha sido sequestrado, e seu c\u00e9rebro foi substitu\u00eddo por um c\u00e9rebro Fidesz.\u201d<\/p>\n<p class=\"dist__Box-sc-1fnzlkn-0 dist__TextBase-sc-1fnzlkn-3 CGHCP htMUPQ article-text\">Em dezembro, ap\u00f3s 33 anos de casamento, eles concordaram em se divorciar.<\/p>\n<p class=\"dist__Box-sc-1fnzlkn-0 dist__TextBase-sc-1fnzlkn-3 CGHCP htMUPQ article-text\">\u201cEu disse a ele v\u00e1rias vezes, &#39;Voc\u00ea tem que escolher: eu ou Fidesz&#39;\u201d, ela disse. \u201cEle disse Fidesz.\u201d<\/p>\n<p class=\"dist__Box-sc-1fnzlkn-0 dist__TextBase-sc-1fnzlkn-3 CGHCP htMUPQ article-text\">Ainda assim, como muitos h\u00fangaros que se apegam aos valores tradicionais em um mundo em mudan\u00e7a, Koh\u00e1ri continua sendo um fiel apoiador de Orb\u00e1n e suas pol\u00edticas, apesar do custo pessoal. <\/p>\n<p class=\"dist__Box-sc-1fnzlkn-0 dist__TextBase-sc-1fnzlkn-3 CGHCP htMUPQ article-text\">Seu amor por seu pa\u00eds e a cren\u00e7a de que Orb\u00e1n levou a Hungria na dire\u00e7\u00e3o certa o deixaram &#8220;claramente convencido de que minha posi\u00e7\u00e3o \u00e9 a correta&#8221;, ele disse. &#8220;Mas isso arruinou meu casamento.&#8221;<\/p>\n<p class=\"dist__Box-sc-1fnzlkn-0 dist__TextBase-sc-1fnzlkn-3 CGHCP htMUPQ article-text\">A divis\u00e3o da m\u00eddia tamb\u00e9m tem consequ\u00eancias para as finan\u00e7as da Hungria, diz o parlamentar independente \u00c1kos Hadh\u00e1zy, que descobriu dezenas de casos suspeitos de corrup\u00e7\u00e3o envolvendo fundos da UE.<\/p>\n<p class=\"dist__Box-sc-1fnzlkn-0 dist__TextBase-sc-1fnzlkn-3 CGHCP htMUPQ article-text\">Tais abusos, disse ele, passam despercebidos porque a maioria dos eleitores n\u00e3o tem conhecimento deles.<\/p>\n<p class=\"dist__Box-sc-1fnzlkn-0 dist__TextBase-sc-1fnzlkn-3 CGHCP htMUPQ article-text\">\u201cSeguindo o modelo russo, (o governo) controla a m\u00eddia estatal manualmente e gasta cerca de 50 bilh\u00f5es de forints (US$ 135 milh\u00f5es) por ano em an\u00fancios&#8230; que sustentam suas pr\u00f3prias redes de TV e sites\u201d, disse ele. \u201cAs pessoas que consomem essa m\u00eddia simplesmente n\u00e3o ouvem sobre essas coisas.\u201d <\/p>\n<p class=\"dist__Box-sc-1fnzlkn-0 dist__TextBase-sc-1fnzlkn-3 CGHCP htMUPQ article-text\">Em um dia recente em Mez\u0151cs\u00e1t, uma pequena vila na Grande Plan\u00edcie H\u00fangara, Hadh\u00e1zy inspecionou o local de um parque industrial que foi constru\u00eddo com 290 milh\u00f5es de euros (US$ 310 milh\u00f5es) em fundos da UE. O problema, ele disse, \u00e9 que desde que o local foi conclu\u00eddo em 2017, ele nunca esteve ativo, e o dinheiro usado para constru\u00ed-lo desapareceu.<\/p>\n<p class=\"dist__Box-sc-1fnzlkn-0 dist__TextBase-sc-1fnzlkn-3 CGHCP htMUPQ article-text\">Hadh\u00e1zy disse que os h\u00fangaros \u201cque buscam conscientemente as not\u00edcias reais ouvem sobre esses casos e n\u00e3o entendem como \u00e9 poss\u00edvel que n\u00e3o haja consequ\u00eancias quando apresento essas coisas quase diariamente\u201d. <\/p>\n<p class=\"dist__Box-sc-1fnzlkn-0 dist__TextBase-sc-1fnzlkn-3 CGHCP htMUPQ article-text\">Ele continuou: \u201cMas n\u00e3o \u00e9 importante para o governo que ningu\u00e9m ou\u00e7a sobre eles, \u00e9 importante que mais pessoas ou\u00e7am suas mentiras, e \u00e9 assim que \u00e9 agora. Muito mais pessoas ouvem suas mensagens do que os fatos.\u201d<\/p>\n<\/div>\n<p>Copyright 2024 The Associated Press. Todos os direitos reservados. Este material n\u00e3o pode ser publicado, transmitido, reescrito ou redistribu\u00eddo sem permiss\u00e3o.<\/p>\n<p><br \/>\n<br \/><a href=\"https:\/\/www.clickorlando.com\/news\/world\/2024\/07\/31\/how-hungarys-orban-uses-control-of-the-media-to-escape-scrutiny-and-keep-the-public-in-the-dark\/\">Source link <\/a><\/p>","protected":false},"excerpt":{"rendered":"<p>BUDAPESTE \u2013 Nos meses que antecederam as elei\u00e7\u00f5es para o Parlamento Europeu, os h\u00fangaros foram avisados \u200b\u200bde que votar contra o primeiro-ministro Viktor Orb\u00e1n seria um voto a favor de&hellip;<\/p>","protected":false},"author":1,"featured_media":12926,"comment_status":"closed","ping_status":"open","sticky":false,"template":"","format":"standard","meta":{"content-type":"","footnotes":""},"categories":[1],"tags":[1408,4897,1223,1419,4896],"class_list":["post-12925","post","type-post","status-publish","format-standard","has-post-thumbnail","hentry","category-uncategorized","tag-eleicoes","tag-george-soros","tag-negocios","tag-noticias-do-mundo","tag-viktor-orban"],"_links":{"self":[{"href":"https:\/\/tvbrazilusa.com\/pt\/wp-json\/wp\/v2\/posts\/12925","targetHints":{"allow":["GET"]}}],"collection":[{"href":"https:\/\/tvbrazilusa.com\/pt\/wp-json\/wp\/v2\/posts"}],"about":[{"href":"https:\/\/tvbrazilusa.com\/pt\/wp-json\/wp\/v2\/types\/post"}],"author":[{"embeddable":true,"href":"https:\/\/tvbrazilusa.com\/pt\/wp-json\/wp\/v2\/users\/1"}],"replies":[{"embeddable":true,"href":"https:\/\/tvbrazilusa.com\/pt\/wp-json\/wp\/v2\/comments?post=12925"}],"version-history":[{"count":1,"href":"https:\/\/tvbrazilusa.com\/pt\/wp-json\/wp\/v2\/posts\/12925\/revisions"}],"predecessor-version":[{"id":12927,"href":"https:\/\/tvbrazilusa.com\/pt\/wp-json\/wp\/v2\/posts\/12925\/revisions\/12927"}],"wp:featuredmedia":[{"embeddable":true,"href":"https:\/\/tvbrazilusa.com\/pt\/wp-json\/wp\/v2\/media\/12926"}],"wp:attachment":[{"href":"https:\/\/tvbrazilusa.com\/pt\/wp-json\/wp\/v2\/media?parent=12925"}],"wp:term":[{"taxonomy":"category","embeddable":true,"href":"https:\/\/tvbrazilusa.com\/pt\/wp-json\/wp\/v2\/categories?post=12925"},{"taxonomy":"post_tag","embeddable":true,"href":"https:\/\/tvbrazilusa.com\/pt\/wp-json\/wp\/v2\/tags?post=12925"}],"curies":[{"name":"wp","href":"https:\/\/api.w.org\/{rel}","templated":true}]}}