{"id":129266,"date":"2026-04-08T21:54:04","date_gmt":"2026-04-08T21:54:04","guid":{"rendered":"https:\/\/tvbrazilusa.com\/2026\/04\/08\/moraes-manda-para-julgamento-acao-que-limita-uso-da-delacao-premiada-em-meio-a-negociacao-com-vorcaro-paulo-figueiredo\/"},"modified":"2026-04-08T21:55:27","modified_gmt":"2026-04-08T21:55:27","slug":"moraes-manda-para-julgamento-acao-que-limita-uso-da-delacao-premiada-em-meio-a-negociacao-com-vorcaro-paulo-figueiredo","status":"publish","type":"post","link":"https:\/\/tvbrazilusa.com\/pt\/2026\/04\/08\/moraes-manda-para-julgamento-acao-que-limita-uso-da-delacao-premiada-em-meio-a-negociacao-com-vorcaro-paulo-figueiredo\/","title":{"rendered":"Moraes manda para julgamento a\u00e7\u00e3o que limita uso da dela\u00e7\u00e3o premiada em meio \u00e0 negocia\u00e7\u00e3o com Vorcaro &#8211; Paulo Figueiredo"},"content":{"rendered":"<p> <script async src=\"https:\/\/pagead2.googlesyndication.com\/pagead\/js\/adsbygoogle.js?client=ca-pub-8864793242727901\"\r\n     crossorigin=\"anonymous\"><\/script><br \/>\n<\/p>\n<div id=\"wtr-content\" data-bg=\"#FFFFFF\" data-fg=\"#006d91\" data-width=\"25\" data-mute=\"1\" data-fgopacity=\"1.00\" data-mutedopacity=\"0.5\" data-placement=\"bottom\" data-placement-offset=\"0\" data-content-offset=\"262\" data-placement-touch=\"bottom\" data-placement-offset-touch=\"0\" data-transparent=\"\" data-shadow=\"0\" data-touch=\"1\" data-non-touch=\"1\" data-comments=\"0\" data-commentsbg=\"transparent\" data-location=\"page\" data-mutedfg=\"#006d91\" data-endfg=\"#006d91\" data-rtl=\"\">\n<p>O ministro Alexandre de Moraes, do Supremo Tribunal Federal (STF), liberou para julgamento uma antiga a\u00e7\u00e3o apresentada pelo PT que discute limites para o uso da dela\u00e7\u00e3o premiada no Brasil. O caso, que estava parado desde o ano passado, volta \u00e0 pauta em meio \u00e0s negocia\u00e7\u00f5es de um acordo de colabora\u00e7\u00e3o do banqueiro Daniel Vorcaro, dono do Banco Master, que tem o magistrado e o colega Dias Toffoli entre as altas autoridades citadas nas investiga\u00e7\u00f5es.<\/p>\n<p>No caso de Moraes, apura\u00e7\u00f5es apontam que sua esposa, Viviane Barci, teve\u00a0seu escrit\u00f3rio de advocacia contratado por Vorcaro por R$ 129 milh\u00f5es, e que\u00a0efetivamente recebeu R$ 80 milh\u00f5es\u00a0por servi\u00e7os prestados.<\/p>\n<p>A a\u00e7\u00e3o tem Moraes como relator e, ap\u00f3s mais de dois anos sem decis\u00f5es relevantes, encaminhou na segunda-feira (6) o processo para an\u00e1lise do plen\u00e1rio. O pedido do PT foi protocolado em dezembro de 2021 e buscava restringir e definir crit\u00e9rios mais claros para a aplica\u00e7\u00e3o da dela\u00e7\u00e3o premiada em processos criminais.<\/p>\n<p>Agora, caber\u00e1 ao presidente do STF, Edson Fachin, definir a data do julgamento que poder\u00e1 redefinir os limites da dela\u00e7\u00e3o premiada no pa\u00eds.<\/p>\n<p>Logo no in\u00edcio da tramita\u00e7\u00e3o, o ministro determinou a oitiva de autoridades e institui\u00e7\u00f5es, incluindo o ent\u00e3o presidente\u00a0Jair Bolsonaro\u00a0(PL), o Congresso Nacional, a Advocacia-Geral da Uni\u00e3o (AGU) e a Procuradoria-Geral da Rep\u00fablica (PGR). A medida visava reunir posicionamentos oficiais sobre a legalidade e os limites dos acordos de dela\u00e7\u00e3o premiada.<\/p>\n<p>Em parecer enviado ao STF em junho de 2022, a PGR se manifestou contra o prosseguimento da a\u00e7\u00e3o, argumentando que j\u00e1 existiam instrumentos jur\u00eddicos adequados para tratar do tema.<\/p>\n<p>\u201cN\u00e3o h\u00e1 d\u00favida de que a \u2018dela\u00e7\u00e3o venal\u2019, ou seja, quando o delator colabora com a persecu\u00e7\u00e3o criminal sob promessa de recompensa de terceiro, afeta a voluntariedade do agente, mas essa circunst\u00e2ncia carece de prova\u201d, escreveu o ent\u00e3o procurador-geral da Rep\u00fablica, Augusto Aras.<\/p>\n<p>Aras tamb\u00e9m destacou que \u201capenas as circunst\u00e2ncias do caso concreto, portanto, \u00e9 que podem demonstrar se a conduta do agente tratou ou n\u00e3o de dela\u00e7\u00e3o venal\u201d, refor\u00e7ando que a an\u00e1lise deve ser feita caso a caso.<\/p>\n<p>\u201cEmbora leg\u00edtimo o interesse em apaziguar, desde logo, todas as quest\u00f5es acerca de recente instituto jur\u00eddico, n\u00e3o cabe ao Supremo Tribunal Federal antecipar, na via do controle abstrato de constitucionalidade, ju\u00edzo sobre todas as hip\u00f3teses de aplica\u00e7\u00e3o da lei\u201d, escreveu.<\/p>\n<h4 class=\"wp-block-heading\">Andamento da dela\u00e7\u00e3o<\/h4>\n<p>Segundo fontes, Vorcaro tem se reunido quase que diariamente com seus advogados para\u00a0costurar a proposta de dela\u00e7\u00e3o premiada\u00a0que ser\u00e1 apresentada \u00e0 Pol\u00edcia Federal e \u00e0 Procuradoria-Geral da Rep\u00fablica (PGR) sobre o suposto esquema de fraudes financeiras que\u00a0j\u00e1 \u00e9 apontado como o maior na hist\u00f3ria do pa\u00eds.<\/p>\n<p>As investiga\u00e7\u00f5es come\u00e7aram com a apura\u00e7\u00e3o da\u00a0venda de R$ 12 bilh\u00f5es em carteiras de cr\u00e9dito sem lastro\u00a0do Banco Master ao Banco de Bras\u00edlia (BRB), e que se desdobrou em uma ampla rede de influ\u00eancia por interesses pessoais de Vorcaro com altas autoridades dos Tr\u00eas Poderes da Rep\u00fablica.<\/p>\n<p>H\u00e1 a expectativa de que os primeiros depoimentos sejam prestados entre o final do m\u00eas de abril e meados de maio, com a revela\u00e7\u00e3o de mais nomes de envolvidos na teia do empres\u00e1rio. Pelo menos\u00a0oito telefones celulares do banqueiro est\u00e3o sob a per\u00edcia da Pol\u00edcia Federal, com um conte\u00fado visto com medo e apreens\u00e3o principalmente por parlamentares e pela Corte.<\/p>\n<p><strong><a href=\"https:\/\/www.gazetadopovo.com.br\/republica\/moraes-manda-julgamento-acao-limita-uso-delacao-premiada\/\">Cr\u00e9dito Gazeta do Povo<\/a><\/strong><\/p>\n<\/div>\n<p><br \/>\n<br \/><a href=\"https:\/\/paulofigueiredoshow.com\/moraes-manda-para-julgamento-acao-que-limita-uso-da-delacao-premiada-em-meio-a-negociacao-com-vorcaro\/\">Source link <\/a><\/p>","protected":false},"excerpt":{"rendered":"<p>O ministro Alexandre de Moraes, do Supremo Tribunal Federal (STF), liberou para julgamento uma antiga a\u00e7\u00e3o apresentada pelo PT que discute limites para o uso da dela\u00e7\u00e3o premiada no Brasil.&hellip;<\/p>","protected":false},"author":1,"featured_media":129267,"comment_status":"closed","ping_status":"open","sticky":false,"template":"","format":"standard","meta":{"content-type":"","footnotes":""},"categories":[16],"tags":[],"class_list":["post-129266","post","type-post","status-publish","format-standard","has-post-thumbnail","hentry","category-noticias"],"_links":{"self":[{"href":"https:\/\/tvbrazilusa.com\/pt\/wp-json\/wp\/v2\/posts\/129266","targetHints":{"allow":["GET"]}}],"collection":[{"href":"https:\/\/tvbrazilusa.com\/pt\/wp-json\/wp\/v2\/posts"}],"about":[{"href":"https:\/\/tvbrazilusa.com\/pt\/wp-json\/wp\/v2\/types\/post"}],"author":[{"embeddable":true,"href":"https:\/\/tvbrazilusa.com\/pt\/wp-json\/wp\/v2\/users\/1"}],"replies":[{"embeddable":true,"href":"https:\/\/tvbrazilusa.com\/pt\/wp-json\/wp\/v2\/comments?post=129266"}],"version-history":[{"count":1,"href":"https:\/\/tvbrazilusa.com\/pt\/wp-json\/wp\/v2\/posts\/129266\/revisions"}],"predecessor-version":[{"id":129268,"href":"https:\/\/tvbrazilusa.com\/pt\/wp-json\/wp\/v2\/posts\/129266\/revisions\/129268"}],"wp:featuredmedia":[{"embeddable":true,"href":"https:\/\/tvbrazilusa.com\/pt\/wp-json\/wp\/v2\/media\/129267"}],"wp:attachment":[{"href":"https:\/\/tvbrazilusa.com\/pt\/wp-json\/wp\/v2\/media?parent=129266"}],"wp:term":[{"taxonomy":"category","embeddable":true,"href":"https:\/\/tvbrazilusa.com\/pt\/wp-json\/wp\/v2\/categories?post=129266"},{"taxonomy":"post_tag","embeddable":true,"href":"https:\/\/tvbrazilusa.com\/pt\/wp-json\/wp\/v2\/tags?post=129266"}],"curies":[{"name":"wp","href":"https:\/\/api.w.org\/{rel}","templated":true}]}}