{"id":129269,"date":"2026-04-08T21:47:48","date_gmt":"2026-04-08T21:47:48","guid":{"rendered":"https:\/\/tvbrazilusa.com\/2026\/04\/08\/mendonca-diz-a-aliados-nao-garantir-homologacao-de-delacao-de-vorcaro-paulo-figueiredo\/"},"modified":"2026-04-08T22:01:23","modified_gmt":"2026-04-08T22:01:23","slug":"mendonca-diz-a-aliados-nao-garantir-homologacao-de-delacao-de-vorcaro-paulo-figueiredo","status":"publish","type":"post","link":"https:\/\/tvbrazilusa.com\/pt\/2026\/04\/08\/mendonca-diz-a-aliados-nao-garantir-homologacao-de-delacao-de-vorcaro-paulo-figueiredo\/","title":{"rendered":"Mendon\u00e7a diz a aliados n\u00e3o garantir homologa\u00e7\u00e3o de dela\u00e7\u00e3o de Vorcaro &#8211; Paulo Figueiredo"},"content":{"rendered":"<p> <script async src=\"https:\/\/pagead2.googlesyndication.com\/pagead\/js\/adsbygoogle.js?client=ca-pub-8864793242727901\"\r\n     crossorigin=\"anonymous\"><\/script><br \/>\n<\/p>\n<div id=\"wtr-content\" data-bg=\"#FFFFFF\" data-fg=\"#006d91\" data-width=\"25\" data-mute=\"1\" data-fgopacity=\"1.00\" data-mutedopacity=\"0.5\" data-placement=\"bottom\" data-placement-offset=\"0\" data-content-offset=\"262\" data-placement-touch=\"bottom\" data-placement-offset-touch=\"0\" data-transparent=\"\" data-shadow=\"0\" data-touch=\"1\" data-non-touch=\"1\" data-comments=\"0\" data-commentsbg=\"transparent\" data-location=\"page\" data-mutedfg=\"#006d91\" data-endfg=\"#006d91\" data-rtl=\"\">\n<h4 class=\"wp-block-heading\">D\u00favida \u00e9 se banqueiro trar\u00e1 fatos novos em rela\u00e7\u00e3o ao que a PF levantar<\/h4>\n<p>O ministro do Supremo Tribunal Federal Andr\u00e9 Mendon\u00e7a disse a interlocutores n\u00e3o garantir que ir\u00e1 homologar automaticamente a dela\u00e7\u00e3o premiada do banqueiro Daniel Vorcaro quando ela lhe for entregue.<\/p>\n<p>O plano relatado pelo ministro a aliados \u00e9 o de comparar a proposta de dela\u00e7\u00e3o de Vorcaro com os achados da Pol\u00edcia Federal nas investiga\u00e7\u00f5es ainda em curso sobre o Master e apenas homologar se, de fato, ela trouxer avan\u00e7os em rela\u00e7\u00e3o ao que os investigadores apurarem.<\/p>\n<p>A expectativa \u00e9 de que tanto uma primeira proposta de dela\u00e7\u00e3o quanto a conclus\u00e3o das investiga\u00e7\u00f5es pela PF sejam apresentadas at\u00e9 meados de maio. Do lado de Vorcaro, pelo fato de ele ter pressa em apresentar para sair da pris\u00e3o. Do lado dos investigadores, porque \u00e9 quando se esgota o\u00a0prazo concedido pelo pr\u00f3prio Mendon\u00e7a para a conclus\u00e3o. O ministro concedeu 60 dias de prazo no dia 18 de mar\u00e7o, que se esgotam no dia 18 de maio.<\/p>\n<p>Fontes que acompanham o processo disseram \u00e0\u00a0CNN\u00a0que a\u00a0expectativa de Mendon\u00e7a sobre a dela\u00e7\u00e3o \u00e9 baixa, apesar de o advogado de Vorcaro ter sinalizado que o banqueiro dir\u00e1 \u201ctoda a verdade\u201d.<\/p>\n<p>O motivo \u00e9 a proximidade de Juca \u2013 advogado do dono do Banco Master \u2013 com ministros do STF potencialmente delatados, o que ajudou a fazer com que o plano inicial da dela\u00e7\u00e3o, revelado pela\u00a0<strong>CNN<\/strong>, tenha sido o de mirar pol\u00edticos e poupar o STF.<\/p>\n<p>A\u00a0CNN\u00a0mostrou no come\u00e7o da semana que\u00a0h\u00e1 informa\u00e7\u00f5es de avan\u00e7os nas descobertas sobre ministros do STF, o que poderia ensejar a abertura de uma investiga\u00e7\u00e3o formal contra eles.<\/p>\n<p>No entanto, para isso se concretizar, n\u00e3o \u00e9 algo simples. O plen\u00e1rio do STF deveria aprovar por maioria, e o cen\u00e1rio hoje seria de um placar apertado a favor da abertura. O voto de minerva seria do ministro Kassio Nunes Marques, e a leitura \u00e9 de que ele vem sofrendo ataques justamente para mudar seu voto no sentido de barrar a abertura de investiga\u00e7\u00e3o.<\/p>\n<p><strong><a href=\"https:\/\/www.cnnbrasil.com.br\/blogs\/caio-junqueira\/politica\/mendonca-diz-a-aliados-nao-garantir-homologacao-de-delacao-de-vorcaro\/\">Cr\u00e9dito CNN Brasil<\/a><\/strong><\/p>\n<\/div>\n<p><br \/>\n<br \/><a href=\"https:\/\/paulofigueiredoshow.com\/mendonca-diz-a-aliados-nao-garantir-homologacao-de-delacao-de-vorcaro\/\">Source link <\/a><\/p>","protected":false},"excerpt":{"rendered":"<p>D\u00favida \u00e9 se banqueiro trar\u00e1 fatos novos em rela\u00e7\u00e3o ao que a PF levantar O ministro do Supremo Tribunal Federal Andr\u00e9 Mendon\u00e7a disse a interlocutores n\u00e3o garantir que ir\u00e1 homologar&hellip;<\/p>","protected":false},"author":1,"featured_media":129199,"comment_status":"closed","ping_status":"open","sticky":false,"template":"","format":"standard","meta":{"content-type":"","footnotes":""},"categories":[16],"tags":[],"class_list":["post-129269","post","type-post","status-publish","format-standard","has-post-thumbnail","hentry","category-noticias"],"_links":{"self":[{"href":"https:\/\/tvbrazilusa.com\/pt\/wp-json\/wp\/v2\/posts\/129269","targetHints":{"allow":["GET"]}}],"collection":[{"href":"https:\/\/tvbrazilusa.com\/pt\/wp-json\/wp\/v2\/posts"}],"about":[{"href":"https:\/\/tvbrazilusa.com\/pt\/wp-json\/wp\/v2\/types\/post"}],"author":[{"embeddable":true,"href":"https:\/\/tvbrazilusa.com\/pt\/wp-json\/wp\/v2\/users\/1"}],"replies":[{"embeddable":true,"href":"https:\/\/tvbrazilusa.com\/pt\/wp-json\/wp\/v2\/comments?post=129269"}],"version-history":[{"count":1,"href":"https:\/\/tvbrazilusa.com\/pt\/wp-json\/wp\/v2\/posts\/129269\/revisions"}],"predecessor-version":[{"id":129270,"href":"https:\/\/tvbrazilusa.com\/pt\/wp-json\/wp\/v2\/posts\/129269\/revisions\/129270"}],"wp:featuredmedia":[{"embeddable":true,"href":"https:\/\/tvbrazilusa.com\/pt\/wp-json\/wp\/v2\/media\/129199"}],"wp:attachment":[{"href":"https:\/\/tvbrazilusa.com\/pt\/wp-json\/wp\/v2\/media?parent=129269"}],"wp:term":[{"taxonomy":"category","embeddable":true,"href":"https:\/\/tvbrazilusa.com\/pt\/wp-json\/wp\/v2\/categories?post=129269"},{"taxonomy":"post_tag","embeddable":true,"href":"https:\/\/tvbrazilusa.com\/pt\/wp-json\/wp\/v2\/tags?post=129269"}],"curies":[{"name":"wp","href":"https:\/\/api.w.org\/{rel}","templated":true}]}}