{"id":129271,"date":"2026-04-08T21:46:27","date_gmt":"2026-04-08T21:46:27","guid":{"rendered":"https:\/\/tvbrazilusa.com\/2026\/04\/08\/lula-em-2026-nao-decidi-se-vou-ser-candidato-paulo-figueiredo\/"},"modified":"2026-04-08T22:07:31","modified_gmt":"2026-04-08T22:07:31","slug":"lula-em-2026-nao-decidi-se-vou-ser-candidato-paulo-figueiredo","status":"publish","type":"post","link":"https:\/\/tvbrazilusa.com\/pt\/2026\/04\/08\/lula-em-2026-nao-decidi-se-vou-ser-candidato-paulo-figueiredo\/","title":{"rendered":"Lula em 2026: &#8220;N\u00e3o decidi se vou ser candidato&#8221; &#8211; Paulo Figueiredo"},"content":{"rendered":"<p> <script async src=\"https:\/\/pagead2.googlesyndication.com\/pagead\/js\/adsbygoogle.js?client=ca-pub-8864793242727901\"\r\n     crossorigin=\"anonymous\"><\/script><br \/>\n<\/p>\n<div id=\"wtr-content\" data-bg=\"#FFFFFF\" data-fg=\"#006d91\" data-width=\"25\" data-mute=\"1\" data-fgopacity=\"1.00\" data-mutedopacity=\"0.5\" data-placement=\"bottom\" data-placement-offset=\"0\" data-content-offset=\"262\" data-placement-touch=\"bottom\" data-placement-offset-touch=\"0\" data-transparent=\"\" data-shadow=\"0\" data-touch=\"1\" data-non-touch=\"1\" data-comments=\"0\" data-commentsbg=\"transparent\" data-location=\"page\" data-mutedfg=\"#006d91\" data-endfg=\"#006d91\" data-rtl=\"\">\n<h4 class=\"wp-block-heading\">Presidente coloca reelei\u00e7\u00e3o em d\u00favida enquanto pesquisas indicam empate t\u00e9cnico com Fl\u00e1vio<\/h4>\n<p>O presidente Luiz In\u00e1cio Lula da Silva afirmou nesta quarta-feira, 8, que ainda n\u00e3o definiu se disputar\u00e1 a\u00a0reelei\u00e7\u00e3o. Em entrevista ao portal ICL Not\u00edcias, o petista declarou que a palavra final sobre o pleito de outubro ocorrer\u00e1 apenas nas conven\u00e7\u00f5es partid\u00e1rias, entre julho e agosto. Apesar da d\u00favida, ele admitiu logo depois que \u201cdificilmente\u201d deixar\u00e1 de concorrer. \u201cTodo mundo sabe que dificilmente eu deixarei de ser candidato.\u201d<\/p>\n<p>A fala surge em um momento de desgaste na aprova\u00e7\u00e3o do governo. Lula condicionou a participa\u00e7\u00e3o na disputa \u00e0 necessidade de reconstruir alian\u00e7as pol\u00edticas e apresentar um projeto in\u00e9dito para o pa\u00eds. Ele afirmou que pedir\u00e1 ao PT uma estrutura de apoio mais forte para sustentar a chapa presidencial.<\/p>\n<h4 class=\"wp-block-heading\" id=\"h-o-fator-experiencia\">O fator experi\u00eancia<\/h4>\n<p>Lula tamb\u00e9m rebateu os questionamentos sobre seu desempenho com foco na pr\u00f3pria biografia. O presidente se classificou como o pol\u00edtico com o maior ac\u00famulo de experi\u00eancia no Brasil. Segundo ele, nenhum outro advers\u00e1rio det\u00e9m a bagagem necess\u00e1ria para gerir o\u00a0Executivo\u00a0nacional neste momento.<\/p>\n<p>O petista afirmou que precisar\u00e1 levar novas propostas \u00e0s conven\u00e7\u00f5es de junho para convencer a base aliada. A estrat\u00e9gia foca usar sua trajet\u00f3ria como diferencial, mesmo com a necessidade de renovar as promessas de campanha para atrair o eleitorado. Sobre os problemas estruturais do pa\u00eds, como o aumento do endividamento dos brasileiros, ele disse: \u201cT\u00e1 tudo ruim ainda\u201d.<\/p>\n<p>A declara\u00e7\u00e3o de incerteza coincide com a divulga\u00e7\u00e3o da pesquisa Meio\/Ideia nesta quarta-feira, 8. O levantamento mostra um empate t\u00e9cnico entre Lula e o pr\u00e9-candidato do PL,\u00a0Fl\u00e1vio Bolsonaro, em uma simula\u00e7\u00e3o de segundo turno. O parlamentar aparece numericamente \u00e0 frente, com 45,8% das inten\u00e7\u00f5es de voto, contra 45,5% do atual presidente.<\/p>\n<p><strong><a href=\"https:\/\/revistaoeste.com\/politica\/lula-em-2026-nao-decidi-se-vou-ser-candidato\/\">Cr\u00e9dito Revista Oeste<\/a><\/strong><\/p>\n<\/div>\n<p><br \/>\n<br \/><a href=\"https:\/\/paulofigueiredoshow.com\/lula-em-2026-nao-decidi-se-vou-ser-candidato\/\">Source link <\/a><\/p>","protected":false},"excerpt":{"rendered":"<p>Presidente coloca reelei\u00e7\u00e3o em d\u00favida enquanto pesquisas indicam empate t\u00e9cnico com Fl\u00e1vio O presidente Luiz In\u00e1cio Lula da Silva afirmou nesta quarta-feira, 8, que ainda n\u00e3o definiu se disputar\u00e1 a\u00a0reelei\u00e7\u00e3o.&hellip;<\/p>","protected":false},"author":1,"featured_media":129009,"comment_status":"closed","ping_status":"open","sticky":false,"template":"","format":"standard","meta":{"content-type":"","footnotes":""},"categories":[16],"tags":[],"class_list":["post-129271","post","type-post","status-publish","format-standard","has-post-thumbnail","hentry","category-noticias"],"_links":{"self":[{"href":"https:\/\/tvbrazilusa.com\/pt\/wp-json\/wp\/v2\/posts\/129271","targetHints":{"allow":["GET"]}}],"collection":[{"href":"https:\/\/tvbrazilusa.com\/pt\/wp-json\/wp\/v2\/posts"}],"about":[{"href":"https:\/\/tvbrazilusa.com\/pt\/wp-json\/wp\/v2\/types\/post"}],"author":[{"embeddable":true,"href":"https:\/\/tvbrazilusa.com\/pt\/wp-json\/wp\/v2\/users\/1"}],"replies":[{"embeddable":true,"href":"https:\/\/tvbrazilusa.com\/pt\/wp-json\/wp\/v2\/comments?post=129271"}],"version-history":[{"count":1,"href":"https:\/\/tvbrazilusa.com\/pt\/wp-json\/wp\/v2\/posts\/129271\/revisions"}],"predecessor-version":[{"id":129272,"href":"https:\/\/tvbrazilusa.com\/pt\/wp-json\/wp\/v2\/posts\/129271\/revisions\/129272"}],"wp:featuredmedia":[{"embeddable":true,"href":"https:\/\/tvbrazilusa.com\/pt\/wp-json\/wp\/v2\/media\/129009"}],"wp:attachment":[{"href":"https:\/\/tvbrazilusa.com\/pt\/wp-json\/wp\/v2\/media?parent=129271"}],"wp:term":[{"taxonomy":"category","embeddable":true,"href":"https:\/\/tvbrazilusa.com\/pt\/wp-json\/wp\/v2\/categories?post=129271"},{"taxonomy":"post_tag","embeddable":true,"href":"https:\/\/tvbrazilusa.com\/pt\/wp-json\/wp\/v2\/tags?post=129271"}],"curies":[{"name":"wp","href":"https:\/\/api.w.org\/{rel}","templated":true}]}}