{"id":129273,"date":"2026-04-08T21:40:00","date_gmt":"2026-04-08T21:40:00","guid":{"rendered":"https:\/\/tvbrazilusa.com\/2026\/04\/08\/lula-acusa-direita-de-ameacar-democracia-nas-eleicoes-de-2026-paulo-figueiredo\/"},"modified":"2026-04-08T22:13:28","modified_gmt":"2026-04-08T22:13:28","slug":"lula-acusa-direita-de-ameacar-democracia-nas-eleicoes-de-2026-paulo-figueiredo","status":"publish","type":"post","link":"https:\/\/tvbrazilusa.com\/pt\/2026\/04\/08\/lula-acusa-direita-de-ameacar-democracia-nas-eleicoes-de-2026-paulo-figueiredo\/","title":{"rendered":"Lula acusa direita de amea\u00e7ar democracia nas elei\u00e7\u00f5es de 2026 &#8211; Paulo Figueiredo"},"content":{"rendered":"<p> <script async src=\"https:\/\/pagead2.googlesyndication.com\/pagead\/js\/adsbygoogle.js?client=ca-pub-8864793242727901\"\r\n     crossorigin=\"anonymous\"><\/script><br \/>\n<\/p>\n<div id=\"wtr-content\" data-bg=\"#FFFFFF\" data-fg=\"#006d91\" data-width=\"25\" data-mute=\"1\" data-fgopacity=\"1.00\" data-mutedopacity=\"0.5\" data-placement=\"bottom\" data-placement-offset=\"0\" data-content-offset=\"262\" data-placement-touch=\"bottom\" data-placement-offset-touch=\"0\" data-transparent=\"\" data-shadow=\"0\" data-touch=\"1\" data-non-touch=\"1\" data-comments=\"0\" data-commentsbg=\"transparent\" data-location=\"page\" data-mutedfg=\"#006d91\" data-endfg=\"#006d91\" data-rtl=\"\">\n<h4 class=\"wp-block-heading\">Presidente afirma que disputa repetir\u00e1 cen\u00e1rio de 2022 e cita risco \u00e0s institui\u00e7\u00f5es<\/h4>\n<p>O\u00a0presidente Lula (PT)\u00a0afirmou que a direita brasileira tenta \u201ccolocar fim\u201d na democracia e associou o cen\u00e1rio pol\u00edtico \u00e0s elei\u00e7\u00f5es de 2026 aos atos de 8 de janeiro de 2023. Segundo ele, a disputa deve repetir o ambiente de 2022.<a href=\"https:\/\/whatsapp.com\/channel\/0029VaTFkH2HVvTbkE883x1x\"\/><\/p>\n<p>Durante entrevista ao ICL Not\u00edcias, Lula disse haver um \u201cesquema de ultra direita\u201d voltado contra pol\u00edticas p\u00fablicas e institui\u00e7\u00f5es. Ele citou cr\u00edticas ao sistema eleitoral e ao funcionamento do Judici\u00e1rio.<\/p>\n<p>\u201cH\u00e1 uma tentativa de consolidar um esquema de ultra direita que passa por colocar o fim da democracia, porque sonham em fechar a Suprema Corte, fraudes nas urnas eletr\u00f4nicas e questionando as institui\u00e7\u00f5es. As elei\u00e7\u00f5es ser\u00e3o novamente para defender a democracia. Teremos que explicar para a sociedade novamente o significado da democracia\u201d, afirmou.<\/p>\n<p>Em outro momento, o presidente declarou que pretende disputar a reelei\u00e7\u00e3o para impedir o retorno de advers\u00e1rios ao poder.<\/p>\n<p>O petista tamb\u00e9m voltou a afirmar que assumiu o governo em cen\u00e1rio de \u201cterra arrasada\u201d e disse que seu mandato atual busca reconstruir pol\u00edticas p\u00fablicas. Segundo ele, 2026 ser\u00e1 o \u201cano da colheita\u201d.<\/p>\n<p>\u201cPra que eu quero ou preciso de um quarto mandato? Eu tenho na cabe\u00e7a que \u00e9 importante dar um salto de qualidade, porque a gente discute muito os efeitos e n\u00e3o discute a causa. E acho que est\u00e1 na hora de discutirmos as causas dos problemas brasileiros para podermos mudar\u201d, declarou.<\/p>\n<p>Lula criticou ainda a destina\u00e7\u00e3o de recursos do Or\u00e7amento ao Congresso e mencionou as emendas parlamentares como ponto de conflito. Tamb\u00e9m citou os pagamentos extras no Judici\u00e1rio, conhecidos como \u201cpenduricalhos\u201d.<\/p>\n<p>\u201c\u00c9 preciso acabar com a promiscuidade pol\u00edtica desse pa\u00eds, os partidos v\u00e3o ter que compreender que n\u00e3o d\u00e1 pra continuar assim. A verdade n\u00e3o vale mais nada e n\u00e3o \u00e9 levada em conta\u201d, disse.<\/p>\n<p>Ao falar sobre advers\u00e1rios, Lula acusou o senador Fl\u00e1vio Bolsonaro (PL-RJ) de defender a venda de riquezas nacionais ligadas a terras raras para os\u00a0<a href=\"https:\/\/www.whitehouse.gov\/\">Estados Unidos<\/a>. Ele tamb\u00e9m mencionou o governador Ronaldo Caiado ao criticar acordos com empresas estrangeiras.<\/p>\n<p>\u201cEle quer vender para os Estados Unidos uma coisa que \u00e9 t\u00e3o importante para o Brasil. \u00c9 como se eu pegasse o petr\u00f3leo e falasse \u2018n\u00e3o precisa ser meu, vai ser dos Estados Unidos\u2019. \u00c9 uma vergonha, inclusive que o [Ronaldo] Caiado fez, um acordo com empresas americanas fazendo concess\u00e3o de coisas que n\u00e3o pode fazer por serem da Uni\u00e3o\u201d, afirmou.<\/p>\n<p>O presidente tamb\u00e9m comentou a rela\u00e7\u00e3o com os Estados Unidos e criticou o presidente Donald Trump (Republicano).<\/p>\n<p>\u201cPelo que eu tenho visto do Trump nesses anos, nada com ele \u00e9 imposs\u00edvel\u201d, declarou.<\/p>\n<p>Sobre o processo eleitoral brasileiro, Lula afirmou que n\u00e3o aceita questionamentos de outros pa\u00edses.<\/p>\n<p>\u201cNingu\u00e9m, nem Trump, nem [Emmanuel] Macron, nem Xi Jinping, ningu\u00e9m nesse mundo tem o direito de colocar sob suspeita o processo eleitoral brasileiro pelo comportamento da nossa Justi\u00e7a Eleitoral e pela seriedade das urnas. Se ele fizer, n\u00f3s vamos dizer que ele est\u00e1 mentindo, vai ter um enfrentamento pol\u00edtico desnecess\u00e1rio\u201d, disse.<\/p>\n<p><strong><a href=\"https:\/\/claudiodantas.com.br\/lula-acusa-direita-de-ameacar-democracia-2026\/\">Cr\u00e9dito Claudio Dantas<\/a><\/strong><\/p>\n<\/div>\n<p><br \/>\n<br \/><a href=\"https:\/\/paulofigueiredoshow.com\/lula-acusa-direita-de-ameacar-democracia-nas-eleicoes-de-2026\/\">Source link <\/a><\/p>","protected":false},"excerpt":{"rendered":"<p>Presidente afirma que disputa repetir\u00e1 cen\u00e1rio de 2022 e cita risco \u00e0s institui\u00e7\u00f5es O\u00a0presidente Lula (PT)\u00a0afirmou que a direita brasileira tenta \u201ccolocar fim\u201d na democracia e associou o cen\u00e1rio pol\u00edtico&hellip;<\/p>","protected":false},"author":1,"featured_media":128839,"comment_status":"closed","ping_status":"open","sticky":false,"template":"","format":"standard","meta":{"content-type":"","footnotes":""},"categories":[16],"tags":[],"class_list":["post-129273","post","type-post","status-publish","format-standard","has-post-thumbnail","hentry","category-noticias"],"_links":{"self":[{"href":"https:\/\/tvbrazilusa.com\/pt\/wp-json\/wp\/v2\/posts\/129273","targetHints":{"allow":["GET"]}}],"collection":[{"href":"https:\/\/tvbrazilusa.com\/pt\/wp-json\/wp\/v2\/posts"}],"about":[{"href":"https:\/\/tvbrazilusa.com\/pt\/wp-json\/wp\/v2\/types\/post"}],"author":[{"embeddable":true,"href":"https:\/\/tvbrazilusa.com\/pt\/wp-json\/wp\/v2\/users\/1"}],"replies":[{"embeddable":true,"href":"https:\/\/tvbrazilusa.com\/pt\/wp-json\/wp\/v2\/comments?post=129273"}],"version-history":[{"count":1,"href":"https:\/\/tvbrazilusa.com\/pt\/wp-json\/wp\/v2\/posts\/129273\/revisions"}],"predecessor-version":[{"id":129274,"href":"https:\/\/tvbrazilusa.com\/pt\/wp-json\/wp\/v2\/posts\/129273\/revisions\/129274"}],"wp:featuredmedia":[{"embeddable":true,"href":"https:\/\/tvbrazilusa.com\/pt\/wp-json\/wp\/v2\/media\/128839"}],"wp:attachment":[{"href":"https:\/\/tvbrazilusa.com\/pt\/wp-json\/wp\/v2\/media?parent=129273"}],"wp:term":[{"taxonomy":"category","embeddable":true,"href":"https:\/\/tvbrazilusa.com\/pt\/wp-json\/wp\/v2\/categories?post=129273"},{"taxonomy":"post_tag","embeddable":true,"href":"https:\/\/tvbrazilusa.com\/pt\/wp-json\/wp\/v2\/tags?post=129273"}],"curies":[{"name":"wp","href":"https:\/\/api.w.org\/{rel}","templated":true}]}}