{"id":129278,"date":"2026-04-08T21:32:48","date_gmt":"2026-04-08T21:32:48","guid":{"rendered":"https:\/\/tvbrazilusa.com\/2026\/04\/08\/lula-diz-que-quer-criar-ministerio-da-seguranca-publica-no-pais-paulo-figueiredo\/"},"modified":"2026-04-08T22:25:31","modified_gmt":"2026-04-08T22:25:31","slug":"lula-diz-que-quer-criar-ministerio-da-seguranca-publica-no-pais-paulo-figueiredo","status":"publish","type":"post","link":"https:\/\/tvbrazilusa.com\/pt\/2026\/04\/08\/lula-diz-que-quer-criar-ministerio-da-seguranca-publica-no-pais-paulo-figueiredo\/","title":{"rendered":"Lula diz que quer criar Minist\u00e9rio da Seguran\u00e7a P\u00fablica no pa\u00eds &#8211; Paulo Figueiredo"},"content":{"rendered":"<p> <script async src=\"https:\/\/pagead2.googlesyndication.com\/pagead\/js\/adsbygoogle.js?client=ca-pub-8864793242727901\"\r\n     crossorigin=\"anonymous\"><\/script><br \/>\n<\/p>\n<div id=\"wtr-content\" data-bg=\"#FFFFFF\" data-fg=\"#006d91\" data-width=\"25\" data-mute=\"1\" data-fgopacity=\"1.00\" data-mutedopacity=\"0.5\" data-placement=\"bottom\" data-placement-offset=\"0\" data-content-offset=\"262\" data-placement-touch=\"bottom\" data-placement-offset-touch=\"0\" data-transparent=\"\" data-shadow=\"0\" data-touch=\"1\" data-non-touch=\"1\" data-comments=\"0\" data-commentsbg=\"transparent\" data-location=\"page\" data-mutedfg=\"#006d91\" data-endfg=\"#006d91\" data-rtl=\"\">\n<h4 class=\"wp-block-heading\">Governo Lula III j\u00e1 tem 38 minist\u00e9rios<\/h4>\n<p>Nesta quarta-feira (8), o presidente Lula (PT) afirmou que pretende criar um Minist\u00e9rio da Seguran\u00e7a P\u00fablica. A declara\u00e7\u00e3o foi dada durante entrevista ao site ICL Not\u00edcias. Segundo ele, a medida depende da aprova\u00e7\u00e3o de uma PEC que define o papel da Uni\u00e3o na \u00e1rea.<\/p>\n<p>Atualmente, a seguran\u00e7a p\u00fablica est\u00e1 vinculada ao Minist\u00e9rio da Justi\u00e7a e Seguran\u00e7a P\u00fablica, comandado por Wellington C\u00e9sar Lima e Silva. O governo Lula III possui hoje 38 minist\u00e9rios.<\/p>\n<p>Durante a entrevista, Lula disse que deseja ampliar a participa\u00e7\u00e3o do governo federal nas a\u00e7\u00f5es de combate ao crime e na coordena\u00e7\u00e3o das pol\u00edticas de seguran\u00e7a no pa\u00eds.<\/p>\n<p>\u2013 Estou querendo que seja aprovada a PEC, porque eu quero criar um Minist\u00e9rio de Seguran\u00e7a P\u00fablica. Porque a\u00ed n\u00f3s vamos ter que definir qual \u00e9 o papel da Uni\u00e3o. O papel n\u00e3o tem que pedir autoriza\u00e7\u00e3o para o Estado para voc\u00ea poder fazer uma interven\u00e7\u00e3o \u2013 disse o petista.<\/p>\n<p>Lula tamb\u00e9m citou a necessidade de ampliar o n\u00famero de agentes federais e refor\u00e7ar a atua\u00e7\u00e3o nas fronteiras e nas rodovias.<\/p>\n<p>\u2013 Ent\u00e3o, o que n\u00f3s queremos, na verdade, \u00e9 fazer uma pol\u00edtica de seguran\u00e7a p\u00fablica muito s\u00e9ria, aumentando o n\u00famero da pol\u00edcia federal, aumentando a intelig\u00eancia, cuidando das nossas fronteiras, aumentando a Pol\u00edcia Rodovi\u00e1ria Federal, colocando ela para tomar conta das estradas e criar uma guarda nacional.<\/p>\n<p>Segundo o presidente, a ideia \u00e9 criar uma for\u00e7a de resposta r\u00e1pida para situa\u00e7\u00f5es de viol\u00eancia grave ou tentativa de dom\u00ednio territorial por fac\u00e7\u00f5es. Ele afirmou ainda que o novo minist\u00e9rio poder\u00e1 ser anunciado logo ap\u00f3s a eventual aprova\u00e7\u00e3o da proposta no Congresso.<\/p>\n<p>Ele tamb\u00e9m defendeu destinar um or\u00e7amento exclusivo para a nova pasta a fim de garantir que os projetos tenham andamento sem \u201cpedir esmola\u201d, defendendo que seja \u201cum or\u00e7amento robusto\u201d para o Minist\u00e9rio.<\/p>\n<p><strong><a href=\"https:\/\/pleno.news\/brasil\/politica-nacional\/lula-diz-que-quer-criar-ministerio-da-seguranca-publica-no-pais.html\">Cr\u00e9dito Pleno.News<\/a><\/strong><\/p>\n<\/div>\n<p><br \/>\n<br \/><a href=\"https:\/\/paulofigueiredoshow.com\/lula-diz-que-quer-criar-ministerio-da-seguranca-publica-no-pais\/\">Source link <\/a><\/p>","protected":false},"excerpt":{"rendered":"<p>Governo Lula III j\u00e1 tem 38 minist\u00e9rios Nesta quarta-feira (8), o presidente Lula (PT) afirmou que pretende criar um Minist\u00e9rio da Seguran\u00e7a P\u00fablica. A declara\u00e7\u00e3o foi dada durante entrevista ao&hellip;<\/p>","protected":false},"author":1,"featured_media":129279,"comment_status":"closed","ping_status":"open","sticky":false,"template":"","format":"standard","meta":{"content-type":"","footnotes":""},"categories":[16],"tags":[],"class_list":["post-129278","post","type-post","status-publish","format-standard","has-post-thumbnail","hentry","category-noticias"],"_links":{"self":[{"href":"https:\/\/tvbrazilusa.com\/pt\/wp-json\/wp\/v2\/posts\/129278","targetHints":{"allow":["GET"]}}],"collection":[{"href":"https:\/\/tvbrazilusa.com\/pt\/wp-json\/wp\/v2\/posts"}],"about":[{"href":"https:\/\/tvbrazilusa.com\/pt\/wp-json\/wp\/v2\/types\/post"}],"author":[{"embeddable":true,"href":"https:\/\/tvbrazilusa.com\/pt\/wp-json\/wp\/v2\/users\/1"}],"replies":[{"embeddable":true,"href":"https:\/\/tvbrazilusa.com\/pt\/wp-json\/wp\/v2\/comments?post=129278"}],"version-history":[{"count":1,"href":"https:\/\/tvbrazilusa.com\/pt\/wp-json\/wp\/v2\/posts\/129278\/revisions"}],"predecessor-version":[{"id":129280,"href":"https:\/\/tvbrazilusa.com\/pt\/wp-json\/wp\/v2\/posts\/129278\/revisions\/129280"}],"wp:featuredmedia":[{"embeddable":true,"href":"https:\/\/tvbrazilusa.com\/pt\/wp-json\/wp\/v2\/media\/129279"}],"wp:attachment":[{"href":"https:\/\/tvbrazilusa.com\/pt\/wp-json\/wp\/v2\/media?parent=129278"}],"wp:term":[{"taxonomy":"category","embeddable":true,"href":"https:\/\/tvbrazilusa.com\/pt\/wp-json\/wp\/v2\/categories?post=129278"},{"taxonomy":"post_tag","embeddable":true,"href":"https:\/\/tvbrazilusa.com\/pt\/wp-json\/wp\/v2\/tags?post=129278"}],"curies":[{"name":"wp","href":"https:\/\/api.w.org\/{rel}","templated":true}]}}