{"id":129281,"date":"2026-04-09T12:35:00","date_gmt":"2026-04-09T12:35:00","guid":{"rendered":"https:\/\/tvbrazilusa.com\/2026\/04\/09\/cesta-basica-consome-quase-metade-da-renda-dos-brasileiros\/"},"modified":"2026-04-09T12:50:36","modified_gmt":"2026-04-09T12:50:36","slug":"cesta-basica-consome-quase-metade-da-renda-dos-brasileiros","status":"publish","type":"post","link":"https:\/\/tvbrazilusa.com\/pt\/2026\/04\/09\/cesta-basica-consome-quase-metade-da-renda-dos-brasileiros\/","title":{"rendered":"Cesta b\u00e1sica consome quase metade da renda dos brasileiros"},"content":{"rendered":"<p> <script async src=\"https:\/\/pagead2.googlesyndication.com\/pagead\/js\/adsbygoogle.js?client=ca-pub-8864793242727901\"\r\n     crossorigin=\"anonymous\"><\/script><br \/>\n<\/p>\n<div id=\"cd-article-content\">\n<p>Os pre\u00e7os da <strong><a href=\"https:\/\/claudiodantas.com.br\/tag\/cesta-basica\/\" data-type=\"post_tag\" data-id=\"1954\">cesta b\u00e1sica<\/a><\/strong> subiram em todas as 27 capitais em mar\u00e7o, de acordo com levantamento do Departamento Intersindical de Estat\u00edstica e Estudos Socioecon\u00f4micos (Dieese) e da Companhia Nacional de Abastecimento (Conab).<\/p>\n<p><a href=\"https:\/\/whatsapp.com\/channel\/0029VaTFkH2HVvTbkE883x1x\" target=\"_blank\" class=\"whatsapp-channel-message\" rel=\"noopener\">\u2705 Siga o canal do Claudio Dantas no WhatsApp<\/a><\/p>\n<p>Segundo o monitoramento, <strong><a href=\"https:\/\/pt.wikipedia.org\/wiki\/S%C3%A3o_Paulo\" target=\"_blank\" rel=\"noopener\">S\u00e3o Paulo<\/a><\/strong> segue com o maior custo (R$ 883,94), enquanto Aracaju registra o menor valor (R$ 598,45). A alta de mar\u00e7o foi puxada por feij\u00e3o, batata, tomate, carne bovina e leite. Os tr\u00eas primeiros foram impactados pelas chuvas nas regi\u00f5es produtoras. Em sentido oposto, o a\u00e7\u00facar caiu em 19 capitais devido ao excesso de oferta.<\/p>\n<p>As maiores altas ocorreram em Manaus (7,42%), Salvador (7,15%), Recife (6,97%), Macei\u00f3 (6,76%) e Belo Horizonte (6,44%), de acordo com o levantamento. Tamb\u00e9m registraram aumentos relevantes Aracaju, Natal, Cuiab\u00e1, Jo\u00e3o Pessoa e Fortaleza.<\/p>\n<p>Entre os maiores custos, al\u00e9m de SP, aparecem Rio de Janeiro (R$ 867,97), Cuiab\u00e1 (R$ 838,40), Florian\u00f3polis (R$ 824,35) e Campo Grande (R$ 805,93).<\/p>\n<p>Com o sal\u00e1rio m\u00ednimo em R$ 1.621, o trabalhador precisa de cerca de 109 horas para comprar a cesta nas capitais. O comprometimento m\u00e9dio da renda l\u00edquida dos brasilieros chegou a 48,12% em mar\u00e7o, ante 46,13% em fevereiro.<\/p>\n<p>De acordo com o levantamento, <em>\u201cquando se compara o custo da cesta e o sal\u00e1rio m\u00ednimo l\u00edquido, ou seja, ap\u00f3s o desconto de 7,5% referente \u00e0 Previd\u00eancia Social, verifica-se que o trabalhador remunerado pelo piso nacional comprometeu em m\u00e9dia, nas 27 capitais pesquisadas em mar\u00e7o de 2026, 48,12% do rendimento para adquirir os itens aliment\u00edcios b\u00e1sicos e, em fevereiro, 46,13% da renda l\u00edquida<\/em>\u201c.<\/p>\n<p><em>\u201cEm mar\u00e7o de 2025, considerando as 17 capitais analisadas, o percentual m\u00e9dio ficou em 52,29%\u201d.<\/em><\/p>\n<p>O tempo m\u00e9dio de trabalho necess\u00e1rio para adquirir os itens subiu para 97 horas e 55 minutos, acima das 93 horas e 53 minutos de fevereiro.<\/p>\n<p>J\u00e1 no recorte anual do Dieese e da Conab, houve alta em 13 capitais e queda em quatro. Os maiores aumentos foram registrados em Aracaju, Salvador e Recife. As principais quedas ocorreram em Bras\u00edlia e Florian\u00f3polis.<\/p>\n<p>Outro dado do levantamento aponta que o pre\u00e7o do feij\u00e3o subiu em todas as cidades. O gr\u00e3o preto teve alta de at\u00e9 7,17% em Florian\u00f3polis, enquanto o carioca chegou a subir 21,48% em Bel\u00e9m. A press\u00e3o veio da menor oferta, dificuldades na colheita e redu\u00e7\u00e3o da \u00e1rea plantada.<\/p>\n<p>Ainda de acordo com o Dieese, o sal\u00e1rio m\u00ednimo ideal para uma fam\u00edlia de quatro pessoas no Brasil deveria ser de R$ 7.425,99, equivalente a 4,58 vezes o valor atual.<\/p>\n<div class=\"wp-block-image\">\n<figure class=\"aligncenter size-large\"><figcaption class=\"wp-element-caption\"><strong>Foto: Marcelo Camargo\/Ag\u00eancia Brasil<\/strong><\/figcaption><\/figure>\n<\/div>\n<\/div>\n<p><script type=\"b371b439af850cdfce34e19c-text\/javascript\">!function(f,b,e,v,n,t,s){if(f.fbq)return;n=f.fbq=function(){n.callMethod?n.callMethod.apply(n,arguments):n.queue.push(arguments)};if(!f._fbq)f._fbq=n;n.push=n;n.loaded=!0;n.version='2.0';n.queue=[];t=b.createElement(e);t.async=!0;t.src=v;s=b.getElementsByTagName(e)[0];s.parentNode.insertBefore(t,s)}(window,document,'script','https:\/\/connect.facebook.net\/en_US\/fbevents.js');fbq('init','1423865622537930');fbq('track','PageView');<\/script><br \/>\n<br \/><br \/>\n<br \/><a href=\"https:\/\/claudiodantas.com.br\/cesta-basica-consome-metade-renda-brasileiros\/\">Source link <\/a><\/p>","protected":false},"excerpt":{"rendered":"<p>Os pre\u00e7os da cesta b\u00e1sica subiram em todas as 27 capitais em mar\u00e7o, de acordo com levantamento do Departamento Intersindical de Estat\u00edstica e Estudos Socioecon\u00f4micos (Dieese) e da Companhia Nacional&hellip;<\/p>","protected":false},"author":1,"featured_media":129282,"comment_status":"closed","ping_status":"open","sticky":false,"template":"","format":"standard","meta":{"content-type":"","footnotes":""},"categories":[16],"tags":[],"class_list":["post-129281","post","type-post","status-publish","format-standard","has-post-thumbnail","hentry","category-noticias"],"_links":{"self":[{"href":"https:\/\/tvbrazilusa.com\/pt\/wp-json\/wp\/v2\/posts\/129281","targetHints":{"allow":["GET"]}}],"collection":[{"href":"https:\/\/tvbrazilusa.com\/pt\/wp-json\/wp\/v2\/posts"}],"about":[{"href":"https:\/\/tvbrazilusa.com\/pt\/wp-json\/wp\/v2\/types\/post"}],"author":[{"embeddable":true,"href":"https:\/\/tvbrazilusa.com\/pt\/wp-json\/wp\/v2\/users\/1"}],"replies":[{"embeddable":true,"href":"https:\/\/tvbrazilusa.com\/pt\/wp-json\/wp\/v2\/comments?post=129281"}],"version-history":[{"count":1,"href":"https:\/\/tvbrazilusa.com\/pt\/wp-json\/wp\/v2\/posts\/129281\/revisions"}],"predecessor-version":[{"id":129283,"href":"https:\/\/tvbrazilusa.com\/pt\/wp-json\/wp\/v2\/posts\/129281\/revisions\/129283"}],"wp:featuredmedia":[{"embeddable":true,"href":"https:\/\/tvbrazilusa.com\/pt\/wp-json\/wp\/v2\/media\/129282"}],"wp:attachment":[{"href":"https:\/\/tvbrazilusa.com\/pt\/wp-json\/wp\/v2\/media?parent=129281"}],"wp:term":[{"taxonomy":"category","embeddable":true,"href":"https:\/\/tvbrazilusa.com\/pt\/wp-json\/wp\/v2\/categories?post=129281"},{"taxonomy":"post_tag","embeddable":true,"href":"https:\/\/tvbrazilusa.com\/pt\/wp-json\/wp\/v2\/tags?post=129281"}],"curies":[{"name":"wp","href":"https:\/\/api.w.org\/{rel}","templated":true}]}}