{"id":129287,"date":"2026-04-09T14:08:29","date_gmt":"2026-04-09T14:08:29","guid":{"rendered":"https:\/\/tvbrazilusa.com\/2026\/04\/09\/mendonca-barra-acesso-da-cpi-a-dados-sobre-morte-de-sicario-de-vorcaro\/"},"modified":"2026-04-09T14:10:28","modified_gmt":"2026-04-09T14:10:28","slug":"mendonca-barra-acesso-da-cpi-a-dados-sobre-morte-de-sicario-de-vorcaro","status":"publish","type":"post","link":"https:\/\/tvbrazilusa.com\/pt\/2026\/04\/09\/mendonca-barra-acesso-da-cpi-a-dados-sobre-morte-de-sicario-de-vorcaro\/","title":{"rendered":"Mendon\u00e7a barra acesso da CPI a dados sobre morte de \u201csic\u00e1rio\u201d de Vorcaro"},"content":{"rendered":"<p> <script async src=\"https:\/\/pagead2.googlesyndication.com\/pagead\/js\/adsbygoogle.js?client=ca-pub-8864793242727901\"\r\n     crossorigin=\"anonymous\"><\/script><br \/>\n<\/p>\n<div id=\"cd-article-content\">\n<p>O ministro do <a href=\"https:\/\/portal.stf.jus.br\/\" target=\"_blank\" rel=\"noopener\">STF <\/a>Andr\u00e9 Mendon\u00e7a negou, na tarde de quarta-feira (8), o acesso da CPI do Crime Organizado do Senado \u00e0s investiga\u00e7\u00f5es sobre a morte de Luiz Phillipi Machado de Moraes Mour\u00e3o, conhecido como \u201c<a href=\"https:\/\/claudiodantas.com.br\/pf-apreende-arma-em-endereco-de-sicario-de-vorcaro\/\">sic\u00e1rio<\/a>\u201d de Daniel Vorcaro.<\/p>\n<p><a href=\"https:\/\/whatsapp.com\/channel\/0029VaTFkH2HVvTbkE883x1x\" target=\"_blank\" class=\"whatsapp-channel-message\" rel=\"noopener\">\u2705 Siga o canal do Claudio Dantas no WhatsApp<\/a><\/p>\n<p>A decis\u00e3o responde a dois requerimentos aprovados pela comiss\u00e3o, que solicitavam o compartilhamento de informa\u00e7\u00f5es sobre a morte de Mour\u00e3o na pris\u00e3o e documentos ligados ao caso Banco <a href=\"https:\/\/claudiodantas.com.br\/pgr-alertada-acesso-vorcaro-investigacao\/\">Master<\/a>.<\/p>\n<figure class=\"wp-block-image size-full\"><figcaption class=\"wp-element-caption\"><em>Sic\u00e1rio de Vorcaro<\/em><\/figcaption><\/figure>\n<p>Mendon\u00e7a afirmou que ainda h\u00e1 dilig\u00eancias em andamento e, por isso, n\u00e3o \u00e9 poss\u00edvel liberar os dados neste momento, mantendo a possibilidade de reavalia\u00e7\u00e3o futura.<\/p>\n<p>\u201cEm rela\u00e7\u00e3o a ambos os fatos, remanescem dilig\u00eancias instrut\u00f3rias pendentes, estando ainda em curso as respectivas investiga\u00e7\u00f5es, resta inviabilizado, no presente momento, o compartilhamento dos elementos informativos que lhes s\u00e3o correlatos, sem preju\u00edzo de que, em momento ulterior, com o exaurimento das medidas instrut\u00f3rias ainda em andamento, seja poss\u00edvel promover a rean\u00e1lise da solicita\u00e7\u00e3o de suas excel\u00eancias\u201d, diz Mendon\u00e7a.<\/p>\n<p>A CPI do Crime Organizado deve encerrar os trabalhos sem acesso ao material. O presidente do Senado, Davi Alcolumbre, informou que n\u00e3o haver\u00e1 prorroga\u00e7\u00e3o da comiss\u00e3o, prevista para terminar em 14 de abril.<\/p>\n<\/div>\n<p><script type=\"8dcb5f148268e85807587778-text\/javascript\">!function(f,b,e,v,n,t,s){if(f.fbq)return;n=f.fbq=function(){n.callMethod?n.callMethod.apply(n,arguments):n.queue.push(arguments)};if(!f._fbq)f._fbq=n;n.push=n;n.loaded=!0;n.version='2.0';n.queue=[];t=b.createElement(e);t.async=!0;t.src=v;s=b.getElementsByTagName(e)[0];s.parentNode.insertBefore(t,s)}(window,document,'script','https:\/\/connect.facebook.net\/en_US\/fbevents.js');fbq('init','1423865622537930');fbq('track','PageView');<\/script><br \/>\n<br \/><br \/>\n<br \/><a href=\"https:\/\/claudiodantas.com.br\/mendonca-barra-acesso-da-cpi-a-dados-sobre-morte-de-sicario-de-vorcaro\/\">Source link <\/a><\/p>","protected":false},"excerpt":{"rendered":"<p>O ministro do STF Andr\u00e9 Mendon\u00e7a negou, na tarde de quarta-feira (8), o acesso da CPI do Crime Organizado do Senado \u00e0s investiga\u00e7\u00f5es sobre a morte de Luiz Phillipi Machado&hellip;<\/p>","protected":false},"author":1,"featured_media":129288,"comment_status":"closed","ping_status":"open","sticky":false,"template":"","format":"standard","meta":{"content-type":"","footnotes":""},"categories":[16],"tags":[],"class_list":["post-129287","post","type-post","status-publish","format-standard","has-post-thumbnail","hentry","category-noticias"],"_links":{"self":[{"href":"https:\/\/tvbrazilusa.com\/pt\/wp-json\/wp\/v2\/posts\/129287","targetHints":{"allow":["GET"]}}],"collection":[{"href":"https:\/\/tvbrazilusa.com\/pt\/wp-json\/wp\/v2\/posts"}],"about":[{"href":"https:\/\/tvbrazilusa.com\/pt\/wp-json\/wp\/v2\/types\/post"}],"author":[{"embeddable":true,"href":"https:\/\/tvbrazilusa.com\/pt\/wp-json\/wp\/v2\/users\/1"}],"replies":[{"embeddable":true,"href":"https:\/\/tvbrazilusa.com\/pt\/wp-json\/wp\/v2\/comments?post=129287"}],"version-history":[{"count":1,"href":"https:\/\/tvbrazilusa.com\/pt\/wp-json\/wp\/v2\/posts\/129287\/revisions"}],"predecessor-version":[{"id":129289,"href":"https:\/\/tvbrazilusa.com\/pt\/wp-json\/wp\/v2\/posts\/129287\/revisions\/129289"}],"wp:featuredmedia":[{"embeddable":true,"href":"https:\/\/tvbrazilusa.com\/pt\/wp-json\/wp\/v2\/media\/129288"}],"wp:attachment":[{"href":"https:\/\/tvbrazilusa.com\/pt\/wp-json\/wp\/v2\/media?parent=129287"}],"wp:term":[{"taxonomy":"category","embeddable":true,"href":"https:\/\/tvbrazilusa.com\/pt\/wp-json\/wp\/v2\/categories?post=129287"},{"taxonomy":"post_tag","embeddable":true,"href":"https:\/\/tvbrazilusa.com\/pt\/wp-json\/wp\/v2\/tags?post=129287"}],"curies":[{"name":"wp","href":"https:\/\/api.w.org\/{rel}","templated":true}]}}