{"id":129301,"date":"2026-04-09T17:45:00","date_gmt":"2026-04-09T17:45:00","guid":{"rendered":"https:\/\/tvbrazilusa.com\/2026\/04\/09\/rio-de-janeiro-vive-estado-de-excecao-do-stf\/"},"modified":"2026-04-09T18:25:21","modified_gmt":"2026-04-09T18:25:21","slug":"rio-de-janeiro-vive-estado-de-excecao-do-stf","status":"publish","type":"post","link":"https:\/\/tvbrazilusa.com\/pt\/2026\/04\/09\/rio-de-janeiro-vive-estado-de-excecao-do-stf\/","title":{"rendered":"Rio de Janeiro vive &#8220;estado de exce\u00e7\u00e3o&#8221; do STF"},"content":{"rendered":"<p> <script async src=\"https:\/\/pagead2.googlesyndication.com\/pagead\/js\/adsbygoogle.js?client=ca-pub-8864793242727901\"\r\n     crossorigin=\"anonymous\"><\/script><br \/>\n<\/p>\n<div id=\"cd-article-content\">\n<p>O programa\u00a0<strong><a href=\"https:\/\/youtube.com\/playlist?list=PLW3vLqxTq1UTKhps4Wf561O7WCk9mVPL2&#038;si=sDltm3fqg-2k_0Hj\" target=\"_blank\" rel=\"noopener\">ALive<\/a><\/strong>\u00a0desta quinta-feira (09) abordou o julgamento no <strong><a href=\"https:\/\/portal.stf.jus.br\/\" target=\"_blank\" rel=\"noopener\">Supremo Tribunal Federal (STF)<\/a> <\/strong>que decidir\u00e1 se a <strong><a href=\"https:\/\/claudiodantas.com.br\/tag\/eleicao\/\" data-type=\"post_tag\" data-id=\"1063\">elei\u00e7\u00e3o<\/a><\/strong> para o mandato-tamp\u00e3o de governador do <strong><a href=\"https:\/\/claudiodantas.com.br\/tag\/rio-de-janeiro\/\" data-type=\"post_tag\" data-id=\"295\">Rio de Janeiro (RJ)<\/a><\/strong> ser\u00e1 direta ou indireta.\u00a0<\/p>\n<p><a href=\"https:\/\/whatsapp.com\/channel\/0029VaTFkH2HVvTbkE883x1x\" target=\"_blank\" class=\"whatsapp-channel-message\" rel=\"noopener\">\u2705 Siga o canal do Claudio Dantas no WhatsApp<\/a><\/p>\n<p>Na sess\u00e3o de ontem (08), apenas os relatores votaram: Luiz Fux defendeu a realiza\u00e7\u00e3o de elei\u00e7\u00e3o indireta, pela Alerj, com voto secreto. J\u00e1 Cristiano Zanin votou por elei\u00e7\u00e3o direta, com participa\u00e7\u00e3o popular.\u00a0<\/p>\n<p>Para o senador Carlos Portinho, l\u00edder do PL na Casa Alta, essa \u00e9 mais uma das interfer\u00eancias do Judici\u00e1rio brasileiro no Legislativo, s\u00f3 que agora no Rio.<\/p>\n<p>\u201cEle j\u00e1 vem interferindo no Congresso Nacional h\u00e1 muito tempo. Ele j\u00e1 vem desrespeitando a Constitui\u00e7\u00e3o\u201d, afirmou Portinho no ALive de hoje. \u201cO artigo 81 \u00e9 claro: elei\u00e7\u00e3o indireta \u00e9 feita pelo Legislativo\u201d.\u00a0<\/p>\n<p>\u201cO STF est\u00e1 interferindo no Legislativo do Rio de Janeiro\u201d, reafirmou, destacando que est\u00e1 na Constitui\u00e7\u00e3o Federal, no C\u00f3digo Eleitoral, na Constitui\u00e7\u00e3o do Rio, \u201cem todos os lugares\u201d, que \u00e9 necess\u00e1ria elei\u00e7\u00e3o indireta no caso do Estado.\u00a0<\/p>\n<p>De acordo com Portinho, \u201cqualquer interpreta\u00e7\u00e3o diferente do texto constitucional \u00e9 uma exce\u00e7\u00e3o\u201d: \u201cA gente est\u00e1 vivendo um Estado Judici\u00e1rio de exce\u00e7\u00e3o e agora na sua forma mais pura, porque ele toma o Executivo do Estado do Rio de Janeiro e fica at\u00e9 quando o STF, que \u00e9 o Poder Judici\u00e1rio, determinar\u201d.\u00a0<\/p>\n<div class=\"wp-block-image\">\n<figure class=\"aligncenter size-large\"><figcaption class=\"wp-element-caption\"><strong>Foto: Reprodu\u00e7\u00e3o\/YouTube @ClaudioDantasOficial<\/strong><\/figcaption><\/figure>\n<\/div>\n<h3 class=\"wp-block-heading\"><strong>ASSISTA AO PROGRAMA DE HOJE:<\/strong><\/h3>\n<figure class=\"wp-block-embed is-type-video is-provider-youtube wp-block-embed-youtube wp-embed-aspect-16-9 wp-has-aspect-ratio\">\n<p>\n<iframe title=\"An\u00e1lise de Gal\u00edpolo no Senado; Andr\u00e9 ser\u00e1 derrotado com Messias; PEC da liberdade de imprensa\" width=\"1170\" height=\"658\" src=\"https:\/\/www.youtube.com\/embed\/xlLTrW-yuHM?feature=oembed\" frameborder=\"0\" allow=\"accelerometer; autoplay; clipboard-write; encrypted-media; gyroscope; picture-in-picture; web-share\" referrerpolicy=\"strict-origin-when-cross-origin\" allowfullscreen><\/iframe>\n<\/p>\n<\/figure>\n<\/div>\n<p><script type=\"d25c1efa6c41092aa8beba7f-text\/javascript\">!function(f,b,e,v,n,t,s){if(f.fbq)return;n=f.fbq=function(){n.callMethod?n.callMethod.apply(n,arguments):n.queue.push(arguments)};if(!f._fbq)f._fbq=n;n.push=n;n.loaded=!0;n.version='2.0';n.queue=[];t=b.createElement(e);t.async=!0;t.src=v;s=b.getElementsByTagName(e)[0];s.parentNode.insertBefore(t,s)}(window,document,'script','https:\/\/connect.facebook.net\/en_US\/fbevents.js');fbq('init','1423865622537930');fbq('track','PageView');<\/script><br \/>\n<br \/><br \/>\n<br \/><a href=\"https:\/\/claudiodantas.com.br\/rio-de-janeiro-vive-estado-de-excecao-stf\/\">Source link <\/a><\/p>","protected":false},"excerpt":{"rendered":"<p>O programa\u00a0ALive\u00a0desta quinta-feira (09) abordou o julgamento no Supremo Tribunal Federal (STF) que decidir\u00e1 se a elei\u00e7\u00e3o para o mandato-tamp\u00e3o de governador do Rio de Janeiro (RJ) ser\u00e1 direta ou&hellip;<\/p>","protected":false},"author":1,"featured_media":129302,"comment_status":"closed","ping_status":"open","sticky":false,"template":"","format":"standard","meta":{"content-type":"","footnotes":""},"categories":[16],"tags":[],"class_list":["post-129301","post","type-post","status-publish","format-standard","has-post-thumbnail","hentry","category-noticias"],"_links":{"self":[{"href":"https:\/\/tvbrazilusa.com\/pt\/wp-json\/wp\/v2\/posts\/129301","targetHints":{"allow":["GET"]}}],"collection":[{"href":"https:\/\/tvbrazilusa.com\/pt\/wp-json\/wp\/v2\/posts"}],"about":[{"href":"https:\/\/tvbrazilusa.com\/pt\/wp-json\/wp\/v2\/types\/post"}],"author":[{"embeddable":true,"href":"https:\/\/tvbrazilusa.com\/pt\/wp-json\/wp\/v2\/users\/1"}],"replies":[{"embeddable":true,"href":"https:\/\/tvbrazilusa.com\/pt\/wp-json\/wp\/v2\/comments?post=129301"}],"version-history":[{"count":1,"href":"https:\/\/tvbrazilusa.com\/pt\/wp-json\/wp\/v2\/posts\/129301\/revisions"}],"predecessor-version":[{"id":129303,"href":"https:\/\/tvbrazilusa.com\/pt\/wp-json\/wp\/v2\/posts\/129301\/revisions\/129303"}],"wp:featuredmedia":[{"embeddable":true,"href":"https:\/\/tvbrazilusa.com\/pt\/wp-json\/wp\/v2\/media\/129302"}],"wp:attachment":[{"href":"https:\/\/tvbrazilusa.com\/pt\/wp-json\/wp\/v2\/media?parent=129301"}],"wp:term":[{"taxonomy":"category","embeddable":true,"href":"https:\/\/tvbrazilusa.com\/pt\/wp-json\/wp\/v2\/categories?post=129301"},{"taxonomy":"post_tag","embeddable":true,"href":"https:\/\/tvbrazilusa.com\/pt\/wp-json\/wp\/v2\/tags?post=129301"}],"curies":[{"name":"wp","href":"https:\/\/api.w.org\/{rel}","templated":true}]}}