{"id":129306,"date":"2026-04-09T18:25:00","date_gmt":"2026-04-09T18:25:00","guid":{"rendered":"https:\/\/tvbrazilusa.com\/2026\/04\/09\/carmen-lucia-anuncia-saida-antecipada-da-presidencia-do-tse-paulo-figueiredo\/"},"modified":"2026-04-09T18:31:32","modified_gmt":"2026-04-09T18:31:32","slug":"carmen-lucia-anuncia-saida-antecipada-da-presidencia-do-tse-paulo-figueiredo","status":"publish","type":"post","link":"https:\/\/tvbrazilusa.com\/pt\/2026\/04\/09\/carmen-lucia-anuncia-saida-antecipada-da-presidencia-do-tse-paulo-figueiredo\/","title":{"rendered":"C\u00e1rmen L\u00facia anuncia sa\u00edda antecipada da presid\u00eancia do TSE &#8211; Paulo Figueiredo"},"content":{"rendered":"<p> <script async src=\"https:\/\/pagead2.googlesyndication.com\/pagead\/js\/adsbygoogle.js?client=ca-pub-8864793242727901\"\r\n     crossorigin=\"anonymous\"><\/script><br \/>\n<\/p>\n<div id=\"wtr-content\" data-bg=\"#FFFFFF\" data-fg=\"#006d91\" data-width=\"25\" data-mute=\"1\" data-fgopacity=\"1.00\" data-mutedopacity=\"0.5\" data-placement=\"bottom\" data-placement-offset=\"0\" data-content-offset=\"262\" data-placement-touch=\"bottom\" data-placement-offset-touch=\"0\" data-transparent=\"\" data-shadow=\"0\" data-touch=\"1\" data-non-touch=\"1\" data-comments=\"0\" data-commentsbg=\"transparent\" data-location=\"page\" data-mutedfg=\"#006d91\" data-endfg=\"#006d91\" data-rtl=\"\">\n<h4 class=\"wp-block-heading\">Elei\u00e7\u00e3o ser\u00e1 em 14 de abril, e Nunes Marques assume a presid\u00eancia do TSE em maio<\/h4>\n<p>A presidente do\u00a0Tribunal Superior Eleitoral (TSE), ministra C\u00e1rmen L\u00facia, comunicou na manh\u00e3 desta quinta-feira (9\/4) que\u00a0antecipar\u00e1 sua sa\u00edda da Corte eleitoral.<\/p>\n<p>O mandato de C\u00e1rmen na presid\u00eancia do TSE se encerraria em 3 de julho, mas a ministra decidiu deixar o\u00a0cargo antes para ampliar o per\u00edodo de prepara\u00e7\u00e3o\u00a0para as elei\u00e7\u00f5es de outubro.<\/p>\n<p>Segundo ela, o pr\u00f3ximo presidente da Corte, o ministro Nunes Marques, teria cerca de 100 dias para organizar o\u00a0processo eleitoral caso a sa\u00edda ocorresse apenas no \u00faltimo dia do mandato.<\/p>\n<p>\u201cDecidi que, ao inv\u00e9s de deixar para o \u00faltimo dia de mandato, em 3 de julho, a sucess\u00e3o da presid\u00eancia deste Tribunal Superior Eleitoral se inicie antes, com os procedimentos para elei\u00e7\u00e3o dos novos dirigentes da Casa e o processo de transi\u00e7\u00e3o, para garantir equil\u00edbrio e tranquilidade na passagem das fun\u00e7\u00f5es\u201d, disse.<\/p>\n<p>Com isso, C\u00e1rmen L\u00facia marcou para o dia\u00a014 de abril a elei\u00e7\u00e3o da nova presid\u00eancia da Corte. A posse do novo presidente e do vice, o ministro Andr\u00e9 Mendon\u00e7a, est\u00e1 prevista para maio.<\/p>\n<p>C\u00e1rmen destacou que a sa\u00edda antecipada tamb\u00e9m permitir\u00e1 que ela se dedique integralmente \u00e0s fun\u00e7\u00f5es no\u00a0Supremo Tribunal Federal (STF).<\/p>\n<p><strong><a href=\"https:\/\/www.metropoles.com\/colunas\/manoela-alcantara\/carmen-lucia-anuncia-saida-antecipada-da-presidencia-do-tse\">Cr\u00e9dito Metr\u00f3poles<\/a><\/strong><\/p>\n<\/div>\n<p><br \/>\n<br \/><a href=\"https:\/\/paulofigueiredoshow.com\/carmen-lucia-anuncia-saida-antecipada-da-presidencia-do-tse\/\">Source link <\/a><\/p>","protected":false},"excerpt":{"rendered":"<p>Elei\u00e7\u00e3o ser\u00e1 em 14 de abril, e Nunes Marques assume a presid\u00eancia do TSE em maio A presidente do\u00a0Tribunal Superior Eleitoral (TSE), ministra C\u00e1rmen L\u00facia, comunicou na manh\u00e3 desta quinta-feira&hellip;<\/p>","protected":false},"author":1,"featured_media":38396,"comment_status":"closed","ping_status":"open","sticky":false,"template":"","format":"standard","meta":{"content-type":"","footnotes":""},"categories":[16],"tags":[],"class_list":["post-129306","post","type-post","status-publish","format-standard","has-post-thumbnail","hentry","category-noticias"],"_links":{"self":[{"href":"https:\/\/tvbrazilusa.com\/pt\/wp-json\/wp\/v2\/posts\/129306","targetHints":{"allow":["GET"]}}],"collection":[{"href":"https:\/\/tvbrazilusa.com\/pt\/wp-json\/wp\/v2\/posts"}],"about":[{"href":"https:\/\/tvbrazilusa.com\/pt\/wp-json\/wp\/v2\/types\/post"}],"author":[{"embeddable":true,"href":"https:\/\/tvbrazilusa.com\/pt\/wp-json\/wp\/v2\/users\/1"}],"replies":[{"embeddable":true,"href":"https:\/\/tvbrazilusa.com\/pt\/wp-json\/wp\/v2\/comments?post=129306"}],"version-history":[{"count":1,"href":"https:\/\/tvbrazilusa.com\/pt\/wp-json\/wp\/v2\/posts\/129306\/revisions"}],"predecessor-version":[{"id":129307,"href":"https:\/\/tvbrazilusa.com\/pt\/wp-json\/wp\/v2\/posts\/129306\/revisions\/129307"}],"wp:featuredmedia":[{"embeddable":true,"href":"https:\/\/tvbrazilusa.com\/pt\/wp-json\/wp\/v2\/media\/38396"}],"wp:attachment":[{"href":"https:\/\/tvbrazilusa.com\/pt\/wp-json\/wp\/v2\/media?parent=129306"}],"wp:term":[{"taxonomy":"category","embeddable":true,"href":"https:\/\/tvbrazilusa.com\/pt\/wp-json\/wp\/v2\/categories?post=129306"},{"taxonomy":"post_tag","embeddable":true,"href":"https:\/\/tvbrazilusa.com\/pt\/wp-json\/wp\/v2\/tags?post=129306"}],"curies":[{"name":"wp","href":"https:\/\/api.w.org\/{rel}","templated":true}]}}