{"id":129311,"date":"2026-04-09T18:48:31","date_gmt":"2026-04-09T18:48:31","guid":{"rendered":"https:\/\/tvbrazilusa.com\/2026\/04\/09\/gilmar-mendes-viajou-em-aviao-de-empresa-que-tinha-vorcaro-como-socio-diz-jornal-paulo-figueiredo\/"},"modified":"2026-04-09T18:50:36","modified_gmt":"2026-04-09T18:50:36","slug":"gilmar-mendes-viajou-em-aviao-de-empresa-que-tinha-vorcaro-como-socio-diz-jornal-paulo-figueiredo","status":"publish","type":"post","link":"https:\/\/tvbrazilusa.com\/pt\/2026\/04\/09\/gilmar-mendes-viajou-em-aviao-de-empresa-que-tinha-vorcaro-como-socio-diz-jornal-paulo-figueiredo\/","title":{"rendered":"Gilmar Mendes viajou em avi\u00e3o de empresa que tinha Vorcaro como s\u00f3cio, diz jornal &#8211; Paulo Figueiredo"},"content":{"rendered":"<p> <script async src=\"https:\/\/pagead2.googlesyndication.com\/pagead\/js\/adsbygoogle.js?client=ca-pub-8864793242727901\"\r\n     crossorigin=\"anonymous\"><\/script><br \/>\n<\/p>\n<div id=\"wtr-content\" data-bg=\"#FFFFFF\" data-fg=\"#006d91\" data-width=\"25\" data-mute=\"1\" data-fgopacity=\"1.00\" data-mutedopacity=\"0.5\" data-placement=\"bottom\" data-placement-offset=\"0\" data-content-offset=\"262\" data-placement-touch=\"bottom\" data-placement-offset-touch=\"0\" data-transparent=\"\" data-shadow=\"0\" data-touch=\"1\" data-non-touch=\"1\" data-comments=\"0\" data-commentsbg=\"transparent\" data-location=\"page\" data-mutedfg=\"#006d91\" data-endfg=\"#006d91\" data-rtl=\"\">\n<p>Decano do Supremo Tribunal Federal (STF), o ministro Gilmar Mendes viajou do Mato Grosso a Bras\u00edlia em um avi\u00e3o de uma empresa que tinha Daniel Vorcaro como s\u00f3cio. Segundo informa\u00e7\u00f5es do jornal\u00a0<em>O Estado de S. Paulo<\/em>, a viagem aconteceu no dia 1\u00ba de fevereiro de 2025.<\/p>\n<p>Ainda de acordo com as informa\u00e7\u00f5es do jornal, o deslocamento aconteceu ap\u00f3s a posse do irm\u00e3o de Gilmar, Chico Mendes, como prefeito de Diamantino, um reduto da fam\u00edlia no estado. O ministro respondeu ao jornal que aceitou uma carona do empres\u00e1rio Marcos Molina, sendo acomodado em um avi\u00e3o da\u00a0<em>Prime You<\/em>, que tinha Vorcaro no seu quadro societ\u00e1rio.<\/p>\n<p>A\u00a0<em>Prime You<\/em>\u00a0\u00e9 a mesma empresa de compartilhamento de jatos do\u00a0voo em que viajou Nikolas Ferreira (PL-MG), segundo reportagem da coluna da jornalista Malu Gaspar, do jornal\u00a0<em>O Globo<\/em>.\u00a0Na \u00e9poca, o deputado afirmou que n\u00e3o tinha como saber que Vorcaro seria acusado de crimes no futuro.<\/p>\n<p>A\u00a0<em>Prime You<\/em>\u00a0tamb\u00e9m confirmou ao<em>\u00a0Estad\u00e3o<\/em>\u00a0a viagem, mas negou rela\u00e7\u00e3o pessoal de Molina com Daniel Vorcaro. Com Gilmar, agora s\u00e3o quatro dos dez ministros da atual composi\u00e7\u00e3o do STF que s\u00e3o acusados de\u00a0viajar em jatos\u00a0ligados ao esc\u00e2ndalo do Master. A reportagem da\u00a0<strong>Gazeta do Povo<\/strong>\u00a0entrou em contato com a assessoria do STF, mas n\u00e3o obteve resposta. O espa\u00e7o segue aberto para qualquer manifesta\u00e7\u00e3o.<\/p>\n<p><strong><a href=\"https:\/\/www.gazetadopovo.com.br\/republica\/gilmar-mendes-viajou-em-aviao-de-empresa-que-tinha-vorcaro-como-socio-diz-jornal\/\">Cr\u00e9dito Gazeta do Povo<\/a><\/strong><\/p>\n<\/div>\n<p><br \/>\n<br \/><a href=\"https:\/\/paulofigueiredoshow.com\/gilmar-mendes-viajou-em-aviao-de-empresa-que-tinha-vorcaro-como-socio-diz-jornal\/\">Source link <\/a><\/p>","protected":false},"excerpt":{"rendered":"<p>Decano do Supremo Tribunal Federal (STF), o ministro Gilmar Mendes viajou do Mato Grosso a Bras\u00edlia em um avi\u00e3o de uma empresa que tinha Daniel Vorcaro como s\u00f3cio. Segundo informa\u00e7\u00f5es&hellip;<\/p>","protected":false},"author":1,"featured_media":129312,"comment_status":"closed","ping_status":"open","sticky":false,"template":"","format":"standard","meta":{"content-type":"","footnotes":""},"categories":[16],"tags":[],"class_list":["post-129311","post","type-post","status-publish","format-standard","has-post-thumbnail","hentry","category-noticias"],"_links":{"self":[{"href":"https:\/\/tvbrazilusa.com\/pt\/wp-json\/wp\/v2\/posts\/129311","targetHints":{"allow":["GET"]}}],"collection":[{"href":"https:\/\/tvbrazilusa.com\/pt\/wp-json\/wp\/v2\/posts"}],"about":[{"href":"https:\/\/tvbrazilusa.com\/pt\/wp-json\/wp\/v2\/types\/post"}],"author":[{"embeddable":true,"href":"https:\/\/tvbrazilusa.com\/pt\/wp-json\/wp\/v2\/users\/1"}],"replies":[{"embeddable":true,"href":"https:\/\/tvbrazilusa.com\/pt\/wp-json\/wp\/v2\/comments?post=129311"}],"version-history":[{"count":1,"href":"https:\/\/tvbrazilusa.com\/pt\/wp-json\/wp\/v2\/posts\/129311\/revisions"}],"predecessor-version":[{"id":129313,"href":"https:\/\/tvbrazilusa.com\/pt\/wp-json\/wp\/v2\/posts\/129311\/revisions\/129313"}],"wp:featuredmedia":[{"embeddable":true,"href":"https:\/\/tvbrazilusa.com\/pt\/wp-json\/wp\/v2\/media\/129312"}],"wp:attachment":[{"href":"https:\/\/tvbrazilusa.com\/pt\/wp-json\/wp\/v2\/media?parent=129311"}],"wp:term":[{"taxonomy":"category","embeddable":true,"href":"https:\/\/tvbrazilusa.com\/pt\/wp-json\/wp\/v2\/categories?post=129311"},{"taxonomy":"post_tag","embeddable":true,"href":"https:\/\/tvbrazilusa.com\/pt\/wp-json\/wp\/v2\/tags?post=129311"}],"curies":[{"name":"wp","href":"https:\/\/api.w.org\/{rel}","templated":true}]}}