{"id":129317,"date":"2026-04-09T18:00:00","date_gmt":"2026-04-09T18:00:00","guid":{"rendered":"https:\/\/tvbrazilusa.com\/2026\/04\/09\/hoje-o-governo-do-rj-amanha-a-presidencia-da-republica\/"},"modified":"2026-04-09T19:08:30","modified_gmt":"2026-04-09T19:08:30","slug":"hoje-o-governo-do-rj-amanha-a-presidencia-da-republica","status":"publish","type":"post","link":"https:\/\/tvbrazilusa.com\/pt\/2026\/04\/09\/hoje-o-governo-do-rj-amanha-a-presidencia-da-republica\/","title":{"rendered":"Hoje o governo do RJ, amanh\u00e3 a Presid\u00eancia da Rep\u00fablica"},"content":{"rendered":"<p> <script async src=\"https:\/\/pagead2.googlesyndication.com\/pagead\/js\/adsbygoogle.js?client=ca-pub-8864793242727901\"\r\n     crossorigin=\"anonymous\"><\/script><br \/>\n<\/p>\n<div id=\"cd-article-content\">\n<p>Durante o programa\u00a0<strong><a href=\"https:\/\/www.youtube.com\/playlist?list=PLW3vLqxTq1UTKhps4Wf561O7WCk9mVPL2\" target=\"_blank\" rel=\"noopener\">ALive<\/a><\/strong>\u00a0desta quinta-feira (09), o apresentador <strong><a href=\"https:\/\/claudiodantas.com.br\/sobre\/\" data-type=\"page\" data-id=\"81337\">Claudio Dantas<\/a><\/strong> afirmou que o julgamento do <strong><a href=\"https:\/\/portal.stf.jus.br\/\" target=\"_blank\" rel=\"noopener\">Supremo Tribunal Federal (STF)<\/a><\/strong> sobre a elei\u00e7\u00e3o para o <strong><a href=\"https:\/\/claudiodantas.com.br\/tag\/mandato-tampao\/\" data-type=\"post_tag\" data-id=\"14868\">mandato-tamp\u00e3o<\/a><\/strong> de <strong><a href=\"https:\/\/claudiodantas.com.br\/tag\/governador\/\" data-type=\"post_tag\" data-id=\"2187\">governador<\/a><\/strong> do <strong><a href=\"https:\/\/claudiodantas.com.br\/tag\/rio-de-janeiro\/\" data-type=\"post_tag\" data-id=\"295\">Rio de Janeiro (RJ)<\/a><\/strong> n\u00e3o \u00e9 um assunto apenas do Estado, mas sim de interesse nacional.\u00a0<\/p>\n<p><a href=\"https:\/\/whatsapp.com\/channel\/0029VaTFkH2HVvTbkE883x1x\" target=\"_blank\" class=\"whatsapp-channel-message\" rel=\"noopener\">\u2705 Siga o canal do Claudio Dantas no WhatsApp<\/a><\/p>\n<p>Na sess\u00e3o de ontem (08), apenas os relatores votaram: Luiz Fux defendeu a realiza\u00e7\u00e3o de elei\u00e7\u00e3o indireta, pela Alerj, com voto secreto. J\u00e1 Cristiano Zanin votou por elei\u00e7\u00e3o direta, com participa\u00e7\u00e3o popular.\u00a0<\/p>\n<p>Para Dantas, o Supremo pode abrir uma janela \u201cque n\u00e3o poder\u00e1 ser fechada\u201d no futuro, j\u00e1 que a Corte pode causar a \u201csupress\u00e3o da cadeia sucess\u00f3ria\u201d no RJ e decidir \u201cquem ele quer colocar\u201d no Poder.<\/p>\n<p>O Supremo, criticou Dantas, coloca \u201cum desembargador no cargo de governador e mant\u00e9m esse desembargador a seu bel prazer, [\u2026] ele [o STF] atropela uma decis\u00e3o que ainda n\u00e3o est\u00e1 transitada no TSE\u201d.<\/p>\n<p>\u201cA gente aqui est\u00e1 diante de mais um abuso, mais um absurdo pol\u00edtico-jur\u00eddico deste STF, da c\u00fapula deste STF, que vai realmente esgar\u00e7ar ainda mais o tecido institucional da Rep\u00fablica\u201d, afirmou o apresentador do ALive.\u00a0<\/p>\n<p>Na vis\u00e3o do jornalista, \u201cuma vez consolidada essa situa\u00e7\u00e3o\u201d, de mudan\u00e7a no rito de quem assume mandato-tamp\u00e3o no RJ, j\u00e1 que o certo seria por meio de vota\u00e7\u00e3o na Alerj, mas ministros da Corte querem tomar outro rumo, um futuro presidente do Supremo pode se tornar presidente do Brasil.\u00a0<\/p>\n<p>\u201cN\u00f3s vamos abrir a porta para que amanh\u00e3, 2027, o pr\u00f3ximo presidente do STF [que ser\u00e1 Alexandre de Moraes] resolva criar uma situa\u00e7\u00e3o de impedimento para um presidente da Rep\u00fablica eleito [\u2026] um impedimento pro presidente, [\u2026] um impedimento pro vice-presidente, [\u2026] um impedimento pro presidente do Congresso Nacional, e ele assume como presidente da Rep\u00fablica\u201d, finalizou Dantas.<\/p>\n<div class=\"wp-block-image\">\n<figure class=\"aligncenter size-full is-resized\"><figcaption class=\"wp-element-caption\"><strong>Foto: Reprodu\u00e7\u00e3o\/YouTube @ClaudioDantasOficial<\/strong><\/figcaption><\/figure>\n<\/div>\n<h3 class=\"wp-block-heading\"><strong>ASSISTA AO PROGRAMA DE HOJE:<\/strong><\/h3>\n<figure class=\"wp-block-embed aligncenter is-type-video is-provider-youtube wp-block-embed-youtube wp-embed-aspect-16-9 wp-has-aspect-ratio\">\n<p>\n<iframe title=\"An\u00e1lise de Gal\u00edpolo no Senado; Andr\u00e9 ser\u00e1 derrotado com Messias; PEC da liberdade de imprensa\" width=\"1170\" height=\"658\" src=\"https:\/\/www.youtube.com\/embed\/xlLTrW-yuHM?feature=oembed\" frameborder=\"0\" allow=\"accelerometer; autoplay; clipboard-write; encrypted-media; gyroscope; picture-in-picture; web-share\" referrerpolicy=\"strict-origin-when-cross-origin\" allowfullscreen><\/iframe>\n<\/p>\n<\/figure>\n<figure class=\"wp-block-embed aligncenter is-type-wp-embed is-provider-claudio-dantas wp-block-embed-claudio-dantas\"\/>\n<\/div>\n<p><script type=\"d3cefb889c4212d7a6d1d0c6-text\/javascript\">!function(f,b,e,v,n,t,s){if(f.fbq)return;n=f.fbq=function(){n.callMethod?n.callMethod.apply(n,arguments):n.queue.push(arguments)};if(!f._fbq)f._fbq=n;n.push=n;n.loaded=!0;n.version='2.0';n.queue=[];t=b.createElement(e);t.async=!0;t.src=v;s=b.getElementsByTagName(e)[0];s.parentNode.insertBefore(t,s)}(window,document,'script','https:\/\/connect.facebook.net\/en_US\/fbevents.js');fbq('init','1423865622537930');fbq('track','PageView');<\/script><br \/>\n<br \/><br \/>\n<br \/><a href=\"https:\/\/claudiodantas.com.br\/hoje-governo-rj-amanha-presidencia-republica\/\">Source link <\/a><\/p>","protected":false},"excerpt":{"rendered":"<p>Durante o programa\u00a0ALive\u00a0desta quinta-feira (09), o apresentador Claudio Dantas afirmou que o julgamento do Supremo Tribunal Federal (STF) sobre a elei\u00e7\u00e3o para o mandato-tamp\u00e3o de governador do Rio de Janeiro&hellip;<\/p>","protected":false},"author":1,"featured_media":129318,"comment_status":"closed","ping_status":"open","sticky":false,"template":"","format":"standard","meta":{"content-type":"","footnotes":""},"categories":[16],"tags":[],"class_list":["post-129317","post","type-post","status-publish","format-standard","has-post-thumbnail","hentry","category-noticias"],"_links":{"self":[{"href":"https:\/\/tvbrazilusa.com\/pt\/wp-json\/wp\/v2\/posts\/129317","targetHints":{"allow":["GET"]}}],"collection":[{"href":"https:\/\/tvbrazilusa.com\/pt\/wp-json\/wp\/v2\/posts"}],"about":[{"href":"https:\/\/tvbrazilusa.com\/pt\/wp-json\/wp\/v2\/types\/post"}],"author":[{"embeddable":true,"href":"https:\/\/tvbrazilusa.com\/pt\/wp-json\/wp\/v2\/users\/1"}],"replies":[{"embeddable":true,"href":"https:\/\/tvbrazilusa.com\/pt\/wp-json\/wp\/v2\/comments?post=129317"}],"version-history":[{"count":1,"href":"https:\/\/tvbrazilusa.com\/pt\/wp-json\/wp\/v2\/posts\/129317\/revisions"}],"predecessor-version":[{"id":129319,"href":"https:\/\/tvbrazilusa.com\/pt\/wp-json\/wp\/v2\/posts\/129317\/revisions\/129319"}],"wp:featuredmedia":[{"embeddable":true,"href":"https:\/\/tvbrazilusa.com\/pt\/wp-json\/wp\/v2\/media\/129318"}],"wp:attachment":[{"href":"https:\/\/tvbrazilusa.com\/pt\/wp-json\/wp\/v2\/media?parent=129317"}],"wp:term":[{"taxonomy":"category","embeddable":true,"href":"https:\/\/tvbrazilusa.com\/pt\/wp-json\/wp\/v2\/categories?post=129317"},{"taxonomy":"post_tag","embeddable":true,"href":"https:\/\/tvbrazilusa.com\/pt\/wp-json\/wp\/v2\/tags?post=129317"}],"curies":[{"name":"wp","href":"https:\/\/api.w.org\/{rel}","templated":true}]}}