{"id":129323,"date":"2026-04-09T20:49:04","date_gmt":"2026-04-09T20:49:04","guid":{"rendered":"https:\/\/tvbrazilusa.com\/2026\/04\/09\/stf-acumula-786-em-mencoes-negativas-nas-redes-sociais-aponta-estudo-paulo-figueiredo\/"},"modified":"2026-04-09T20:52:35","modified_gmt":"2026-04-09T20:52:35","slug":"stf-acumula-786-em-mencoes-negativas-nas-redes-sociais-aponta-estudo-paulo-figueiredo","status":"publish","type":"post","link":"https:\/\/tvbrazilusa.com\/pt\/2026\/04\/09\/stf-acumula-786-em-mencoes-negativas-nas-redes-sociais-aponta-estudo-paulo-figueiredo\/","title":{"rendered":"STF acumula 78,6% em men\u00e7\u00f5es negativas nas redes sociais, aponta estudo &#8211; Paulo Figueiredo"},"content":{"rendered":"<p> <script async src=\"https:\/\/pagead2.googlesyndication.com\/pagead\/js\/adsbygoogle.js?client=ca-pub-8864793242727901\"\r\n     crossorigin=\"anonymous\"><\/script><br \/>\n<\/p>\n<div id=\"wtr-content\" data-bg=\"#FFFFFF\" data-fg=\"#006d91\" data-width=\"25\" data-mute=\"1\" data-fgopacity=\"1.00\" data-mutedopacity=\"0.5\" data-placement=\"bottom\" data-placement-offset=\"0\" data-content-offset=\"262\" data-placement-touch=\"bottom\" data-placement-offset-touch=\"0\" data-transparent=\"\" data-shadow=\"0\" data-touch=\"1\" data-non-touch=\"1\" data-comments=\"0\" data-commentsbg=\"transparent\" data-location=\"page\" data-mutedfg=\"#006d91\" data-endfg=\"#006d91\" data-rtl=\"\">\n<p>Em mar\u00e7o de 2026, o Supremo Tribunal Federal (STF) acumulou 78,6% de men\u00e7\u00f5es negativas em uma amostra de 56,2 milh\u00f5es de postagens nas redes sociais Facebook, Instagram, X e TikTok. O volume foi puxado por rea\u00e7\u00f5es negativas a Alexandre de Moraes, Dias Toffoli e Nunes Marques, mas aplacado por elogios a Andr\u00e9 Mendon\u00e7a. Enquanto isso, 11,4% das men\u00e7\u00f5es s\u00e3o neutras e menos de 10% adotam um discurso de defesa institucional.<\/p>\n<p>Os dados s\u00e3o do estudo \u201cSTF sob press\u00e3o digital\u201d, da AtivaWeb Datalab, divulgado nesta ter\u00e7a-feira (7). O subt\u00edtulo do relat\u00f3rio traz a avalia\u00e7\u00e3o geral do quadro: \u201cNo digital, n\u00e3o existe indiv\u00edduo sem institui\u00e7\u00e3o e o STF est\u00e1 pagando essa conta\u201d. De acordo com o documento, a manuten\u00e7\u00e3o do cen\u00e1rio em tr\u00eas meses consecutivos demonstra uma consolida\u00e7\u00e3o da crise de imagem da Corte.<\/p>\n<p>A an\u00e1lise qualitativa indica que, embora as cr\u00edticas sejam direcionadas a ministros espec\u00edficos, o usu\u00e1rio m\u00e9dio n\u00e3o separa ministro e Corte, igualando ambos em um sentimento de avers\u00e3o, impulsionado pela percep\u00e7\u00e3o de excesso e, com ele, abuso de poder.<\/p>\n<p>Ainda de acordo com o instituto, a solu\u00e7\u00e3o passaria por evidenciar que os mandatos terminam, destacar o funcionamento das decis\u00f5es colegiadas, contextualizar as decis\u00f5es monocr\u00e1ticas e exaltar os julgamentos hist\u00f3ricos, tudo isso com base na posi\u00e7\u00e3o que a Corte j\u00e1 ocupa nas redes sociais.<\/p>\n<p>Atualmente, o Supremo possui 53 mil seguidores no Facebook, 740 mil no Instagram, 2,5 milh\u00f5es no X e 141,1 mil no TikTok, totalizando 3,4 milh\u00f5es. Para fins de compara\u00e7\u00e3o, o presidente Lula (PT) acumula 36,1 milh\u00f5es nas mesmas redes, enquanto o ex-presidente Jair Bolsonaro (PL) soma 61,4 milh\u00f5es.<\/p>\n<p>O caso Master atingiu em cheio a reputa\u00e7\u00e3o dos magistrados e levou o presidente do STF, Edson Fachin, a articular a cria\u00e7\u00e3o de um c\u00f3digo de \u00e9tica. Em outra frente, o ministro Fl\u00e1vio Dino tenta recuperar o apoio popular com a\u00e7\u00f5es que controlam as emendas parlamentares e restringem o pagamento de benef\u00edcios acima do teto salarial do funcionalismo p\u00fablico, os chamados \u201cpenduricalhos\u201d.<\/p>\n<p><strong><a href=\"https:\/\/www.gazetadopovo.com.br\/republica\/stf-acumula-78-6-em-mencoes-negativas-nas-redes-sociais-aponta-estudo\/\">Cr\u00e9dito Gazeta do Povo<\/a><\/strong><\/p>\n<\/div>\n<p><br \/>\n<br \/><a href=\"https:\/\/paulofigueiredoshow.com\/stf-acumula-786-em-mencoes-negativas-nas-redes-sociais-aponta-estudo\/\">Source link <\/a><\/p>","protected":false},"excerpt":{"rendered":"<p>Em mar\u00e7o de 2026, o Supremo Tribunal Federal (STF) acumulou 78,6% de men\u00e7\u00f5es negativas em uma amostra de 56,2 milh\u00f5es de postagens nas redes sociais Facebook, Instagram, X e TikTok.&hellip;<\/p>","protected":false},"author":1,"featured_media":129324,"comment_status":"closed","ping_status":"open","sticky":false,"template":"","format":"standard","meta":{"content-type":"","footnotes":""},"categories":[16],"tags":[],"class_list":["post-129323","post","type-post","status-publish","format-standard","has-post-thumbnail","hentry","category-noticias"],"_links":{"self":[{"href":"https:\/\/tvbrazilusa.com\/pt\/wp-json\/wp\/v2\/posts\/129323","targetHints":{"allow":["GET"]}}],"collection":[{"href":"https:\/\/tvbrazilusa.com\/pt\/wp-json\/wp\/v2\/posts"}],"about":[{"href":"https:\/\/tvbrazilusa.com\/pt\/wp-json\/wp\/v2\/types\/post"}],"author":[{"embeddable":true,"href":"https:\/\/tvbrazilusa.com\/pt\/wp-json\/wp\/v2\/users\/1"}],"replies":[{"embeddable":true,"href":"https:\/\/tvbrazilusa.com\/pt\/wp-json\/wp\/v2\/comments?post=129323"}],"version-history":[{"count":1,"href":"https:\/\/tvbrazilusa.com\/pt\/wp-json\/wp\/v2\/posts\/129323\/revisions"}],"predecessor-version":[{"id":129325,"href":"https:\/\/tvbrazilusa.com\/pt\/wp-json\/wp\/v2\/posts\/129323\/revisions\/129325"}],"wp:featuredmedia":[{"embeddable":true,"href":"https:\/\/tvbrazilusa.com\/pt\/wp-json\/wp\/v2\/media\/129324"}],"wp:attachment":[{"href":"https:\/\/tvbrazilusa.com\/pt\/wp-json\/wp\/v2\/media?parent=129323"}],"wp:term":[{"taxonomy":"category","embeddable":true,"href":"https:\/\/tvbrazilusa.com\/pt\/wp-json\/wp\/v2\/categories?post=129323"},{"taxonomy":"post_tag","embeddable":true,"href":"https:\/\/tvbrazilusa.com\/pt\/wp-json\/wp\/v2\/tags?post=129323"}],"curies":[{"name":"wp","href":"https:\/\/api.w.org\/{rel}","templated":true}]}}