{"id":129326,"date":"2026-04-09T20:53:03","date_gmt":"2026-04-09T20:53:03","guid":{"rendered":"https:\/\/tvbrazilusa.com\/2026\/04\/09\/alcolumbre-encaminha-carta-de-lula-a-ccj-e-senado-marca-sabatina-da-indicacao-de-messias-paulo-figueiredo\/"},"modified":"2026-04-09T20:58:35","modified_gmt":"2026-04-09T20:58:35","slug":"alcolumbre-encaminha-carta-de-lula-a-ccj-e-senado-marca-sabatina-da-indicacao-de-messias-paulo-figueiredo","status":"publish","type":"post","link":"https:\/\/tvbrazilusa.com\/pt\/2026\/04\/09\/alcolumbre-encaminha-carta-de-lula-a-ccj-e-senado-marca-sabatina-da-indicacao-de-messias-paulo-figueiredo\/","title":{"rendered":"Alcolumbre encaminha carta de Lula \u00e0 CCJ e Senado marca sabatina da indica\u00e7\u00e3o de Messias &#8211; Paulo Figueiredo"},"content":{"rendered":"<p> <script async src=\"https:\/\/pagead2.googlesyndication.com\/pagead\/js\/adsbygoogle.js?client=ca-pub-8864793242727901\"\r\n     crossorigin=\"anonymous\"><\/script><br \/>\n<\/p>\n<div id=\"wtr-content\" data-bg=\"#FFFFFF\" data-fg=\"#006d91\" data-width=\"25\" data-mute=\"1\" data-fgopacity=\"1.00\" data-mutedopacity=\"0.5\" data-placement=\"bottom\" data-placement-offset=\"0\" data-content-offset=\"262\" data-placement-touch=\"bottom\" data-placement-offset-touch=\"0\" data-transparent=\"\" data-shadow=\"0\" data-touch=\"1\" data-non-touch=\"1\" data-comments=\"0\" data-commentsbg=\"transparent\" data-location=\"page\" data-mutedfg=\"#006d91\" data-endfg=\"#006d91\" data-rtl=\"\">\n<p>Relator do processo, o senador Weverton Rocha (PDT-MA) informou nesta quinta-feira (9) que foi destravada por Davi Alcolumbre (Uni\u00e3o-AP) a indica\u00e7\u00e3o do nome do advogado-geral da Uni\u00e3o, Jorge Messias, para uma vaga como ministro do Supremo Tribunal Federal (STF). Ele detalhou qual ser\u00e1 o calend\u00e1rio da indica\u00e7\u00e3o, que incluir\u00e1 leitura do relat\u00f3rio na Comiss\u00e3o de Constitui\u00e7\u00e3o e Justi\u00e7a (CCJ) no pr\u00f3ximo dia 15 e sabatina no dia 29 de abril.<\/p>\n<p>\u201cComo teremos mais uma semana com feriado, ficou combinado que a sabatina na CCJ ser\u00e1 na quarta-feira do dia 29, seguindo aquele mesmo rito, terminou a sabatina j\u00e1 traremos ao plen\u00e1rio o que foi apresentado e decidido\u201d, declarou o senador em entrevista coletiva em Bras\u00edlia.<\/p>\n<p>Weverton atribuiu a demora no encaminhamento da indica\u00e7\u00e3o \u00e0 entrega da carta do governo federal na semana de P\u00e1scoa. Com o feriado, o quarto dia \u00fatil desde a chegada do documento teria ca\u00eddo nesta quinta-feira. Outros feriados tamb\u00e9m postergaram a sabatina para o final do m\u00eas.<\/p>\n<p>Tamb\u00e9m nesta quinta, o presidente Lula (PT) autorizou as f\u00e9rias do advogado-geral da Uni\u00e3o, Jorge Messias, que v\u00e3o at\u00e9 o dia 30 de abril. A homologa\u00e7\u00e3o foi publicada no Di\u00e1rio Oficial da Uni\u00e3o. Messias foi indicado ao cargo de ministro do Supremo Tribunal Federal (STF) e aguardava que fosse agendada sua sabatina.<\/p>\n<p>Com as f\u00e9rias, o advogado ganha mais tempo para o tradicional \u201cbeija-m\u00e3o\u201d, como \u00e9 chamada a visita a cada gabinete em busca de apoio. Ap\u00f3s o an\u00fancio de quem seria seu indicado, Lula viu ocorrer um desconforto decorrente de uma postagem de Messias se colocando \u00e0 disposi\u00e7\u00e3o do Senado, sem que houvesse, antes, uma reuni\u00e3o fechada com Alcolumbre. O presidente do Senado j\u00e1 estava descontente, uma vez que sua expectativa era pela indica\u00e7\u00e3o do senador Rodrigo Pacheco (PSB-MG).<\/p>\n<p><strong><a href=\"https:\/\/www.gazetadopovo.com.br\/republica\/alcolumbre-encaminha-carta-de-lula-a-ccj-e-senado-marca-sabatina-da-indicacao-de-messias\/\">Cr\u00e9dito Gazeta do Povo<\/a><\/strong><\/p>\n<\/div>\n<p><br \/>\n<br \/><a href=\"https:\/\/paulofigueiredoshow.com\/alcolumbre-encaminha-carta-de-lula-a-ccj-e-senado-marca-sabatina-da-indicacao-de-messias\/\">Source link <\/a><\/p>","protected":false},"excerpt":{"rendered":"<p>Relator do processo, o senador Weverton Rocha (PDT-MA) informou nesta quinta-feira (9) que foi destravada por Davi Alcolumbre (Uni\u00e3o-AP) a indica\u00e7\u00e3o do nome do advogado-geral da Uni\u00e3o, Jorge Messias, para&hellip;<\/p>","protected":false},"author":1,"featured_media":129327,"comment_status":"closed","ping_status":"open","sticky":false,"template":"","format":"standard","meta":{"content-type":"","footnotes":""},"categories":[16],"tags":[],"class_list":["post-129326","post","type-post","status-publish","format-standard","has-post-thumbnail","hentry","category-noticias"],"_links":{"self":[{"href":"https:\/\/tvbrazilusa.com\/pt\/wp-json\/wp\/v2\/posts\/129326","targetHints":{"allow":["GET"]}}],"collection":[{"href":"https:\/\/tvbrazilusa.com\/pt\/wp-json\/wp\/v2\/posts"}],"about":[{"href":"https:\/\/tvbrazilusa.com\/pt\/wp-json\/wp\/v2\/types\/post"}],"author":[{"embeddable":true,"href":"https:\/\/tvbrazilusa.com\/pt\/wp-json\/wp\/v2\/users\/1"}],"replies":[{"embeddable":true,"href":"https:\/\/tvbrazilusa.com\/pt\/wp-json\/wp\/v2\/comments?post=129326"}],"version-history":[{"count":1,"href":"https:\/\/tvbrazilusa.com\/pt\/wp-json\/wp\/v2\/posts\/129326\/revisions"}],"predecessor-version":[{"id":129328,"href":"https:\/\/tvbrazilusa.com\/pt\/wp-json\/wp\/v2\/posts\/129326\/revisions\/129328"}],"wp:featuredmedia":[{"embeddable":true,"href":"https:\/\/tvbrazilusa.com\/pt\/wp-json\/wp\/v2\/media\/129327"}],"wp:attachment":[{"href":"https:\/\/tvbrazilusa.com\/pt\/wp-json\/wp\/v2\/media?parent=129326"}],"wp:term":[{"taxonomy":"category","embeddable":true,"href":"https:\/\/tvbrazilusa.com\/pt\/wp-json\/wp\/v2\/categories?post=129326"},{"taxonomy":"post_tag","embeddable":true,"href":"https:\/\/tvbrazilusa.com\/pt\/wp-json\/wp\/v2\/tags?post=129326"}],"curies":[{"name":"wp","href":"https:\/\/api.w.org\/{rel}","templated":true}]}}