{"id":129340,"date":"2026-04-09T22:23:23","date_gmt":"2026-04-09T22:23:23","guid":{"rendered":"https:\/\/tvbrazilusa.com\/2026\/04\/09\/putin-anuncia-cessar-fogo-temporario-e-espera-resposta-da-ucrania-paulo-figueiredo\/"},"modified":"2026-04-09T22:24:18","modified_gmt":"2026-04-09T22:24:18","slug":"putin-anuncia-cessar-fogo-temporario-e-espera-resposta-da-ucrania-paulo-figueiredo","status":"publish","type":"post","link":"https:\/\/tvbrazilusa.com\/pt\/2026\/04\/09\/putin-anuncia-cessar-fogo-temporario-e-espera-resposta-da-ucrania-paulo-figueiredo\/","title":{"rendered":"Putin anuncia cessar-fogo tempor\u00e1rio e espera resposta da Ucr\u00e2nia &#8211; Paulo Figueiredo"},"content":{"rendered":"<p> <script async src=\"https:\/\/pagead2.googlesyndication.com\/pagead\/js\/adsbygoogle.js?client=ca-pub-8864793242727901\"\r\n     crossorigin=\"anonymous\"><\/script><br \/>\n<\/p>\n<div id=\"wtr-content\" data-bg=\"#FFFFFF\" data-fg=\"#006d91\" data-width=\"25\" data-mute=\"1\" data-fgopacity=\"1.00\" data-mutedopacity=\"0.5\" data-placement=\"bottom\" data-placement-offset=\"0\" data-content-offset=\"262\" data-placement-touch=\"bottom\" data-placement-offset-touch=\"0\" data-transparent=\"\" data-shadow=\"0\" data-touch=\"1\" data-non-touch=\"1\" data-comments=\"0\" data-commentsbg=\"transparent\" data-location=\"page\" data-mutedfg=\"#006d91\" data-endfg=\"#006d91\" data-rtl=\"\">\n<h4 class=\"wp-block-heading\">Tr\u00e9gua de dois dias foi declarada pela R\u00fassia durante feriado ortodoxo e depende de resposta de Kiev<\/h4>\n<p>O presidente da R\u00fassia, Vladimir Putin, anunciou nesta quinta-feira (9\/4)\u00a0um cessar-fogo tempor\u00e1rio de dois dias na guerra contra a Ucr\u00e2nia, em raz\u00e3o da celebra\u00e7\u00e3o da P\u00e1scoa Ortodoxa.<\/p>\n<p>Segundo comunicado do Kremlin, a tr\u00e9gua ter\u00e1 in\u00edcio \u00e0s 16h do dia 11 de abril e seguir\u00e1 at\u00e9 o fim de 12 de abril. Moscou afirmou esperar que Kiev adote a mesma medida durante o per\u00edodo.<\/p>\n<blockquote class=\"wp-block-quote is-layout-flow wp-block-quote-is-layout-flow\">\n<p>\u201cPartimos do princ\u00edpio de que o lado ucraniano seguir\u00e1 o exemplo da\u00a0Federa\u00e7\u00e3o Russa\u201c, afirma o comunicado.<\/p>\n<\/blockquote>\n<p>O an\u00fancio ocorre em meio a um conflito prolongado, que completou quatro anos em 2026, sem avan\u00e7os concretos rumo a um acordo de paz duradouro. Ao longo da guerra, propostas semelhantes de cessar-fogo foram marcadas por acusa\u00e7\u00f5es m\u00fatuas de descumprimento.<\/p>\n<p>Paralelamente, medidas humanit\u00e1rias v\u00eam sendo mantidas entre os dois lados. Mais cedo, a R\u00fassia entregou 1.000 corpos de soldados ucranianos mortos em troca de 41 corpos de militares russos, de acordo com a ag\u00eancia estatal Tass.<\/p>\n<h4 class=\"wp-block-heading\">Negocia\u00e7\u00f5es seguem com impasses<\/h4>\n<p>Apesar desses gestos pontuais, as negocia\u00e7\u00f5es seguem travadas.\u00a0O porta-voz do Kremlin, Dmitry Peskov, afirmou recentemente que as tratativas est\u00e3o em uma \u201cpausa situacional\u201d, mas defendeu que a R\u00fassia mant\u00e9m uma atua\u00e7\u00e3o \u201cinteligente\u201d\u00a0no cen\u00e1rio internacional, baseada em princ\u00edpios que classificou como \u201ccl\u00e1ssicos\u201d e duradouros.<\/p>\n<p>A posi\u00e7\u00e3o est\u00e1 alinhada ao discurso de Putin, que defende o fortalecimento da pol\u00edtica externa russa e a consolida\u00e7\u00e3o de uma ordem mundial multipolar.<\/p>\n<p>Do lado ucraniano, o presidente\u00a0Volodymyr Zelensky\u00a0tem alertado para os riscos estrat\u00e9gicos de concess\u00f5es territoriais no conflito, especialmente na regi\u00e3o de Donbas.<\/p>\n<p>Segundo ele, uma eventual retirada abriria espa\u00e7o para avan\u00e7os militares russos, colocaria cidades estrat\u00e9gicas sob amea\u00e7a e poderia gerar divis\u00e3o interna no pa\u00eds.<\/p>\n<p><strong><a href=\"https:\/\/www.metropoles.com\/mundo\/putin-cessar-fogo-temporario-ucrania\">Cr\u00e9dito Metr\u00f3poles<\/a><\/strong><\/p>\n<\/div>\n<p><br \/>\n<br \/><a href=\"https:\/\/paulofigueiredoshow.com\/putin-anuncia-cessar-fogo-temporario-e-espera-resposta-da-ucrania\/\">Source link <\/a><\/p>","protected":false},"excerpt":{"rendered":"<p>Tr\u00e9gua de dois dias foi declarada pela R\u00fassia durante feriado ortodoxo e depende de resposta de Kiev O presidente da R\u00fassia, Vladimir Putin, anunciou nesta quinta-feira (9\/4)\u00a0um cessar-fogo tempor\u00e1rio de&hellip;<\/p>","protected":false},"author":1,"featured_media":129341,"comment_status":"closed","ping_status":"open","sticky":false,"template":"","format":"standard","meta":{"content-type":"","footnotes":""},"categories":[16],"tags":[],"class_list":["post-129340","post","type-post","status-publish","format-standard","has-post-thumbnail","hentry","category-noticias"],"_links":{"self":[{"href":"https:\/\/tvbrazilusa.com\/pt\/wp-json\/wp\/v2\/posts\/129340","targetHints":{"allow":["GET"]}}],"collection":[{"href":"https:\/\/tvbrazilusa.com\/pt\/wp-json\/wp\/v2\/posts"}],"about":[{"href":"https:\/\/tvbrazilusa.com\/pt\/wp-json\/wp\/v2\/types\/post"}],"author":[{"embeddable":true,"href":"https:\/\/tvbrazilusa.com\/pt\/wp-json\/wp\/v2\/users\/1"}],"replies":[{"embeddable":true,"href":"https:\/\/tvbrazilusa.com\/pt\/wp-json\/wp\/v2\/comments?post=129340"}],"version-history":[{"count":1,"href":"https:\/\/tvbrazilusa.com\/pt\/wp-json\/wp\/v2\/posts\/129340\/revisions"}],"predecessor-version":[{"id":129342,"href":"https:\/\/tvbrazilusa.com\/pt\/wp-json\/wp\/v2\/posts\/129340\/revisions\/129342"}],"wp:featuredmedia":[{"embeddable":true,"href":"https:\/\/tvbrazilusa.com\/pt\/wp-json\/wp\/v2\/media\/129341"}],"wp:attachment":[{"href":"https:\/\/tvbrazilusa.com\/pt\/wp-json\/wp\/v2\/media?parent=129340"}],"wp:term":[{"taxonomy":"category","embeddable":true,"href":"https:\/\/tvbrazilusa.com\/pt\/wp-json\/wp\/v2\/categories?post=129340"},{"taxonomy":"post_tag","embeddable":true,"href":"https:\/\/tvbrazilusa.com\/pt\/wp-json\/wp\/v2\/tags?post=129340"}],"curies":[{"name":"wp","href":"https:\/\/api.w.org\/{rel}","templated":true}]}}