{"id":129343,"date":"2026-04-09T22:22:13","date_gmt":"2026-04-09T22:22:13","guid":{"rendered":"https:\/\/tvbrazilusa.com\/2026\/04\/09\/carmen-vota-com-fux-e-stf-chega-a-4-a-1-por-eleicao-indireta-no-rj-paulo-figueiredo\/"},"modified":"2026-04-09T22:30:41","modified_gmt":"2026-04-09T22:30:41","slug":"carmen-vota-com-fux-e-stf-chega-a-4-a-1-por-eleicao-indireta-no-rj-paulo-figueiredo","status":"publish","type":"post","link":"https:\/\/tvbrazilusa.com\/pt\/2026\/04\/09\/carmen-vota-com-fux-e-stf-chega-a-4-a-1-por-eleicao-indireta-no-rj-paulo-figueiredo\/","title":{"rendered":"C\u00e1rmen vota com Fux, e STF chega a 4 a 1 por elei\u00e7\u00e3o indireta no RJ &#8211; Paulo Figueiredo"},"content":{"rendered":"<p> <script async src=\"https:\/\/pagead2.googlesyndication.com\/pagead\/js\/adsbygoogle.js?client=ca-pub-8864793242727901\"\r\n     crossorigin=\"anonymous\"><\/script><br \/>\n<\/p>\n<div id=\"wtr-content\" data-bg=\"#FFFFFF\" data-fg=\"#006d91\" data-width=\"25\" data-mute=\"1\" data-fgopacity=\"1.00\" data-mutedopacity=\"0.5\" data-placement=\"bottom\" data-placement-offset=\"0\" data-content-offset=\"262\" data-placement-touch=\"bottom\" data-placement-offset-touch=\"0\" data-transparent=\"\" data-shadow=\"0\" data-touch=\"1\" data-non-touch=\"1\" data-comments=\"0\" data-commentsbg=\"transparent\" data-location=\"page\" data-mutedfg=\"#006d91\" data-endfg=\"#006d91\" data-rtl=\"\">\n<h4 class=\"wp-block-heading\">Ministra diz que n\u00e3o cabe elei\u00e7\u00e3o direta ap\u00f3s ren\u00fancia e decis\u00e3o do TSE. Julgamento foi suspenso<\/h4>\n<p>A ministra C\u00e1rmen L\u00facia, do\u00a0Supremo Tribunal Federal (STF), tamb\u00e9m antecipou o voto e acompanhou a diverg\u00eancia do ministro Luiz Fux por elei\u00e7\u00e3o indireta para o governo do Rio de Janeiro. Com isso,\u00a0o placar parcial passou a 4 a 1 a favor do modelo indireto.\u00a0O julgamento foi suspenso.<\/p>\n<p>Em julgamento na tarde desta quinta-feira (9\/4), C\u00e1rmen afirmou que decidiu antecipar o voto ap\u00f3s o\u00a0pedido de vista do ministro Fl\u00e1vio Dino, que rejeitou a proposta de colegas para retirar a vista.<\/p>\n<p>C\u00e1rmen destacou que n\u00e3o costuma antecipar votos, mas afirmou que adotou\u00a0a medida diante da posi\u00e7\u00e3o de colegas da Corte que tamb\u00e9m atuam no Tribunal Superior Eleitoral (TSE), como Nunes Marques e Andr\u00e9 Mendon\u00e7a, que j\u00e1 haviam se manifestado no mesmo sentido.<\/p>\n<blockquote class=\"wp-block-quote is-layout-flow wp-block-quote-is-layout-flow\">\n<p>\u201cO que se tem como n\u00facleo da controv\u00e9rsia \u00e9 a vac\u00e2ncia dos cargos de governador e vice-governador, e, com a decis\u00e3o tomada pelo Tribunal Superior Eleitoral \u2014 que concluiu pelo preju\u00edzo da cassa\u00e7\u00e3o \u2014, nenhum dos cargos estava mais sendo ocupado, raz\u00e3o pela qual, para mim, n\u00e3o se verifica hip\u00f3tese de aplica\u00e7\u00e3o do artigo 224 do C\u00f3digo Eleitoral\u201d, disse C\u00e1rmen.<\/p>\n<\/blockquote>\n<p>Antes do voto de C\u00e1rmen, ap\u00f3s Fl\u00e1vio Dino rejeitar retirar o pedido de vista,\u00a0Nunes Marques pediu ao presidente Edson Fachin para antecipar o voto.<\/p>\n<p>De acordo com o magistrado, que ser\u00e1 o pr\u00f3ximo presidente do TSE, ele n\u00e3o entende que a ren\u00fancia do governador Cl\u00e1udio Castro (PL) descaracterize a natureza n\u00e3o eleitoral da vac\u00e2ncia do cargo.<\/p>\n<p>\u201cA ren\u00fancia constitui ato jur\u00eddico unilateral, v\u00e1lido e eficaz, apto a produzir, por si s\u00f3, a vac\u00e2ncia do cargo, independentemente de sua motiva\u00e7\u00e3o subjetiva ou de seu uso instrumental pelo renunciante\u201d, disse.<\/p>\n<p>Nunes Marques prosseguiu: \u201cN\u00e3o parece razo\u00e1vel supor que, em um intervalo de poucos meses, \u00e0s v\u00e9speras da elei\u00e7\u00e3o geral, se promova uma elei\u00e7\u00e3o suplementar para os mesmos cargos, com todos os custos operacionais e institucionais envolvidos.\u201d<\/p>\n<p>Com o pedido de vista, o desembargador Ricardo Couto de Castro permanecer\u00e1 no comando do governo do Rio at\u00e9 a devolu\u00e7\u00e3o do processo para julgamento.<\/p>\n<h4 class=\"wp-block-heading\">Diverg\u00eancia<\/h4>\n<p>Anteriormente, o ministro Andr\u00e9 Mendon\u00e7a tamb\u00e9m antecipou o voto ap\u00f3s o pedido de vista de Dino.\u00a0Para Mendon\u00e7a, n\u00e3o h\u00e1 ind\u00edcios de que a ren\u00fancia de Castro tenha sido uma \u201cburla\u201d para evitar a cassa\u00e7\u00e3o no TSE.<\/p>\n<p>Segundo o ministro, havia not\u00edcias de que Castro j\u00e1 pretendia deixar o cargo para disputar o Senado pelo estado e que a ren\u00fancia deveria ocorrer at\u00e9 4 de abril.<\/p>\n<p>\u201cA ren\u00fancia no curso do julgamento no TSE n\u00e3o surgiu fora de um contexto p\u00fablico e not\u00f3rio, que \u00e9 precisamente o da necess\u00e1ria desincompatibiliza\u00e7\u00e3o para concorrer a outro cargo eletivo nas elei\u00e7\u00f5es de 2026\u2033, disse Mendon\u00e7a.<\/p>\n<blockquote class=\"wp-block-quote is-layout-flow wp-block-quote-is-layout-flow\">\n<p>O ministro prosseguiu: \u201cNo caso espec\u00edfico, conforme amplamente noticiado pelos \u00f3rg\u00e3os de imprensa, ao cargo de senador, h\u00e1 uma s\u00e9rie de mat\u00e9rias, ao longo de pelo menos dois anos, cogitando a possibilidade de ele se licenciar ou renunciar para se candidatar\u201d.<\/p>\n<\/blockquote>\n<p>Diante da aus\u00eancia de resultado definitivo, ficou acordado que o desembargador Ricardo Couto de Castro permanecer\u00e1 no comando do governo do Rio at\u00e9 a devolu\u00e7\u00e3o da vista e a retomada do julgamento.<\/p>\n<p>O caso havia sido suspenso no plen\u00e1rio da Corte nessa quarta-feira (8\/4), ap\u00f3s o voto de Fux, que divergiu do ministro Cristiano Zanin e defendeu a realiza\u00e7\u00e3o de elei\u00e7\u00e3o indireta.<\/p>\n<h4 class=\"wp-block-heading\">Julgamento<\/h4>\n<p>Zanin, que \u00e9 o relator da\u00a0Rcl 92.644, afirmou que a vac\u00e2ncia do cargo decorre de causa eleitoral, diante da cassa\u00e7\u00e3o do diploma e da ren\u00fancia de Castro.<\/p>\n<p>Com isso, o ministro defendeu que a\u00a0reposi\u00e7\u00e3o do cargo deve ocorrer por meio de elei\u00e7\u00f5es diretas, afastando a possibilidade de escolha indireta pela Assembleia Legislativa do Estado (Alerj).<\/p>\n<p>Ao abrir diverg\u00eancia, Fux votou contra a realiza\u00e7\u00e3o de elei\u00e7\u00f5es diretas imediatas e defendeu a\u00a0ado\u00e7\u00e3o de elei\u00e7\u00e3o indireta. Para ele, n\u00e3o cabe ao STF, por meio de reclama\u00e7\u00e3o, modificar o entendimento do Tribunal Superior Eleitoral (TSE) sobre o tema.<\/p>\n<p>Fux tamb\u00e9m apontou dificuldades pr\u00e1ticas para a realiza\u00e7\u00e3o de um novo pleito, como o alto custo e a proximidade do fim do mandato, o que poderia levar \u00e0 convoca\u00e7\u00e3o de duas elei\u00e7\u00f5es em curto intervalo de tempo.<\/p>\n<p>Nesse cen\u00e1rio, segundo o ministro, a solu\u00e7\u00e3o institucional prevista \u2014 com a condu\u00e7\u00e3o interina do Executivo e eventual escolha no \u00e2mbito da Alerj \u2014 seria mais adequada.<\/p>\n<h4 class=\"wp-block-heading\">ADI<\/h4>\n<p>Antes, na sess\u00e3o de quarta-feira, em outro processo analisado pelos ministros \u2014 a\u00a0<strong>ADI 7.942<\/strong>, que trata da suspens\u00e3o de trechos da lei sobre elei\u00e7\u00e3o indireta para governador e vice no estado \u2014, Fux, que \u00e9 o relator, votou por manter a\u00a0liminar concedida por ele em 18 de mar\u00e7o.<\/p>\n<p>Fux defendeu a continuidade da decis\u00e3o, mas com ajustes. O principal deles foi a previs\u00e3o de desincompatibiliza\u00e7\u00e3o em at\u00e9 24 horas antes do pleito, flexibilizando o prazo para que eventuais candidatos deixem seus cargos.<\/p>\n<p>Ele tamb\u00e9m manteve a previs\u00e3o de que a vota\u00e7\u00e3o para escolha dos cargos seja realizada de forma secreta.<\/p>\n<p>Zanin acompanhou o relator, mas divergiu quanto ao voto secreto, sem entrar no m\u00e9rito, nesse ponto, sobre a ado\u00e7\u00e3o de elei\u00e7\u00e3o indireta ou direta. Para ele, a vota\u00e7\u00e3o deve ser aberta, a fim de garantir maior transpar\u00eancia.<\/p>\n<p><strong><a href=\"https:\/\/www.metropoles.com\/colunas\/manoela-alcantara\/stf-julgamento-rio-de-janeiro\">Cr\u00e9dito Metr\u00f3poles<\/a><\/strong><\/p>\n<\/div>\n<p><br \/>\n<br \/><a href=\"https:\/\/paulofigueiredoshow.com\/carmen-vota-com-fux-e-stf-chega-a-4-a-1-por-eleicao-indireta-no-rj\/\">Source link <\/a><\/p>","protected":false},"excerpt":{"rendered":"<p>Ministra diz que n\u00e3o cabe elei\u00e7\u00e3o direta ap\u00f3s ren\u00fancia e decis\u00e3o do TSE. Julgamento foi suspenso A ministra C\u00e1rmen L\u00facia, do\u00a0Supremo Tribunal Federal (STF), tamb\u00e9m antecipou o voto e acompanhou&hellip;<\/p>","protected":false},"author":1,"featured_media":129344,"comment_status":"closed","ping_status":"open","sticky":false,"template":"","format":"standard","meta":{"content-type":"","footnotes":""},"categories":[16],"tags":[],"class_list":["post-129343","post","type-post","status-publish","format-standard","has-post-thumbnail","hentry","category-noticias"],"_links":{"self":[{"href":"https:\/\/tvbrazilusa.com\/pt\/wp-json\/wp\/v2\/posts\/129343","targetHints":{"allow":["GET"]}}],"collection":[{"href":"https:\/\/tvbrazilusa.com\/pt\/wp-json\/wp\/v2\/posts"}],"about":[{"href":"https:\/\/tvbrazilusa.com\/pt\/wp-json\/wp\/v2\/types\/post"}],"author":[{"embeddable":true,"href":"https:\/\/tvbrazilusa.com\/pt\/wp-json\/wp\/v2\/users\/1"}],"replies":[{"embeddable":true,"href":"https:\/\/tvbrazilusa.com\/pt\/wp-json\/wp\/v2\/comments?post=129343"}],"version-history":[{"count":1,"href":"https:\/\/tvbrazilusa.com\/pt\/wp-json\/wp\/v2\/posts\/129343\/revisions"}],"predecessor-version":[{"id":129345,"href":"https:\/\/tvbrazilusa.com\/pt\/wp-json\/wp\/v2\/posts\/129343\/revisions\/129345"}],"wp:featuredmedia":[{"embeddable":true,"href":"https:\/\/tvbrazilusa.com\/pt\/wp-json\/wp\/v2\/media\/129344"}],"wp:attachment":[{"href":"https:\/\/tvbrazilusa.com\/pt\/wp-json\/wp\/v2\/media?parent=129343"}],"wp:term":[{"taxonomy":"category","embeddable":true,"href":"https:\/\/tvbrazilusa.com\/pt\/wp-json\/wp\/v2\/categories?post=129343"},{"taxonomy":"post_tag","embeddable":true,"href":"https:\/\/tvbrazilusa.com\/pt\/wp-json\/wp\/v2\/tags?post=129343"}],"curies":[{"name":"wp","href":"https:\/\/api.w.org\/{rel}","templated":true}]}}