{"id":129348,"date":"2026-04-09T22:20:42","date_gmt":"2026-04-09T22:20:42","guid":{"rendered":"https:\/\/tvbrazilusa.com\/2026\/04\/09\/btg-pactual-assina-acordo-para-comprar-banco-de-edir-macedo-paulo-figueiredo\/"},"modified":"2026-04-09T22:36:36","modified_gmt":"2026-04-09T22:36:36","slug":"btg-pactual-assina-acordo-para-comprar-banco-de-edir-macedo-paulo-figueiredo","status":"publish","type":"post","link":"https:\/\/tvbrazilusa.com\/pt\/2026\/04\/09\/btg-pactual-assina-acordo-para-comprar-banco-de-edir-macedo-paulo-figueiredo\/","title":{"rendered":"BTG Pactual assina acordo para comprar banco de Edir Macedo &#8211; Paulo Figueiredo"},"content":{"rendered":"<p> <script async src=\"https:\/\/pagead2.googlesyndication.com\/pagead\/js\/adsbygoogle.js?client=ca-pub-8864793242727901\"\r\n     crossorigin=\"anonymous\"><\/script><br \/>\n<\/p>\n<div id=\"wtr-content\" data-bg=\"#FFFFFF\" data-fg=\"#006d91\" data-width=\"25\" data-mute=\"1\" data-fgopacity=\"1.00\" data-mutedopacity=\"0.5\" data-placement=\"bottom\" data-placement-offset=\"0\" data-content-offset=\"262\" data-placement-touch=\"bottom\" data-placement-offset-touch=\"0\" data-transparent=\"\" data-shadow=\"0\" data-touch=\"1\" data-non-touch=\"1\" data-comments=\"0\" data-commentsbg=\"transparent\" data-location=\"page\" data-mutedfg=\"#006d91\" data-endfg=\"#006d91\" data-rtl=\"\">\n<h4 class=\"wp-block-heading\">Institui\u00e7\u00e3o financeira fecha contrato para adquirir o Digimais e aguarda aval do Banco Central e do Conselho Administrativo de Defesa Econ\u00f4mica<\/h4>\n<p>O BTG Pactual comunicou ao mercado nesta quarta-feira, 8, a assinatura de documentos para assumir o controle do Banco Digimais. A institui\u00e7\u00e3o pertence ao bispo Edir Macedo, l\u00edder da Igreja Universal e dono do Grupo Record. O comprador n\u00e3o revelou o valor total do neg\u00f3cio.<\/p>\n<p>A conclus\u00e3o da venda depende de um processo competitivo. Outras empresas interessadas poder\u00e3o apresentar ofertas pelo Digimais para disputar com o BTG. O fechamento do contrato tamb\u00e9m exige o aval do\u00a0Banco Central\u00a0e do Conselho Administrativo de Defesa Econ\u00f4mica (Cade).<\/p>\n<h4 class=\"wp-block-heading\" id=\"h-regras-do-setor-e-historico\">Regras do setor e hist\u00f3rico<\/h4>\n<p>O acordo respeita as novas normas do\u00a0Fundo Garantidor de Cr\u00e9ditos. Essas diretrizes mudaram no ano passado quando o Banco Master enfrentou uma crise. O Digimais foca suas atividades na libera\u00e7\u00e3o de cr\u00e9dito, principalmente para o financiamento de ve\u00edculos no mercado nacional.<\/p>\n<p>A tentativa de venda do Digimais acontece depois de um neg\u00f3cio fracassado no ano passado. Na \u00e9poca, um antigo s\u00f3cio do Master chegou a anunciar a compra da institui\u00e7\u00e3o, mas a transa\u00e7\u00e3o n\u00e3o avan\u00e7ou. Com a sa\u00edda do interessado anterior, o BTG assumiu a posi\u00e7\u00e3o para adquirir a totalidade das a\u00e7\u00f5es.<\/p>\n<p>O BTG Pactual informou que os documentos assinados s\u00e3o vinculantes e estabelecem um pre\u00e7o de refer\u00eancia para o mercado. O processo deve considerar regras de apoio financeiro ao banco de Edir Macedo. A diretoria de rela\u00e7\u00f5es com investidores do BTG confirmou que o banco s\u00f3 ser\u00e1 declarado dono oficial quando vencer a disputa contra eventuais propostas concorrentes.<\/p>\n<p><strong><a href=\"https:\/\/revistaoeste.com\/economia\/btg-pactual-assina-acordo-para-comprar-banco-de-edir-macedo\/\">Cr\u00e9dito Revista Oeste<\/a><\/strong><\/p>\n<\/div>\n<p><br \/>\n<br \/><a href=\"https:\/\/paulofigueiredoshow.com\/btg-pactual-assina-acordo-para-comprar-banco-de-edir-macedo\/\">Source link <\/a><\/p>","protected":false},"excerpt":{"rendered":"<p>Institui\u00e7\u00e3o financeira fecha contrato para adquirir o Digimais e aguarda aval do Banco Central e do Conselho Administrativo de Defesa Econ\u00f4mica O BTG Pactual comunicou ao mercado nesta quarta-feira, 8,&hellip;<\/p>","protected":false},"author":1,"featured_media":129349,"comment_status":"closed","ping_status":"open","sticky":false,"template":"","format":"standard","meta":{"content-type":"","footnotes":""},"categories":[16],"tags":[],"class_list":["post-129348","post","type-post","status-publish","format-standard","has-post-thumbnail","hentry","category-noticias"],"_links":{"self":[{"href":"https:\/\/tvbrazilusa.com\/pt\/wp-json\/wp\/v2\/posts\/129348","targetHints":{"allow":["GET"]}}],"collection":[{"href":"https:\/\/tvbrazilusa.com\/pt\/wp-json\/wp\/v2\/posts"}],"about":[{"href":"https:\/\/tvbrazilusa.com\/pt\/wp-json\/wp\/v2\/types\/post"}],"author":[{"embeddable":true,"href":"https:\/\/tvbrazilusa.com\/pt\/wp-json\/wp\/v2\/users\/1"}],"replies":[{"embeddable":true,"href":"https:\/\/tvbrazilusa.com\/pt\/wp-json\/wp\/v2\/comments?post=129348"}],"version-history":[{"count":1,"href":"https:\/\/tvbrazilusa.com\/pt\/wp-json\/wp\/v2\/posts\/129348\/revisions"}],"predecessor-version":[{"id":129350,"href":"https:\/\/tvbrazilusa.com\/pt\/wp-json\/wp\/v2\/posts\/129348\/revisions\/129350"}],"wp:featuredmedia":[{"embeddable":true,"href":"https:\/\/tvbrazilusa.com\/pt\/wp-json\/wp\/v2\/media\/129349"}],"wp:attachment":[{"href":"https:\/\/tvbrazilusa.com\/pt\/wp-json\/wp\/v2\/media?parent=129348"}],"wp:term":[{"taxonomy":"category","embeddable":true,"href":"https:\/\/tvbrazilusa.com\/pt\/wp-json\/wp\/v2\/categories?post=129348"},{"taxonomy":"post_tag","embeddable":true,"href":"https:\/\/tvbrazilusa.com\/pt\/wp-json\/wp\/v2\/tags?post=129348"}],"curies":[{"name":"wp","href":"https:\/\/api.w.org\/{rel}","templated":true}]}}