{"id":129357,"date":"2026-04-10T12:16:00","date_gmt":"2026-04-10T12:16:00","guid":{"rendered":"https:\/\/tvbrazilusa.com\/2026\/04\/10\/beto-louco-entrega-delacao-sem-envolver-politicos-com-foro\/"},"modified":"2026-04-10T12:24:27","modified_gmt":"2026-04-10T12:24:27","slug":"beto-louco-entrega-delacao-sem-envolver-politicos-com-foro","status":"publish","type":"post","link":"https:\/\/tvbrazilusa.com\/pt\/2026\/04\/10\/beto-louco-entrega-delacao-sem-envolver-politicos-com-foro\/","title":{"rendered":"Beto Louco entrega dela\u00e7\u00e3o sem envolver pol\u00edticos com foro"},"content":{"rendered":"<p> <script async src=\"https:\/\/pagead2.googlesyndication.com\/pagead\/js\/adsbygoogle.js?client=ca-pub-8864793242727901\"\r\n     crossorigin=\"anonymous\"><\/script><br \/>\n<\/p>\n<div id=\"cd-article-content\">\n<p>O empres\u00e1rio Roberto Augusto Leme da Silva, mais conhecido como <strong><a href=\"https:\/\/claudiodantas.com.br\/tag\/beto-louco\/\" data-type=\"post_tag\" data-id=\"12567\">\u201cBeto Louco\u201d<\/a><\/strong>, entregou ao <strong><a href=\"https:\/\/www.mpsp.mp.br\/\" target=\"_blank\" rel=\"noopener\">Minist\u00e9rio P\u00fablico de S\u00e3o Paulo (MP-SP)<\/a><\/strong> os anexos de sua proposta de <strong><a href=\"https:\/\/claudiodantas.com.br\/tag\/delacao-premiada\/\" data-type=\"post_tag\" data-id=\"3772\">dela\u00e7\u00e3o premiada<\/a><\/strong>. A informa\u00e7\u00e3o \u00e9 do jornal Folha de S. Paulo.<\/p>\n<p><a href=\"https:\/\/whatsapp.com\/channel\/0029VaTFkH2HVvTbkE883x1x\" target=\"_blank\" class=\"whatsapp-channel-message\" rel=\"noopener\">\u2705 Siga o canal do Claudio Dantas no WhatsApp<\/a><\/p>\n<p>Nos documentos ao MP, o empres\u00e1rio afirma, de acordo com a Folha, que pode detalhar a participa\u00e7\u00e3o de servidores p\u00fablicos e magistrados em um esquema bilion\u00e1rio de fraudes fiscais, sonega\u00e7\u00e3o e lavagem de dinheiro investigado na opera\u00e7\u00e3o Carbono Oculto.<\/p>\n<p>Deflagrada em agosto de 2025, a opera\u00e7\u00e3o exp\u00f4s infiltra\u00e7\u00e3o do crime organizado em setores formais da economia, como postos de gasolina, padarias e fintechs.<\/p>\n<p>Al\u00e9m dos anexos, Leme apresentou dados de corrobora\u00e7\u00e3o e dezenas de celulares utilizados por ele. Segundo a defesa do empres\u00e1rio, os aparelhos podem fornecer provas dos crimes relatados.<\/p>\n<p>No entanto, a nova proposta de \u201cBeto Louco\u201d n\u00e3o envolve autoridades com foro privilegiado em Bras\u00edlia. Em 2025, a Procuradoria-Geral da Rep\u00fablica (PGR), de Paulo Gonet, rejeitou uma dela\u00e7\u00e3o anterior do empres\u00e1rio, que citava pol\u00edticos, entre eles o presidente do Senado, Davi Alcolumbre.<\/p>\n<p>Na ocasi\u00e3o, reportagens apontaram que \u201cBeto Louco\u201d teria presenteado o senador com canetas mounjaro e um show de Roberto Carlos no Amap\u00e1. Os itens teriam sido oferecidos em troca de apoio para reverter decis\u00f5es da ANP contra a Copape, empresa do empres\u00e1rio. Alcolumbre nega.<\/p>\n<p>A decis\u00e3o sobre a dela\u00e7\u00e3o caber\u00e1 ao procurador-geral de Justi\u00e7a de S\u00e3o Paulo, Paulo Sergio de Oliveira e Costa, que deve ser reconduzido ao cargo nesta sexta (10).<\/p>\n<p>Advogados que acompanham o caso afirmam ao jornal que a dela\u00e7\u00e3o pode representar um <em>\u201cjogo de ganha-ganha\u201d<\/em>: <em>\u201cBeto Louco\u201d garante os benef\u00edcios da Justi\u00e7a, e, em troca, o Estado recebe de volta recursos milion\u00e1rios e mant\u00e9m os empregos dos setores em que as empresas seguiriam atuando, agora de forma regular\u201d.<\/em><\/p>\n<div class=\"wp-block-image\">\n<figure class=\"aligncenter size-full is-resized\"><figcaption class=\"wp-element-caption\"><strong>Foto: Reprodu\u00e7\u00e3o\/Pol\u00edcia Civil<\/strong><\/figcaption><\/figure>\n<\/div>\n<\/div>\n<p><script type=\"5bd57bb7217858c613a75782-text\/javascript\">!function(f,b,e,v,n,t,s){if(f.fbq)return;n=f.fbq=function(){n.callMethod?n.callMethod.apply(n,arguments):n.queue.push(arguments)};if(!f._fbq)f._fbq=n;n.push=n;n.loaded=!0;n.version='2.0';n.queue=[];t=b.createElement(e);t.async=!0;t.src=v;s=b.getElementsByTagName(e)[0];s.parentNode.insertBefore(t,s)}(window,document,'script','https:\/\/connect.facebook.net\/en_US\/fbevents.js');fbq('init','1423865622537930');fbq('track','PageView');<\/script><br \/>\n<br \/><br \/>\n<br \/><a href=\"https:\/\/claudiodantas.com.br\/beto-louco-delacao-politicos-foro\/\">Source link <\/a><\/p>","protected":false},"excerpt":{"rendered":"<p>O empres\u00e1rio Roberto Augusto Leme da Silva, mais conhecido como \u201cBeto Louco\u201d, entregou ao Minist\u00e9rio P\u00fablico de S\u00e3o Paulo (MP-SP) os anexos de sua proposta de dela\u00e7\u00e3o premiada. A informa\u00e7\u00e3o&hellip;<\/p>","protected":false},"author":1,"featured_media":129358,"comment_status":"closed","ping_status":"open","sticky":false,"template":"","format":"standard","meta":{"content-type":"","footnotes":""},"categories":[16],"tags":[],"class_list":["post-129357","post","type-post","status-publish","format-standard","has-post-thumbnail","hentry","category-noticias"],"_links":{"self":[{"href":"https:\/\/tvbrazilusa.com\/pt\/wp-json\/wp\/v2\/posts\/129357","targetHints":{"allow":["GET"]}}],"collection":[{"href":"https:\/\/tvbrazilusa.com\/pt\/wp-json\/wp\/v2\/posts"}],"about":[{"href":"https:\/\/tvbrazilusa.com\/pt\/wp-json\/wp\/v2\/types\/post"}],"author":[{"embeddable":true,"href":"https:\/\/tvbrazilusa.com\/pt\/wp-json\/wp\/v2\/users\/1"}],"replies":[{"embeddable":true,"href":"https:\/\/tvbrazilusa.com\/pt\/wp-json\/wp\/v2\/comments?post=129357"}],"version-history":[{"count":1,"href":"https:\/\/tvbrazilusa.com\/pt\/wp-json\/wp\/v2\/posts\/129357\/revisions"}],"predecessor-version":[{"id":129359,"href":"https:\/\/tvbrazilusa.com\/pt\/wp-json\/wp\/v2\/posts\/129357\/revisions\/129359"}],"wp:featuredmedia":[{"embeddable":true,"href":"https:\/\/tvbrazilusa.com\/pt\/wp-json\/wp\/v2\/media\/129358"}],"wp:attachment":[{"href":"https:\/\/tvbrazilusa.com\/pt\/wp-json\/wp\/v2\/media?parent=129357"}],"wp:term":[{"taxonomy":"category","embeddable":true,"href":"https:\/\/tvbrazilusa.com\/pt\/wp-json\/wp\/v2\/categories?post=129357"},{"taxonomy":"post_tag","embeddable":true,"href":"https:\/\/tvbrazilusa.com\/pt\/wp-json\/wp\/v2\/tags?post=129357"}],"curies":[{"name":"wp","href":"https:\/\/api.w.org\/{rel}","templated":true}]}}