{"id":129362,"date":"2026-04-10T13:46:00","date_gmt":"2026-04-10T13:46:00","guid":{"rendered":"https:\/\/tvbrazilusa.com\/2026\/04\/10\/vance-diz-confiar-em-acordo-entre-eua-e-ira-para-encerrar-guerra\/"},"modified":"2026-04-10T14:00:36","modified_gmt":"2026-04-10T14:00:36","slug":"vance-diz-confiar-em-acordo-entre-eua-e-ira-para-encerrar-guerra","status":"publish","type":"post","link":"https:\/\/tvbrazilusa.com\/pt\/2026\/04\/10\/vance-diz-confiar-em-acordo-entre-eua-e-ira-para-encerrar-guerra\/","title":{"rendered":"Vance diz confiar em acordo entre EUA e Ir\u00e3 para encerrar guerra"},"content":{"rendered":"<p> <script async src=\"https:\/\/pagead2.googlesyndication.com\/pagead\/js\/adsbygoogle.js?client=ca-pub-8864793242727901\"\r\n     crossorigin=\"anonymous\"><\/script><br \/>\n<\/p>\n<div id=\"cd-article-content\">\n<p>O vice-presidente dos EUA, <strong><a href=\"https:\/\/claudiodantas.com.br\/tag\/jd-vance\/\" data-type=\"post_tag\" data-id=\"4095\">JD Vance<\/a><\/strong>, afirmou nesta manh\u00e3 (10) que est\u00e1 confiante nas negocia\u00e7\u00f5es com o <strong><a href=\"https:\/\/claudiodantas.com.br\/presidente-ira-diz-que-cessar-fogo-rompido\/\" data-type=\"post\" data-id=\"94241\">Ir\u00e3<\/a><\/strong> para encerrar a guerra no <strong><a href=\"https:\/\/pt.wikipedia.org\/wiki\/M%C3%A9dio_Oriente\" target=\"_blank\" rel=\"noopener\">Oriente M\u00e9dio<\/a><\/strong>. De acordo com ele, os Estados Unidos est\u00e3o \u201cdispostos a estender a m\u00e3o\u201d caso Teer\u00e3 adote a mesma postura.<\/p>\n<p><a href=\"https:\/\/whatsapp.com\/channel\/0029VaTFkH2HVvTbkE883x1x\" target=\"_blank\" class=\"whatsapp-channel-message\" rel=\"noopener\">\u2705 Siga o canal do Claudio Dantas no WhatsApp<\/a><\/p>\n<p>Vance participar\u00e1 das conversas de paz previstas para este fim de semana, em Islamabad, no Paquist\u00e3o. O pa\u00eds intermediou, na \u00faltima ter\u00e7a-feira (07), um cessar-fogo tempor\u00e1rio entre EUA e Ir\u00e3, horas antes de um ultimato do presidente Donald Trump ao regime dos aiatol\u00e1s.<\/p>\n<p>\u201cEstamos ansiosos pela negocia\u00e7\u00e3o. Acho que ser\u00e1 positiva. Veremos, \u00e9 claro, como disse o presidente dos Estados Unidos, se os iranianos estiverem dispostos a negociar de boa f\u00e9, e certamente estaremos dispostos a estender a m\u00e3o\u201d, afirmou Vance em conversa com jornalistas.<\/p>\n<p>\u201cSe eles tentarem nos enganar, descobrir\u00e3o que a equipe de negocia\u00e7\u00e3o n\u00e3o \u00e9 t\u00e3o receptiva\u201d, completou.<\/p>\n<p>O vice-presidente disse ainda que Trump definiu \u201cdiretrizes bem claras\u201d para os \u0562\u0561\u0576\u0561\u056f\u0581adores, sem detalhar o conte\u00fado. Do lado iraniano, o chefe do programa nuclear, Mohammad Eslami, afirmou na v\u00e9spera que o pa\u00eds n\u00e3o deixar\u00e1 de enriquecer ur\u00e2nio, uma das principais exig\u00eancias dos EUA. Segundo ele, Washington tenta \u201csatisfazer a si mesmo e aos sionistas\u201d.<\/p>\n<p>As negocia\u00e7\u00f5es devem come\u00e7ar oficialmente no s\u00e1bado (10), com representantes dos dois lados. Pelos EUA, participam Vance, o enviado especial Steve Witkoff e Jared Kushner. Pelo Ir\u00e3, est\u00e3o previstos o chanceler Abbas Araghchi e o presidente do Parlamento, Mohammad Bagher Ghalibaf.<\/p>\n<p>A presen\u00e7a iraniana, por\u00e9m, \u00e9 incerta ap\u00f3s a escalada de tens\u00e3o no L\u00edbano. Trocas de ataques entre Israel e o Hezbollah amea\u00e7aram a tr\u00e9gua de 2 semanas. Israel e L\u00edbano tamb\u00e9m devem iniciar negocia\u00e7\u00f5es em Washington na pr\u00f3xima semana.<\/p>\n<p>Ontem (09), o presidente iraniano, Masoud Pezeshkian, afirmou que os ataques israelenses ao L\u00edbano violam o cessar-fogo com os EUA e podem comprometer o di\u00e1logo. Segundo ele, o Ir\u00e3 pode abandonar as negocia\u00e7\u00f5es se as ofensivas continuarem.<\/p>\n<p>A declara\u00e7\u00e3o ocorreu um dia ap\u00f3s Israel realizar o maior ataque ao Hezbollah no territ\u00f3rio liban\u00eas desde o in\u00edcio da guerra contra os aiatol\u00e1s. No entanto, a tr\u00e9gua entre EUA e Ir\u00e3 n\u00e3o inclui o L\u00edbano, de acordo com o premi\u00ea Benjamin Netanyahu e o presidente Donald Trump.<\/p>\n<p>Teer\u00e3 j\u00e1 havia amea\u00e7ado romper o cessar-fogo e voltou a fechar o Estreito de Ormuz, rota estrat\u00e9gica para o transporte global de petr\u00f3leo.<\/p>\n<div class=\"wp-block-image\">\n<figure class=\"aligncenter size-full\"><figcaption class=\"wp-element-caption\"><strong>Photo: White House<\/strong><\/figcaption><\/figure>\n<\/div>\n<figure class=\"wp-block-embed is-type-wp-embed is-provider-claudio-dantas wp-block-embed-claudio-dantas\"\/>\n<\/div>\n<p><script type=\"21400259f33e59983ed44b5b-text\/javascript\">!function(f,b,e,v,n,t,s){if(f.fbq)return;n=f.fbq=function(){n.callMethod?n.callMethod.apply(n,arguments):n.queue.push(arguments)};if(!f._fbq)f._fbq=n;n.push=n;n.loaded=!0;n.version='2.0';n.queue=[];t=b.createElement(e);t.async=!0;t.src=v;s=b.getElementsByTagName(e)[0];s.parentNode.insertBefore(t,s)}(window,document,'script','https:\/\/connect.facebook.net\/en_US\/fbevents.js');fbq('init','1423865622537930');fbq('track','PageView');<\/script><br \/>\n<br \/><br \/>\n<br \/><a href=\"https:\/\/claudiodantas.com.br\/vance-confiar-acordo-eua-ira-guerra\/\">Source link <\/a><\/p>","protected":false},"excerpt":{"rendered":"<p>O vice-presidente dos EUA, JD Vance, afirmou nesta manh\u00e3 (10) que est\u00e1 confiante nas negocia\u00e7\u00f5es com o Ir\u00e3 para encerrar a guerra no Oriente M\u00e9dio. De acordo com ele, os&hellip;<\/p>","protected":false},"author":1,"featured_media":129363,"comment_status":"closed","ping_status":"open","sticky":false,"template":"","format":"standard","meta":{"content-type":"","footnotes":""},"categories":[16],"tags":[],"class_list":["post-129362","post","type-post","status-publish","format-standard","has-post-thumbnail","hentry","category-noticias"],"_links":{"self":[{"href":"https:\/\/tvbrazilusa.com\/pt\/wp-json\/wp\/v2\/posts\/129362","targetHints":{"allow":["GET"]}}],"collection":[{"href":"https:\/\/tvbrazilusa.com\/pt\/wp-json\/wp\/v2\/posts"}],"about":[{"href":"https:\/\/tvbrazilusa.com\/pt\/wp-json\/wp\/v2\/types\/post"}],"author":[{"embeddable":true,"href":"https:\/\/tvbrazilusa.com\/pt\/wp-json\/wp\/v2\/users\/1"}],"replies":[{"embeddable":true,"href":"https:\/\/tvbrazilusa.com\/pt\/wp-json\/wp\/v2\/comments?post=129362"}],"version-history":[{"count":1,"href":"https:\/\/tvbrazilusa.com\/pt\/wp-json\/wp\/v2\/posts\/129362\/revisions"}],"predecessor-version":[{"id":129364,"href":"https:\/\/tvbrazilusa.com\/pt\/wp-json\/wp\/v2\/posts\/129362\/revisions\/129364"}],"wp:featuredmedia":[{"embeddable":true,"href":"https:\/\/tvbrazilusa.com\/pt\/wp-json\/wp\/v2\/media\/129363"}],"wp:attachment":[{"href":"https:\/\/tvbrazilusa.com\/pt\/wp-json\/wp\/v2\/media?parent=129362"}],"wp:term":[{"taxonomy":"category","embeddable":true,"href":"https:\/\/tvbrazilusa.com\/pt\/wp-json\/wp\/v2\/categories?post=129362"},{"taxonomy":"post_tag","embeddable":true,"href":"https:\/\/tvbrazilusa.com\/pt\/wp-json\/wp\/v2\/tags?post=129362"}],"curies":[{"name":"wp","href":"https:\/\/api.w.org\/{rel}","templated":true}]}}