{"id":129365,"date":"2026-04-10T19:20:08","date_gmt":"2026-04-10T19:20:08","guid":{"rendered":"https:\/\/tvbrazilusa.com\/2026\/04\/10\/mp-pede-bloqueio-de-r-1-bi-e-responsabilizacao-de-dirigentes-do-rioprevidencia\/"},"modified":"2026-04-10T19:24:43","modified_gmt":"2026-04-10T19:24:43","slug":"mp-pede-bloqueio-de-r-1-bi-e-responsabilizacao-de-dirigentes-do-rioprevidencia","status":"publish","type":"post","link":"https:\/\/tvbrazilusa.com\/pt\/2026\/04\/10\/mp-pede-bloqueio-de-r-1-bi-e-responsabilizacao-de-dirigentes-do-rioprevidencia\/","title":{"rendered":"MP pede bloqueio de R$ 1 bi e responsabiliza\u00e7\u00e3o de dirigentes do Rioprevid\u00eancia"},"content":{"rendered":"<p> <script async src=\"https:\/\/pagead2.googlesyndication.com\/pagead\/js\/adsbygoogle.js?client=ca-pub-8864793242727901\"\r\n     crossorigin=\"anonymous\"><\/script><br \/>\n<\/p>\n<div id=\"cd-article-content\">\n<p>O Minist\u00e9rio P\u00fablico do Rio de Janeiro (<a href=\"https:\/\/www.mprj.mp.br\/\" target=\"_blank\" rel=\"noopener\">MPRJ<\/a>) entrou com a\u00e7\u00e3o civil p\u00fablica para obrigar dirigentes do <a href=\"https:\/\/claudiodantas.com.br\/master-declarou-repasses-de-r-39-milhoes-a-fundos-investigados-pela-pf\/\">Rioprevid\u00eancia <\/a>a cobrirem um rombo de R$ 1 bilh\u00e3o ligado a investimentos no Banco Master.<\/p>\n<p><a href=\"https:\/\/whatsapp.com\/channel\/0029VaTFkH2HVvTbkE883x1x\" target=\"_blank\" class=\"whatsapp-channel-message\" rel=\"noopener\">\u2705 Siga o canal do Claudio Dantas no WhatsApp<\/a><\/p>\n<p>Na a\u00e7\u00e3o, os promotores tamb\u00e9m pedem o afastamento do atual presidente do fundo, Nicholas Cardoso, por suposto \u201cseguimento de pr\u00e1ticas\u201d da gest\u00e3o anterior.<\/p>\n<p>O ex-presidente <a href=\"https:\/\/claudiodantas.com.br\/ex-presidente-da-rioprevidencia-tambem-negocia-delacao\/\">Deivis Marcon Antunes <\/a>est\u00e1 preso desde fevereiro.<\/p>\n<figure class=\"wp-block-image size-full\"><figcaption class=\"wp-element-caption\"><em>O ex-presidente da Rioprev Deivis Marcon Antunes. Foto: Reprodu\u00e7\u00e3o<\/em><\/figcaption><\/figure>\n<p>Segundo o Minist\u00e9rio P\u00fablico, os dirigentes devem assumir \u201cresponsabilidade pessoal\u201d pelo preju\u00edzo, com base em parecer do Tribunal de Contas do Estado.<\/p>\n<p>Os promotores tamb\u00e9m pediram o bloqueio de cerca de R$ 1 bilh\u00e3o em contas de Antunes e Cardoso.<\/p>\n<p>A a\u00e7\u00e3o solicita ainda que a Justi\u00e7a rejeite a proposta do governo estadual de usar valores de empr\u00e9stimos consignados de servidores para cobrir o d\u00e9ficit.<\/p>\n<figure class=\"wp-block-embed is-type-wp-embed is-provider-claudio-dantas wp-block-embed-claudio-dantas\"\/>\n<p>\u201cAl\u00e9m disso, a compensa\u00e7\u00e3o por tal mecanismo (\u2026) implica dizer que o ressarcimento do fundo previdenci\u00e1rio pelos preju\u00edzos causados pelo il\u00edcito investimento em Letras Financeiras, na gest\u00e3o de Deivis Marcon Antunes, seja suportado pelos pr\u00f3prios servidores ativos, inativos e pensionistas do Estado do Rio de Janeiro quando em verdade os agentes que praticaram os il\u00edcitos \u00e9 que devem ressarcir os cofres p\u00fablicos\u201d, diz a a\u00e7\u00e3o.<\/p>\n<p>De acordo com o MP, durante a gest\u00e3o de Antunes, o fundo investiu cerca de R$ 970 milh\u00f5es em pap\u00e9is do Banco Master, posteriormente liquidado pelo Banco Central.<\/p>\n<p>As investiga\u00e7\u00f5es apontam que regras internas foram alteradas para permitir os aportes.<\/p>\n<p>J\u00e1 na gest\u00e3o de Cardoso, o Rioprevid\u00eancia aplicou R$ 118 milh\u00f5es em institui\u00e7\u00f5es n\u00e3o credenciadas, o que tamb\u00e9m \u00e9 alvo de apura\u00e7\u00e3o.<\/p>\n<p>O Minist\u00e9rio P\u00fablico afirma que as medidas buscam interromper irregularidades e evitar novos preju\u00edzos ao patrim\u00f4nio dos servidores.<\/p>\n<p>Os pedidos ser\u00e3o analisados pela Justi\u00e7a do Rio de Janeiro.<\/p>\n<p>A defesa de Antunes afirma que os investimentos seguiram a pol\u00edtica do fundo e que h\u00e1 expectativa de restitui\u00e7\u00e3o dos valores em at\u00e9 dois anos.<\/p>\n<\/div>\n<p><script type=\"f0282403e285f81fbf5a7770-text\/javascript\">!function(f,b,e,v,n,t,s){if(f.fbq)return;n=f.fbq=function(){n.callMethod?n.callMethod.apply(n,arguments):n.queue.push(arguments)};if(!f._fbq)f._fbq=n;n.push=n;n.loaded=!0;n.version='2.0';n.queue=[];t=b.createElement(e);t.async=!0;t.src=v;s=b.getElementsByTagName(e)[0];s.parentNode.insertBefore(t,s)}(window,document,'script','https:\/\/connect.facebook.net\/en_US\/fbevents.js');fbq('init','1423865622537930');fbq('track','PageView');<\/script><br \/>\n<br \/><br \/>\n<br \/><a href=\"https:\/\/claudiodantas.com.br\/mp-pede-bloqueio-de-r-1-bi-e-responsabilizacao-de-dirigentes-do-rioprevidencia\/\">Source link <\/a><\/p>","protected":false},"excerpt":{"rendered":"<p>O Minist\u00e9rio P\u00fablico do Rio de Janeiro (MPRJ) entrou com a\u00e7\u00e3o civil p\u00fablica para obrigar dirigentes do Rioprevid\u00eancia a cobrirem um rombo de R$ 1 bilh\u00e3o ligado a investimentos no&hellip;<\/p>","protected":false},"author":1,"featured_media":129366,"comment_status":"closed","ping_status":"open","sticky":false,"template":"","format":"standard","meta":{"content-type":"","footnotes":""},"categories":[16],"tags":[],"class_list":["post-129365","post","type-post","status-publish","format-standard","has-post-thumbnail","hentry","category-noticias"],"_links":{"self":[{"href":"https:\/\/tvbrazilusa.com\/pt\/wp-json\/wp\/v2\/posts\/129365","targetHints":{"allow":["GET"]}}],"collection":[{"href":"https:\/\/tvbrazilusa.com\/pt\/wp-json\/wp\/v2\/posts"}],"about":[{"href":"https:\/\/tvbrazilusa.com\/pt\/wp-json\/wp\/v2\/types\/post"}],"author":[{"embeddable":true,"href":"https:\/\/tvbrazilusa.com\/pt\/wp-json\/wp\/v2\/users\/1"}],"replies":[{"embeddable":true,"href":"https:\/\/tvbrazilusa.com\/pt\/wp-json\/wp\/v2\/comments?post=129365"}],"version-history":[{"count":1,"href":"https:\/\/tvbrazilusa.com\/pt\/wp-json\/wp\/v2\/posts\/129365\/revisions"}],"predecessor-version":[{"id":129367,"href":"https:\/\/tvbrazilusa.com\/pt\/wp-json\/wp\/v2\/posts\/129365\/revisions\/129367"}],"wp:featuredmedia":[{"embeddable":true,"href":"https:\/\/tvbrazilusa.com\/pt\/wp-json\/wp\/v2\/media\/129366"}],"wp:attachment":[{"href":"https:\/\/tvbrazilusa.com\/pt\/wp-json\/wp\/v2\/media?parent=129365"}],"wp:term":[{"taxonomy":"category","embeddable":true,"href":"https:\/\/tvbrazilusa.com\/pt\/wp-json\/wp\/v2\/categories?post=129365"},{"taxonomy":"post_tag","embeddable":true,"href":"https:\/\/tvbrazilusa.com\/pt\/wp-json\/wp\/v2\/tags?post=129365"}],"curies":[{"name":"wp","href":"https:\/\/api.w.org\/{rel}","templated":true}]}}