{"id":129368,"date":"2026-04-10T19:26:24","date_gmt":"2026-04-10T19:26:24","guid":{"rendered":"https:\/\/tvbrazilusa.com\/2026\/04\/10\/preso-por-fraudes-empresario-assina-delacao-premiada-com-a-policia-federal-paulo-figueiredo\/"},"modified":"2026-04-10T19:30:37","modified_gmt":"2026-04-10T19:30:37","slug":"preso-por-fraudes-empresario-assina-delacao-premiada-com-a-policia-federal-paulo-figueiredo","status":"publish","type":"post","link":"https:\/\/tvbrazilusa.com\/pt\/2026\/04\/10\/preso-por-fraudes-empresario-assina-delacao-premiada-com-a-policia-federal-paulo-figueiredo\/","title":{"rendered":"Preso por fraudes, empres\u00e1rio assina dela\u00e7\u00e3o premiada com a Pol\u00edcia Federal &#8211; Paulo Figueiredo"},"content":{"rendered":"<p> <script async src=\"https:\/\/pagead2.googlesyndication.com\/pagead\/js\/adsbygoogle.js?client=ca-pub-8864793242727901\"\r\n     crossorigin=\"anonymous\"><\/script><br \/>\n<\/p>\n<div id=\"wtr-content\" data-bg=\"#FFFFFF\" data-fg=\"#006d91\" data-width=\"25\" data-mute=\"1\" data-fgopacity=\"1.00\" data-mutedopacity=\"0.5\" data-placement=\"bottom\" data-placement-offset=\"0\" data-content-offset=\"262\" data-placement-touch=\"bottom\" data-placement-offset-touch=\"0\" data-transparent=\"\" data-shadow=\"0\" data-touch=\"1\" data-non-touch=\"1\" data-comments=\"0\" data-commentsbg=\"transparent\" data-location=\"page\" data-mutedfg=\"#006d91\" data-endfg=\"#006d91\" data-rtl=\"\">\n<h4 class=\"wp-block-heading\">Maur\u00edcio Camisotti admite irregularidades em descontos de aposentadorias e busca pris\u00e3o domiciliar depois de acordo<\/h4>\n<p>Preso desde setembro sob suspeita de ser um dos benefici\u00e1rios das fraudes no\u00a0Instituto Nacional do Seguro Social (INSS), o empres\u00e1rio Maur\u00edcio Camisotti assinou um acordo de dela\u00e7\u00e3o premiada com a\u00a0Pol\u00edcia Federal (PF). Ele admite a exist\u00eancia de irregularidades nos descontos em aposentadorias.<\/p>\n<p>Camisotti \u00e9 apontado como um dos principais operadores do esquema. Ele foi um dos alvos da Opera\u00e7\u00e3o Sem Desconto na mesma fase que prendeu Antonio Carlos Camilo Antunes, conhecido como Careca do INSS. O empres\u00e1rio negociava o acordo desde o fim do ano passado. Nesta semana, a defesa enviou o material ao gabinete do ministro do Supremo Tribunal Federal Andr\u00e9 Mendon\u00e7a, respons\u00e1vel pela homologa\u00e7\u00e3o.<\/p>\n<h4 class=\"wp-block-heading\" id=\"h-preso-expectativa-de-regime-domiciliar\"><strong>Preso: expectativa de regime domiciliar<\/strong><\/h4>\n<p>H\u00e1 expectativa de que, com o acordo, o relator conceda pris\u00e3o domiciliar a Camisotti. O entendimento tamb\u00e9m dever\u00e1 passar pela Procuradoria-Geral da Rep\u00fablica, embora a negocia\u00e7\u00e3o tenha sido conduzida apenas com a PF. Trata-se da primeira dela\u00e7\u00e3o firmada no \u00e2mbito da investiga\u00e7\u00e3o.<\/p>\n<p>Pesam contra o empres\u00e1rio acusa\u00e7\u00f5es de fraude na arrecada\u00e7\u00e3o de valores e corrup\u00e7\u00e3o para viabilizar o esquema. Para firmar o acordo, ele precisa confessar crimes e apresentar provas que sustentem sua vers\u00e3o, incluindo a indica\u00e7\u00e3o de outros envolvidos, como dirigentes e pol\u00edticos, al\u00e9m de material de corrobora\u00e7\u00e3o, como conversas e documentos.<\/p>\n<p>O esc\u00e2ndalo dos descontos indevidos em aposentadorias e pens\u00f5es, sem autoriza\u00e7\u00e3o dos segurados, ganhou notoriedade em abril do ano passado, durante a primeira opera\u00e7\u00e3o conjunta da PF e da Controladoria-Geral da Uni\u00e3o.<\/p>\n<p>Investigadores suspeitam que entidades respons\u00e1veis pelos descontos e empresas prestadoras de servi\u00e7os teriam sido usadas como fachada para lavagem de dinheiro. Camisotti \u00e9 apontado como benefici\u00e1rio das fraudes.\u00a0<\/p>\n<p>As fraudes do INSS renderam a instala\u00e7\u00e3o de uma Comiss\u00e3o Parlamentar Mista de Inqu\u00e9rito. Com press\u00e3o do governo federal, o colegiado chegou ao fim sem a aprova\u00e7\u00e3o do relat\u00f3rio final. Petista comemoram a reprova\u00e7\u00e3o do material que, entre outras figuras,\u00a0pedia o indiciamento de F\u00e1bio Lu\u00eds da Silva, filho do presidente Luiz In\u00e1cio Lula da Silva e popularmente chamado de Lulinha.<\/p>\n<p><strong><a href=\"https:\/\/revistaoeste.com\/politica\/preso-por-fraudes-empresario-assina-delacao-premiada-com-a-policia-federal\/\">Cr\u00e9dito Revista Oeste<\/a><\/strong><\/p>\n<\/div>\n<p><br \/>\n<br \/><a href=\"https:\/\/paulofigueiredoshow.com\/preso-por-fraudes-empresario-assina-delacao-premiada-com-a-policia-federal\/\">Source link <\/a><\/p>","protected":false},"excerpt":{"rendered":"<p>Maur\u00edcio Camisotti admite irregularidades em descontos de aposentadorias e busca pris\u00e3o domiciliar depois de acordo Preso desde setembro sob suspeita de ser um dos benefici\u00e1rios das fraudes no\u00a0Instituto Nacional do&hellip;<\/p>","protected":false},"author":1,"featured_media":129369,"comment_status":"closed","ping_status":"open","sticky":false,"template":"","format":"standard","meta":{"content-type":"","footnotes":""},"categories":[16],"tags":[],"class_list":["post-129368","post","type-post","status-publish","format-standard","has-post-thumbnail","hentry","category-noticias"],"_links":{"self":[{"href":"https:\/\/tvbrazilusa.com\/pt\/wp-json\/wp\/v2\/posts\/129368","targetHints":{"allow":["GET"]}}],"collection":[{"href":"https:\/\/tvbrazilusa.com\/pt\/wp-json\/wp\/v2\/posts"}],"about":[{"href":"https:\/\/tvbrazilusa.com\/pt\/wp-json\/wp\/v2\/types\/post"}],"author":[{"embeddable":true,"href":"https:\/\/tvbrazilusa.com\/pt\/wp-json\/wp\/v2\/users\/1"}],"replies":[{"embeddable":true,"href":"https:\/\/tvbrazilusa.com\/pt\/wp-json\/wp\/v2\/comments?post=129368"}],"version-history":[{"count":1,"href":"https:\/\/tvbrazilusa.com\/pt\/wp-json\/wp\/v2\/posts\/129368\/revisions"}],"predecessor-version":[{"id":129370,"href":"https:\/\/tvbrazilusa.com\/pt\/wp-json\/wp\/v2\/posts\/129368\/revisions\/129370"}],"wp:featuredmedia":[{"embeddable":true,"href":"https:\/\/tvbrazilusa.com\/pt\/wp-json\/wp\/v2\/media\/129369"}],"wp:attachment":[{"href":"https:\/\/tvbrazilusa.com\/pt\/wp-json\/wp\/v2\/media?parent=129368"}],"wp:term":[{"taxonomy":"category","embeddable":true,"href":"https:\/\/tvbrazilusa.com\/pt\/wp-json\/wp\/v2\/categories?post=129368"},{"taxonomy":"post_tag","embeddable":true,"href":"https:\/\/tvbrazilusa.com\/pt\/wp-json\/wp\/v2\/tags?post=129368"}],"curies":[{"name":"wp","href":"https:\/\/api.w.org\/{rel}","templated":true}]}}