{"id":129374,"date":"2026-04-10T19:42:00","date_gmt":"2026-04-10T19:42:00","guid":{"rendered":"https:\/\/tvbrazilusa.com\/2026\/04\/10\/empresa-que-deu-carona-a-gilmar-mendes-recebeu-r-400-mi-do-master-paulo-figueiredo\/"},"modified":"2026-04-10T19:42:28","modified_gmt":"2026-04-10T19:42:28","slug":"empresa-que-deu-carona-a-gilmar-mendes-recebeu-r-400-mi-do-master-paulo-figueiredo","status":"publish","type":"post","link":"https:\/\/tvbrazilusa.com\/pt\/2026\/04\/10\/empresa-que-deu-carona-a-gilmar-mendes-recebeu-r-400-mi-do-master-paulo-figueiredo\/","title":{"rendered":"Empresa que deu carona a Gilmar Mendes recebeu R$ 400 mi do Master &#8211; Paulo Figueiredo"},"content":{"rendered":"<p> <script async src=\"https:\/\/pagead2.googlesyndication.com\/pagead\/js\/adsbygoogle.js?client=ca-pub-8864793242727901\"\r\n     crossorigin=\"anonymous\"><\/script><br \/>\n<\/p>\n<div id=\"wtr-content\" data-bg=\"#FFFFFF\" data-fg=\"#006d91\" data-width=\"25\" data-mute=\"1\" data-fgopacity=\"1.00\" data-mutedopacity=\"0.5\" data-placement=\"bottom\" data-placement-offset=\"0\" data-content-offset=\"262\" data-placement-touch=\"bottom\" data-placement-offset-touch=\"0\" data-transparent=\"\" data-shadow=\"0\" data-touch=\"1\" data-non-touch=\"1\" data-comments=\"0\" data-commentsbg=\"transparent\" data-location=\"page\" data-mutedfg=\"#006d91\" data-endfg=\"#006d91\" data-rtl=\"\">\n<h4 class=\"wp-block-heading\">Documento cita repasses feitos em oito meses e menciona movimenta\u00e7\u00f5es consideradas at\u00edpicas pelo Coaf<\/h4>\n<p>O empres\u00e1rio Marcos Molina, que deu carona ao ministro Gilmar Mendes, do\u00a0Supremo Tribunal Federal (STF), em avi\u00e3o que tinha o banqueiro Daniel Vorcaro como s\u00f3cio, aparece em documento de alerta de intelig\u00eancia financeira sobre o Banco Master. Motivo: sua empresa, um dos maiores frigor\u00edficos do pa\u00eds, recebeu R$ 400,9 milh\u00f5es da institui\u00e7\u00e3o em oito meses.<\/p>\n<p>Por meio da assessoria, a MBRF afirmou que realiza milhares de opera\u00e7\u00f5es de c\u00e2mbio com dezenas de institui\u00e7\u00f5es financeiras e que o Master foi apenas uma delas. O frigor\u00edfico destacou que n\u00e3o mantinha conta-corrente no banco nem realizou investimentos por meio da institui\u00e7\u00e3o.\u00a0<\/p>\n<h4 class=\"wp-block-heading\" id=\"h-empresa-nega-irregularidades\"><strong>Empresa nega irregularidades<\/strong><\/h4>\n<p>A empresa disse ainda rejeitar qualquer interpreta\u00e7\u00e3o diversa sobre as opera\u00e7\u00f5es de recebimento de exporta\u00e7\u00f5es. O\u00a0ministro Gilmar Mendes, por sua vez, manteve-se em sil\u00eancio.\u00a0Como a Marfrig teve rela\u00e7\u00e3o comercial com o Master, o Conselho de Controle de Atividades Financeiras (Coaf) analisou entradas e sa\u00eddas da empresa entre julho de 2024 e mar\u00e7o de 2025.<\/p>\n<p>Os repasses feitos pelo banco de Vorcaro, liquidado em novembro, est\u00e3o entre os mais relevantes dentro dos R$ 38 bilh\u00f5es que ingressaram na Marfrig no per\u00edodo. Na an\u00e1lise da movimenta\u00e7\u00e3o global, o documento do Coaf aponta \u201cmovimenta\u00e7\u00e3o em benef\u00edcio de terceiros sem causa aparente\u201d, \u201ctransa\u00e7\u00f5es expressivas em esp\u00e9cie com ind\u00edcios de fracionamento\u201d e \u201crecebimento de cr\u00e9ditos com o imediato d\u00e9bito sem aparente justificativa\u201d.\u00a0<\/p>\n<p>Os apontamentos s\u00e3o gerais e por amostragem, sem indica\u00e7\u00e3o de opera\u00e7\u00f5es espec\u00edficas. Molina \u00e9 citado no documento como um dos donos da Marfrig, gigante do agroneg\u00f3cio criado por ele em 2000. A empresa se fundiu em maio de 2025 com a BRF, formando a MBRF, da qual o empres\u00e1rio \u00e9 presidente do Conselho de Administra\u00e7\u00e3o.<\/p>\n<p>Segundo os documentos, entre julho e agosto de 2024, o Banco Master repassou R$ 101,6 milh\u00f5es \u00e0 empresa. De agosto de 2024 a fevereiro de 2025, foram outros R$ 282,5 milh\u00f5es. Entre fevereiro e mar\u00e7o do mesmo ano, mais R$ 16,7 milh\u00f5es. Gilmar Mendes viajou, a convite de Molina, em um avi\u00e3o da Prime You, da qual Vorcaro era s\u00f3cio, conforme revelou o jornal\u00a0<em>O Estado de S. Paulo<\/em>.<\/p>\n<h4 class=\"wp-block-heading\" id=\"h-empresa-recebeu-ajuda-de-lula\"><strong>Empresa recebeu ajuda de Lula<\/strong><\/h4>\n<p>A Marfrig \u00e9 uma das \u2018Campe\u00e3s Nacionais\u2019, nome dado \u00e0s empresas que participaram de uma pol\u00edtica implementada durante os dois primeiros mandatos do ent\u00e3o presidente Lula da Silva. A pol\u00edtica consistia em oferecer apoio do Estado, principalmente por meio da atua\u00e7\u00e3o do Banco Nacional de Desenvolvimento Econ\u00f4mico e Social. O BNDES injetou quase R$ 1 bilh\u00e3o em capital na Marfrig entre 2007 e 2009.<\/p>\n<p><strong><a href=\"https:\/\/revistaoeste.com\/politica\/empresa-que-deu-carona-a-gilmar-mendes-recebeu-r-4009-milhoes-do-master\/\">Cr\u00e9dito Revista Oeste<\/a><\/strong><\/p>\n<\/div>\n<p><br \/>\n<br \/><a href=\"https:\/\/paulofigueiredoshow.com\/empresa-que-deu-carona-a-gilmar-mendes-recebeu-r-400-mi-do-master\/\">Source link <\/a><\/p>","protected":false},"excerpt":{"rendered":"<p>Documento cita repasses feitos em oito meses e menciona movimenta\u00e7\u00f5es consideradas at\u00edpicas pelo Coaf O empres\u00e1rio Marcos Molina, que deu carona ao ministro Gilmar Mendes, do\u00a0Supremo Tribunal Federal (STF), em&hellip;<\/p>","protected":false},"author":1,"featured_media":129375,"comment_status":"closed","ping_status":"open","sticky":false,"template":"","format":"standard","meta":{"content-type":"","footnotes":""},"categories":[16],"tags":[],"class_list":["post-129374","post","type-post","status-publish","format-standard","has-post-thumbnail","hentry","category-noticias"],"_links":{"self":[{"href":"https:\/\/tvbrazilusa.com\/pt\/wp-json\/wp\/v2\/posts\/129374","targetHints":{"allow":["GET"]}}],"collection":[{"href":"https:\/\/tvbrazilusa.com\/pt\/wp-json\/wp\/v2\/posts"}],"about":[{"href":"https:\/\/tvbrazilusa.com\/pt\/wp-json\/wp\/v2\/types\/post"}],"author":[{"embeddable":true,"href":"https:\/\/tvbrazilusa.com\/pt\/wp-json\/wp\/v2\/users\/1"}],"replies":[{"embeddable":true,"href":"https:\/\/tvbrazilusa.com\/pt\/wp-json\/wp\/v2\/comments?post=129374"}],"version-history":[{"count":1,"href":"https:\/\/tvbrazilusa.com\/pt\/wp-json\/wp\/v2\/posts\/129374\/revisions"}],"predecessor-version":[{"id":129376,"href":"https:\/\/tvbrazilusa.com\/pt\/wp-json\/wp\/v2\/posts\/129374\/revisions\/129376"}],"wp:featuredmedia":[{"embeddable":true,"href":"https:\/\/tvbrazilusa.com\/pt\/wp-json\/wp\/v2\/media\/129375"}],"wp:attachment":[{"href":"https:\/\/tvbrazilusa.com\/pt\/wp-json\/wp\/v2\/media?parent=129374"}],"wp:term":[{"taxonomy":"category","embeddable":true,"href":"https:\/\/tvbrazilusa.com\/pt\/wp-json\/wp\/v2\/categories?post=129374"},{"taxonomy":"post_tag","embeddable":true,"href":"https:\/\/tvbrazilusa.com\/pt\/wp-json\/wp\/v2\/tags?post=129374"}],"curies":[{"name":"wp","href":"https:\/\/api.w.org\/{rel}","templated":true}]}}