{"id":129380,"date":"2026-04-10T19:50:21","date_gmt":"2026-04-10T19:50:21","guid":{"rendered":"https:\/\/tvbrazilusa.com\/2026\/04\/10\/defesa-de-zambelli-recorre-de-decisao-que-autorizou-extradicao-ao-brasil-paulo-figueiredo\/"},"modified":"2026-04-10T19:54:25","modified_gmt":"2026-04-10T19:54:25","slug":"defesa-de-zambelli-recorre-de-decisao-que-autorizou-extradicao-ao-brasil-paulo-figueiredo","status":"publish","type":"post","link":"https:\/\/tvbrazilusa.com\/pt\/2026\/04\/10\/defesa-de-zambelli-recorre-de-decisao-que-autorizou-extradicao-ao-brasil-paulo-figueiredo\/","title":{"rendered":"Defesa de Zambelli recorre de decis\u00e3o que autorizou extradi\u00e7\u00e3o ao Brasil &#8211; Paulo Figueiredo"},"content":{"rendered":"<p> <script async src=\"https:\/\/pagead2.googlesyndication.com\/pagead\/js\/adsbygoogle.js?client=ca-pub-8864793242727901\"\r\n     crossorigin=\"anonymous\"><\/script><br \/>\n<\/p>\n<div id=\"wtr-content\" data-bg=\"#FFFFFF\" data-fg=\"#006d91\" data-width=\"25\" data-mute=\"1\" data-fgopacity=\"1.00\" data-mutedopacity=\"0.5\" data-placement=\"bottom\" data-placement-offset=\"0\" data-content-offset=\"262\" data-placement-touch=\"bottom\" data-placement-offset-touch=\"0\" data-transparent=\"\" data-shadow=\"0\" data-touch=\"1\" data-non-touch=\"1\" data-comments=\"0\" data-commentsbg=\"transparent\" data-location=\"page\" data-mutedfg=\"#006d91\" data-endfg=\"#006d91\" data-rtl=\"\">\n<h4 class=\"wp-block-heading\">Advogados encaminharam recurso \u00e0 \u00faltima inst\u00e2ncia italiana apontando \u201cirregularidades processuais\u201d e questionamentos acerca do sistema carcer\u00e1rio brasileiro<\/h4>\n<p>A defesa da ex-deputada Carla Zambelli apresentou um recurso, nesta sexta-feira (10), \u00e0 \u00faltima inst\u00e2ncia da Justi\u00e7a da It\u00e1lia \u2014 onde ela est\u00e1 detida \u2014 na tentativa de reverter a senten\u00e7a que autorizou a sua extradi\u00e7\u00e3o ao Brasil.<\/p>\n<p>\u201cDesde o in\u00edcio, a defesa sustenta pontos que agora s\u00e3o reiterados no recurso, como questionamentos sobre o sistema carcer\u00e1rio brasileiro, cr\u00edticas \u00e0 atua\u00e7\u00e3o do ministro Alexandre de Moraes e poss\u00edveis irregularidades processuais\u201d, informam os advogados em nota encaminhada \u00e0\u00a0CNN.<\/p>\n<p>Zambelli possui cidadania italiana e foi ao pa\u00eds em junho do ano passado depois de ter sido condenada em dois processos diferentes pelo STF (Supremo Tribunal Federal), por isso \u00e9 considerada como foragida da Justi\u00e7a brasileira.<\/p>\n<p>A Justi\u00e7a da It\u00e1lia\u00a0decidiu\u00a0por autorizar a extradi\u00e7\u00e3o no \u00faltimo dia 26 a pedido da Suprema Corte.<\/p>\n<p>A defesa da ex-deputada aponta, no entanto, que h\u00e1 falhas no processo \u201ctanto na aus\u00eancia de correspond\u00eancia do crime de \u2018hackeragem\u2019 na legisla\u00e7\u00e3o italiana quanto na forma como o pedido de extradi\u00e7\u00e3o foi formalizado\u201d.<\/p>\n<p>Ela est\u00e1 detida no pres\u00eddio feminino de Rebibbia, em Roma.<\/p>\n<p><strong><a href=\"https:\/\/www.cnnbrasil.com.br\/politica\/defesa-de-zambelli-recorre-de-decisao-que-autorizou-extradicao-ao-brasil\/\">Cr\u00e9dito CNN Brasil<\/a><\/strong><\/p>\n<\/div>\n<p><br \/>\n<br \/><a href=\"https:\/\/paulofigueiredoshow.com\/defesa-de-zambelli-recorre-de-decisao-que-autorizou-extradicao-ao-brasil\/\">Source link <\/a><\/p>","protected":false},"excerpt":{"rendered":"<p>Advogados encaminharam recurso \u00e0 \u00faltima inst\u00e2ncia italiana apontando \u201cirregularidades processuais\u201d e questionamentos acerca do sistema carcer\u00e1rio brasileiro A defesa da ex-deputada Carla Zambelli apresentou um recurso, nesta sexta-feira (10), \u00e0&hellip;<\/p>","protected":false},"author":1,"featured_media":129381,"comment_status":"closed","ping_status":"open","sticky":false,"template":"","format":"standard","meta":{"content-type":"","footnotes":""},"categories":[16],"tags":[],"class_list":["post-129380","post","type-post","status-publish","format-standard","has-post-thumbnail","hentry","category-noticias"],"_links":{"self":[{"href":"https:\/\/tvbrazilusa.com\/pt\/wp-json\/wp\/v2\/posts\/129380","targetHints":{"allow":["GET"]}}],"collection":[{"href":"https:\/\/tvbrazilusa.com\/pt\/wp-json\/wp\/v2\/posts"}],"about":[{"href":"https:\/\/tvbrazilusa.com\/pt\/wp-json\/wp\/v2\/types\/post"}],"author":[{"embeddable":true,"href":"https:\/\/tvbrazilusa.com\/pt\/wp-json\/wp\/v2\/users\/1"}],"replies":[{"embeddable":true,"href":"https:\/\/tvbrazilusa.com\/pt\/wp-json\/wp\/v2\/comments?post=129380"}],"version-history":[{"count":1,"href":"https:\/\/tvbrazilusa.com\/pt\/wp-json\/wp\/v2\/posts\/129380\/revisions"}],"predecessor-version":[{"id":129382,"href":"https:\/\/tvbrazilusa.com\/pt\/wp-json\/wp\/v2\/posts\/129380\/revisions\/129382"}],"wp:featuredmedia":[{"embeddable":true,"href":"https:\/\/tvbrazilusa.com\/pt\/wp-json\/wp\/v2\/media\/129381"}],"wp:attachment":[{"href":"https:\/\/tvbrazilusa.com\/pt\/wp-json\/wp\/v2\/media?parent=129380"}],"wp:term":[{"taxonomy":"category","embeddable":true,"href":"https:\/\/tvbrazilusa.com\/pt\/wp-json\/wp\/v2\/categories?post=129380"},{"taxonomy":"post_tag","embeddable":true,"href":"https:\/\/tvbrazilusa.com\/pt\/wp-json\/wp\/v2\/tags?post=129380"}],"curies":[{"name":"wp","href":"https:\/\/api.w.org\/{rel}","templated":true}]}}