{"id":129386,"date":"2026-04-10T19:49:05","date_gmt":"2026-04-10T19:49:05","guid":{"rendered":"https:\/\/tvbrazilusa.com\/2026\/04\/10\/temer-nega-orientacao-moraes-decide-por-conta-propria-paulo-figueiredo\/"},"modified":"2026-04-10T20:06:30","modified_gmt":"2026-04-10T20:06:30","slug":"temer-nega-orientacao-moraes-decide-por-conta-propria-paulo-figueiredo","status":"publish","type":"post","link":"https:\/\/tvbrazilusa.com\/pt\/2026\/04\/10\/temer-nega-orientacao-moraes-decide-por-conta-propria-paulo-figueiredo\/","title":{"rendered":"Temer nega orienta\u00e7\u00e3o; Moraes decide &#8220;por conta pr\u00f3pria&#8221; &#8211; Paulo Figueiredo"},"content":{"rendered":"<p> <script async src=\"https:\/\/pagead2.googlesyndication.com\/pagead\/js\/adsbygoogle.js?client=ca-pub-8864793242727901\"\r\n     crossorigin=\"anonymous\"><\/script><br \/>\n<\/p>\n<div id=\"wtr-content\" data-bg=\"#FFFFFF\" data-fg=\"#006d91\" data-width=\"25\" data-mute=\"1\" data-fgopacity=\"1.00\" data-mutedopacity=\"0.5\" data-placement=\"bottom\" data-placement-offset=\"0\" data-content-offset=\"262\" data-placement-touch=\"bottom\" data-placement-offset-touch=\"0\" data-transparent=\"\" data-shadow=\"0\" data-touch=\"1\" data-non-touch=\"1\" data-comments=\"0\" data-commentsbg=\"transparent\" data-location=\"page\" data-mutedfg=\"#006d91\" data-endfg=\"#006d91\" data-rtl=\"\">\n<h4 class=\"wp-block-heading\">Ex-presidente disse que jamais se \u201catreveu\u201d a aconselhar o magistrado e avaliou que caso Master est\u00e1 sendo \u201cdesastroso\u201d para o quadro institucional geral no pa\u00eds<\/h4>\n<p>O ex-presidente Michel Temer (MDB), negou, em entrevista \u00e0\u00a0CNN\u00a0nesta sexta-feira (10), que tenha dado qualquer orienta\u00e7\u00e3o ao ministro do STF (Supremo Tribunal Federal), Alexandre de Moraes no que diz respeito \u00e0 tramita\u00e7\u00e3o do caso Master na Suprema Corte.<\/p>\n<p>\u201cNenhuma orienta\u00e7\u00e3o eu dei a ele porque eu conhe\u00e7o bem o Alexandre e sei que ele decide por conta pr\u00f3pria\u201d, disse.<\/p>\n<p>A declara\u00e7\u00e3o ocorre na mesma semana em que\u00a0Lula disse ter conversado com o magistrado sobre o assunto, orientando-o a se declarar desimpedido no julgamento, em decorr\u00eancia da press\u00e3o sobre Moraes por conta da\u00a0atua\u00e7\u00e3o da esposa, Viviane Barci de Moraes, na defesa do banco comandado por Daniel Vorcaro.<\/p>\n<p>\u201cAs eventuais sugest\u00f5es do presidente da Rep\u00fablica, o Alexandre pode ouvi-las, mas eu tenho absoluta convic\u00e7\u00e3o de que a decis\u00e3o \u00e9 exclusivamente dele. N\u00e3o ser\u00e1 uma ou outra afirma\u00e7\u00e3o, uma ou outra sugest\u00e3o, uma ou outra orienta\u00e7\u00e3o que ele receba. Ele saber\u00e1 o que fazer, por isso digo a voc\u00ea que jamais me atrevi a dar nenhuma orienta\u00e7\u00e3o a ele\u201d, acrescentou Temer \u00e0\u00a0CNN.<\/p>\n<p>Ainda na entrevista, o ex-presidente classificou toda essa hist\u00f3ria envolvendo o Banco Master como \u201cdesastrosa\u201d e afirmou que ela n\u00e3o est\u00e1 sendo boa para as campanhas pol\u00edticas que come\u00e7am a se formar.<\/p>\n<p>\u201cAgora, neste momento eu devo dizer a voc\u00ea uma coisa \u00f3bvia, est\u00e1 sendo desastrosa essa quest\u00e3o do Banco Master. (\u2026) No presente momento o que eu posso dizer \u00e9 que n\u00e3o est\u00e1 sendo bom para as campanhas pol\u00edticas e para o quadro institucional geral no pa\u00eds\u201d.<\/p>\n<p><strong><a href=\"https:\/\/www.cnnbrasil.com.br\/politica\/temer-nega-orientacao-moraes-decide-por-conta-propria\/\">Cr\u00e9dito CNN Brasil<\/a><\/strong><\/p>\n<\/div>\n<p><br \/>\n<br \/><a href=\"https:\/\/paulofigueiredoshow.com\/temer-nega-orientacao-moraes-decide-por-conta-propria\/\">Source link <\/a><\/p>","protected":false},"excerpt":{"rendered":"<p>Ex-presidente disse que jamais se \u201catreveu\u201d a aconselhar o magistrado e avaliou que caso Master est\u00e1 sendo \u201cdesastroso\u201d para o quadro institucional geral no pa\u00eds O ex-presidente Michel Temer (MDB),&hellip;<\/p>","protected":false},"author":1,"featured_media":129387,"comment_status":"closed","ping_status":"open","sticky":false,"template":"","format":"standard","meta":{"content-type":"","footnotes":""},"categories":[16],"tags":[],"class_list":["post-129386","post","type-post","status-publish","format-standard","has-post-thumbnail","hentry","category-noticias"],"_links":{"self":[{"href":"https:\/\/tvbrazilusa.com\/pt\/wp-json\/wp\/v2\/posts\/129386","targetHints":{"allow":["GET"]}}],"collection":[{"href":"https:\/\/tvbrazilusa.com\/pt\/wp-json\/wp\/v2\/posts"}],"about":[{"href":"https:\/\/tvbrazilusa.com\/pt\/wp-json\/wp\/v2\/types\/post"}],"author":[{"embeddable":true,"href":"https:\/\/tvbrazilusa.com\/pt\/wp-json\/wp\/v2\/users\/1"}],"replies":[{"embeddable":true,"href":"https:\/\/tvbrazilusa.com\/pt\/wp-json\/wp\/v2\/comments?post=129386"}],"version-history":[{"count":1,"href":"https:\/\/tvbrazilusa.com\/pt\/wp-json\/wp\/v2\/posts\/129386\/revisions"}],"predecessor-version":[{"id":129388,"href":"https:\/\/tvbrazilusa.com\/pt\/wp-json\/wp\/v2\/posts\/129386\/revisions\/129388"}],"wp:featuredmedia":[{"embeddable":true,"href":"https:\/\/tvbrazilusa.com\/pt\/wp-json\/wp\/v2\/media\/129387"}],"wp:attachment":[{"href":"https:\/\/tvbrazilusa.com\/pt\/wp-json\/wp\/v2\/media?parent=129386"}],"wp:term":[{"taxonomy":"category","embeddable":true,"href":"https:\/\/tvbrazilusa.com\/pt\/wp-json\/wp\/v2\/categories?post=129386"},{"taxonomy":"post_tag","embeddable":true,"href":"https:\/\/tvbrazilusa.com\/pt\/wp-json\/wp\/v2\/tags?post=129386"}],"curies":[{"name":"wp","href":"https:\/\/api.w.org\/{rel}","templated":true}]}}