{"id":129392,"date":"2026-04-10T19:43:04","date_gmt":"2026-04-10T19:43:04","guid":{"rendered":"https:\/\/tvbrazilusa.com\/2026\/04\/10\/exercito-prende-militares-por-ordem-de-moraes-paulo-figueiredo\/"},"modified":"2026-04-10T20:18:27","modified_gmt":"2026-04-10T20:18:27","slug":"exercito-prende-militares-por-ordem-de-moraes-paulo-figueiredo","status":"publish","type":"post","link":"https:\/\/tvbrazilusa.com\/pt\/2026\/04\/10\/exercito-prende-militares-por-ordem-de-moraes-paulo-figueiredo\/","title":{"rendered":"Ex\u00e9rcito prende militares por ordem de Moraes &#8211; Paulo Figueiredo"},"content":{"rendered":"<p> <script async src=\"https:\/\/pagead2.googlesyndication.com\/pagead\/js\/adsbygoogle.js?client=ca-pub-8864793242727901\"\r\n     crossorigin=\"anonymous\"><\/script><br \/>\n<\/p>\n<div id=\"wtr-content\" data-bg=\"#FFFFFF\" data-fg=\"#006d91\" data-width=\"25\" data-mute=\"1\" data-fgopacity=\"1.00\" data-mutedopacity=\"0.5\" data-placement=\"bottom\" data-placement-offset=\"0\" data-content-offset=\"262\" data-placement-touch=\"bottom\" data-placement-offset-touch=\"0\" data-transparent=\"\" data-shadow=\"0\" data-touch=\"1\" data-non-touch=\"1\" data-comments=\"0\" data-commentsbg=\"transparent\" data-location=\"page\" data-mutedfg=\"#006d91\" data-endfg=\"#006d91\" data-rtl=\"\">\n<h4 class=\"wp-block-heading\">STF determina o in\u00edcio do cumprimento das penas de at\u00e9 17 anos<\/h4>\n<p>O Ex\u00e9rcito prendeu tr\u00eas militares na manh\u00e3 desta sexta-feira, 10, por determina\u00e7\u00e3o do ministro Alexandre de Moraes, do\u00a0Supremo Tribunal Federal (STF). O magistrado ordenou o in\u00edcio da execu\u00e7\u00e3o das penas assim que a Corte rejeitou os primeiros recursos contra as condena\u00e7\u00f5es por suposta tentativa de golpe de Estado.<\/p>\n<p>O major da reserva \u00c2ngelo Denicoli foi detido no Esp\u00edrito Santo, enquanto o tenente-coronel Guilherme Marques de Almeida e o subtenente Giancarlo Gomes Rodrigues foram levados para o Batalh\u00e3o de Pol\u00edcia do Ex\u00e9rcito em Bras\u00edlia.<\/p>\n<p>Os mandados de pris\u00e3o definitiva miram o grupo acusado de espalhar informa\u00e7\u00f5es falsas sobre as urnas eletr\u00f4nicas. Dois alvos da opera\u00e7\u00e3o seguem foragidos: o coronel da reserva Reginaldo Vieira de Abreu e o engenheiro Carlos Cesar Rocha. Ao SBT News, a defesa de Denicoli criticou a medida e classificou a pris\u00e3o como \u201ca\u00e7odada\u201d, por ocorrer antes do esgotamento total dos recursos previstos na Constitui\u00e7\u00e3o.<\/p>\n<h4 class=\"wp-block-heading\" id=\"h-penas-severas-e-multa-milionaria\">Penas severas e multa milion\u00e1ria<\/h4>\n<p>A\u00a0Procuradoria-Geral da Rep\u00fablica (PGR)\u00a0sustenta que os militares utilizaram a estrutura da Ag\u00eancia Brasileira de Intelig\u00eancia (Abin) para monitorar advers\u00e1rios pol\u00edticos. As condena\u00e7\u00f5es ocorreram em outubro do ano passado, e as penas chegam a 17 anos de reclus\u00e3o em regime fechado.<\/p>\n<p>Denicoli recebeu a puni\u00e7\u00e3o mais alta, com 17 anos de pris\u00e3o. Abreu foi condenado a 15 anos e meio, enquanto Bormevet e Rodrigues pegaram 14 anos e meio e 14 anos, respectivamente. J\u00e1 os militares Almeida e Barros receberam senten\u00e7as de 13 anos e seis meses de deten\u00e7\u00e3o.<\/p>\n<p>O STF tamb\u00e9m imp\u00f4s aos r\u00e9us o pagamento de R$ 30 milh\u00f5es por danos morais coletivos e determinou a inelegibilidade de todos os envolvidos. Bormevet perder\u00e1 o cargo de agente da Pol\u00edcia Federal. Para os demais oficiais e pra\u00e7as, o tribunal enviou comunicado ao\u00a0Superior Tribunal Militar\u00a0para que a Corte declare a indignidade para o oficialato, o que resulta na perda de patentes e postos.<\/p>\n<p><strong><a href=\"https:\/\/revistaoeste.com\/politica\/exercito-prende-militares-por-ordem-de-moraes\/\">Cr\u00e9dito Revista Oeste<\/a><\/strong><\/p>\n<\/div>\n<p><br \/>\n<br \/><a href=\"https:\/\/paulofigueiredoshow.com\/exercito-prende-militares-por-ordem-de-moraes\/\">Source link <\/a><\/p>","protected":false},"excerpt":{"rendered":"<p>STF determina o in\u00edcio do cumprimento das penas de at\u00e9 17 anos O Ex\u00e9rcito prendeu tr\u00eas militares na manh\u00e3 desta sexta-feira, 10, por determina\u00e7\u00e3o do ministro Alexandre de Moraes, do\u00a0Supremo&hellip;<\/p>","protected":false},"author":1,"featured_media":129393,"comment_status":"closed","ping_status":"open","sticky":false,"template":"","format":"standard","meta":{"content-type":"","footnotes":""},"categories":[16],"tags":[],"class_list":["post-129392","post","type-post","status-publish","format-standard","has-post-thumbnail","hentry","category-noticias"],"_links":{"self":[{"href":"https:\/\/tvbrazilusa.com\/pt\/wp-json\/wp\/v2\/posts\/129392","targetHints":{"allow":["GET"]}}],"collection":[{"href":"https:\/\/tvbrazilusa.com\/pt\/wp-json\/wp\/v2\/posts"}],"about":[{"href":"https:\/\/tvbrazilusa.com\/pt\/wp-json\/wp\/v2\/types\/post"}],"author":[{"embeddable":true,"href":"https:\/\/tvbrazilusa.com\/pt\/wp-json\/wp\/v2\/users\/1"}],"replies":[{"embeddable":true,"href":"https:\/\/tvbrazilusa.com\/pt\/wp-json\/wp\/v2\/comments?post=129392"}],"version-history":[{"count":1,"href":"https:\/\/tvbrazilusa.com\/pt\/wp-json\/wp\/v2\/posts\/129392\/revisions"}],"predecessor-version":[{"id":129394,"href":"https:\/\/tvbrazilusa.com\/pt\/wp-json\/wp\/v2\/posts\/129392\/revisions\/129394"}],"wp:featuredmedia":[{"embeddable":true,"href":"https:\/\/tvbrazilusa.com\/pt\/wp-json\/wp\/v2\/media\/129393"}],"wp:attachment":[{"href":"https:\/\/tvbrazilusa.com\/pt\/wp-json\/wp\/v2\/media?parent=129392"}],"wp:term":[{"taxonomy":"category","embeddable":true,"href":"https:\/\/tvbrazilusa.com\/pt\/wp-json\/wp\/v2\/categories?post=129392"},{"taxonomy":"post_tag","embeddable":true,"href":"https:\/\/tvbrazilusa.com\/pt\/wp-json\/wp\/v2\/tags?post=129392"}],"curies":[{"name":"wp","href":"https:\/\/api.w.org\/{rel}","templated":true}]}}