{"id":129409,"date":"2026-04-10T23:16:54","date_gmt":"2026-04-10T23:16:54","guid":{"rendered":"https:\/\/tvbrazilusa.com\/2026\/04\/10\/pt-gasta-r-411-mil-com-anuncios-contra-flavio-bolsonaro-em-7-dias-paulo-figueiredo\/"},"modified":"2026-04-10T23:28:31","modified_gmt":"2026-04-10T23:28:31","slug":"pt-gasta-r-411-mil-com-anuncios-contra-flavio-bolsonaro-em-7-dias-paulo-figueiredo","status":"publish","type":"post","link":"https:\/\/tvbrazilusa.com\/pt\/2026\/04\/10\/pt-gasta-r-411-mil-com-anuncios-contra-flavio-bolsonaro-em-7-dias-paulo-figueiredo\/","title":{"rendered":"PT gasta R$ 411 mil com an\u00fancios contra Fl\u00e1vio Bolsonaro em 7 dias &#8211; Paulo Figueiredo"},"content":{"rendered":"<p> <script async src=\"https:\/\/pagead2.googlesyndication.com\/pagead\/js\/adsbygoogle.js?client=ca-pub-8864793242727901\"\r\n     crossorigin=\"anonymous\"><\/script><br \/>\n<\/p>\n<div id=\"wtr-content\" data-bg=\"#FFFFFF\" data-fg=\"#006d91\" data-width=\"25\" data-mute=\"1\" data-fgopacity=\"1.00\" data-mutedopacity=\"0.5\" data-placement=\"bottom\" data-placement-offset=\"0\" data-content-offset=\"262\" data-placement-touch=\"bottom\" data-placement-offset-touch=\"0\" data-transparent=\"\" data-shadow=\"0\" data-touch=\"1\" data-non-touch=\"1\" data-comments=\"0\" data-commentsbg=\"transparent\" data-location=\"page\" data-mutedfg=\"#006d91\" data-endfg=\"#006d91\" data-rtl=\"\">\n<h4 class=\"wp-block-heading\">Investimento em impulsionamento digital consta em relat\u00f3rio da Meta<\/h4>\n<p>O\u00a0Partido dos Trabalhadores (PT)\u00a0destinou mais de R$ 411 mil para impulsionamento de conte\u00fado nas redes sociais nos \u00faltimos sete dias. Os dados constam no Relat\u00f3rio da Biblioteca de An\u00fancios da Meta.<\/p>\n<p>O valor coloca o partido atr\u00e1s apenas do governo federal, que gastou cerca de R$ 1,4 milh\u00e3o no mesmo per\u00edodo, segundo o levantamento.<\/p>\n<p>O investimento ocorre em meio ao cen\u00e1rio pr\u00e9-eleitoral, no qual o presidente Luiz In\u00e1cio Lula da Silva (PT) aparece empatado ou atr\u00e1s do senador Fl\u00e1vio Bolsonaro (PL-RJ), pr\u00e9-candidato \u00e0 Presid\u00eancia da Rep\u00fablica.<\/p>\n<p>O partido direcionou parte dos recursos para conte\u00fados com cr\u00edticas ao parlamentar.<\/p>\n<h4 class=\"wp-block-heading\" id=\"h-criticas-a-flavio-bolsonaro\">Cr\u00edticas a Fl\u00e1vio Bolsonaro<\/h4>\n<p>Em alguns conte\u00fados, o senador \u00e9 chamado de \u201ctraidor da p\u00e1tria\u201d, em refer\u00eancia \u00e0 sua rela\u00e7\u00e3o com os Estados Unidos.<\/p>\n<p>As pe\u00e7as tamb\u00e9m vinculam o nome do parlamentar ao caso do Banco Master e ao aumento dos combust\u00edveis. Em outros materiais, h\u00e1 men\u00e7\u00f5es a poss\u00edveis impactos sobre o Pix.<\/p>\n<p>As publica\u00e7\u00f5es ainda citam o Partido Liberal (PL), como contr\u00e1rio ao fim da escala 6\u00d71 e \u00e0 amplia\u00e7\u00e3o da faixa de isen\u00e7\u00e3o do Imposto de Renda at\u00e9 R$ 5 mil.<\/p>\n<p>O impulsionamento de conte\u00fado pol\u00edtico em redes sociais segue regras estabelecidas pela Justi\u00e7a Eleitoral. O Tribunal Superior Eleitoral (TSE) pro\u00edbe o uso de an\u00fancios pagos para veicular propaganda negativa, inclusive durante o per\u00edodo de pr\u00e9-campanha.<\/p>\n<p>O caso pode ser alvo de questionamento, a depender da interpreta\u00e7\u00e3o sobre o teor das publica\u00e7\u00f5es impulsionadas.<\/p>\n<h4 class=\"wp-block-heading\" id=\"h-pesquisa-mostra-flavio-a-frente-de-lula\">Pesquisa mostra Fl\u00e1vio \u00e0 frente de Lula<\/h4>\n<p>Levantamento do instituto Verit\u00e1 divulgado nesta sexta-feira, 10, mostra Fl\u00e1vio Bolsonaro na lideran\u00e7a em um cen\u00e1rio de primeiro turno. O parlamentar registra 35,9% das inten\u00e7\u00f5es de voto. Na sequ\u00eancia aparece o presidente Luiz In\u00e1cio Lula da Silva (PT), com 33,2%.<\/p>\n<p>Os ex-governadores Ronaldo Caiado (PSD), de Goi\u00e1s, e Romeu Zema (Novo), de Minas Gerais, marcam 1,9% e 1,8%, respectivamente. O l\u00edder do Movimento Brasil Livre, Renan Santos (Miss\u00e3o), tamb\u00e9m registra 1,8%.<\/p>\n<p>O ex-ministro Aldo Rebelo (DC) aparece com 0,4%.<\/p>\n<p>Votos em branco e nulos somam 4,1%. Outros 15,9% dos entrevistados n\u00e3o souberam responder.<\/p>\n<p>O instituto ouviu 40,5 mil pessoas em todo o pa\u00eds entre 13 de mar\u00e7o e 4 de abril. A margem de erro \u00e9 de 1 ponto porcentual, com n\u00edvel de confian\u00e7a de 95%. A pesquisa tem registro no TSE sob o protocolo BR-02476\/2026.<\/p>\n<p><strong><a href=\"https:\/\/revistaoeste.com\/politica\/pt-gasta-r-411-mil-com-anuncios-contra-flavio-bolsonaro-em-7-dias\/\">Cr\u00e9dito Revista Oeste<\/a><\/strong><\/p>\n<\/div>\n<p><br \/>\n<br \/><a href=\"https:\/\/paulofigueiredoshow.com\/pt-gasta-r-411-mil-com-anuncios-contra-flavio-bolsonaro-em-7-dias\/\">Source link <\/a><\/p>","protected":false},"excerpt":{"rendered":"<p>Investimento em impulsionamento digital consta em relat\u00f3rio da Meta O\u00a0Partido dos Trabalhadores (PT)\u00a0destinou mais de R$ 411 mil para impulsionamento de conte\u00fado nas redes sociais nos \u00faltimos sete dias. Os&hellip;<\/p>","protected":false},"author":1,"featured_media":129336,"comment_status":"closed","ping_status":"open","sticky":false,"template":"","format":"standard","meta":{"content-type":"","footnotes":""},"categories":[16],"tags":[],"class_list":["post-129409","post","type-post","status-publish","format-standard","has-post-thumbnail","hentry","category-noticias"],"_links":{"self":[{"href":"https:\/\/tvbrazilusa.com\/pt\/wp-json\/wp\/v2\/posts\/129409","targetHints":{"allow":["GET"]}}],"collection":[{"href":"https:\/\/tvbrazilusa.com\/pt\/wp-json\/wp\/v2\/posts"}],"about":[{"href":"https:\/\/tvbrazilusa.com\/pt\/wp-json\/wp\/v2\/types\/post"}],"author":[{"embeddable":true,"href":"https:\/\/tvbrazilusa.com\/pt\/wp-json\/wp\/v2\/users\/1"}],"replies":[{"embeddable":true,"href":"https:\/\/tvbrazilusa.com\/pt\/wp-json\/wp\/v2\/comments?post=129409"}],"version-history":[{"count":1,"href":"https:\/\/tvbrazilusa.com\/pt\/wp-json\/wp\/v2\/posts\/129409\/revisions"}],"predecessor-version":[{"id":129410,"href":"https:\/\/tvbrazilusa.com\/pt\/wp-json\/wp\/v2\/posts\/129409\/revisions\/129410"}],"wp:featuredmedia":[{"embeddable":true,"href":"https:\/\/tvbrazilusa.com\/pt\/wp-json\/wp\/v2\/media\/129336"}],"wp:attachment":[{"href":"https:\/\/tvbrazilusa.com\/pt\/wp-json\/wp\/v2\/media?parent=129409"}],"wp:term":[{"taxonomy":"category","embeddable":true,"href":"https:\/\/tvbrazilusa.com\/pt\/wp-json\/wp\/v2\/categories?post=129409"},{"taxonomy":"post_tag","embeddable":true,"href":"https:\/\/tvbrazilusa.com\/pt\/wp-json\/wp\/v2\/tags?post=129409"}],"curies":[{"name":"wp","href":"https:\/\/api.w.org\/{rel}","templated":true}]}}