{"id":129411,"date":"2026-04-10T23:13:59","date_gmt":"2026-04-10T23:13:59","guid":{"rendered":"https:\/\/tvbrazilusa.com\/2026\/04\/10\/lula-fara-nova-viagem-a-europa-com-agenda-na-espanha-e-alemanha-paulo-figueiredo\/"},"modified":"2026-04-10T23:34:17","modified_gmt":"2026-04-10T23:34:17","slug":"lula-fara-nova-viagem-a-europa-com-agenda-na-espanha-e-alemanha-paulo-figueiredo","status":"publish","type":"post","link":"https:\/\/tvbrazilusa.com\/pt\/2026\/04\/10\/lula-fara-nova-viagem-a-europa-com-agenda-na-espanha-e-alemanha-paulo-figueiredo\/","title":{"rendered":"Lula far\u00e1 nova viagem \u00e0 Europa com agenda na Espanha e Alemanha &#8211; Paulo Figueiredo"},"content":{"rendered":"<p> <script async src=\"https:\/\/pagead2.googlesyndication.com\/pagead\/js\/adsbygoogle.js?client=ca-pub-8864793242727901\"\r\n     crossorigin=\"anonymous\"><\/script><br \/>\n<\/p>\n<div id=\"wtr-content\" data-bg=\"#FFFFFF\" data-fg=\"#006d91\" data-width=\"25\" data-mute=\"1\" data-fgopacity=\"1.00\" data-mutedopacity=\"0.5\" data-placement=\"bottom\" data-placement-offset=\"0\" data-content-offset=\"262\" data-placement-touch=\"bottom\" data-placement-offset-touch=\"0\" data-transparent=\"\" data-shadow=\"0\" data-touch=\"1\" data-non-touch=\"1\" data-comments=\"0\" data-commentsbg=\"transparent\" data-location=\"page\" data-mutedfg=\"#006d91\" data-endfg=\"#006d91\" data-rtl=\"\">\n<h4 class=\"wp-block-heading\">Agenda inclui f\u00f3runs internacionais e reuni\u00f5es bilaterais com l\u00edderes europeus<\/h4>\n<p>O presidente\u00a0Luiz In\u00e1cio Lula da Silva\u00a0(PT) prepara uma viagem \u00e0 Europa de 17 a 20 de abril. A agenda inclui compromissos na Espanha e na Alemanha.<\/p>\n<p>O primeiro compromisso ocorre em Barcelona, com reuni\u00e3o bilateral com o premi\u00ea Pedro S\u00e1nchez, em 17 de abril.<\/p>\n<p>No dia seguinte, ainda na cidade espanhola, Lula participa do f\u00f3rum internacional \u201cEm Defesa da Democracia, Combatendo Extremismos\u201d. O encontro re\u00fane chefes de Estado de diferentes pa\u00edses.<\/p>\n<p>A Espanha integra o grupo de pa\u00edses da Uni\u00e3o Europeia que defendem a implementa\u00e7\u00e3o do acordo entre o bloco e o Mercosul.<\/p>\n<h4 class=\"wp-block-heading\" id=\"h-agenda-na-europa-inclui-feira-industrial-e-encontros-com-empresas\">Agenda na Europa inclui feira industrial e encontros com empresas<\/h4>\n<p>Em 19 de abril, Lula segue para Hannover, na Alemanha, onde participa de uma feira industrial considerada uma das principais do setor no mundo. O Brasil ocupa, pela primeira vez, a posi\u00e7\u00e3o de pa\u00eds parceiro oficial do evento.<\/p>\n<p>A programa\u00e7\u00e3o inclui a presen\u00e7a de empresas brasileiras em um pavilh\u00e3o dedicado ao pa\u00eds. A estrutura re\u00fane expositores e participantes ligados a setores como automa\u00e7\u00e3o, rob\u00f3tica e biocombust\u00edveis.<\/p>\n<p>A agenda prev\u00ea encontros bilaterais e rodadas de neg\u00f3cios durante dois dias. A participa\u00e7\u00e3o brasileira envolve a articula\u00e7\u00e3o de \u00f3rg\u00e3os de promo\u00e7\u00e3o comercial.<\/p>\n<p>Em novembro de 2025, o presidente afirmou que pretendia apresentar dados sobre emiss\u00f5es de combust\u00edveis produzidos no Brasil durante o evento na Alemanha.<\/p>\n<p>O acordo entre Mercosul e Uni\u00e3o Europeia aparece como tema central da viagem. O governo trabalha com a possibilidade de avan\u00e7ar na implementa\u00e7\u00e3o antes do embarque.<\/p>\n<p>A agenda ainda pode incluir uma parada em Lisboa, com possibilidade de encontro com o presidente de Portugal, Ant\u00f3nio Jos\u00e9 Seguro, em um poss\u00edvel primeiro encontro entre os dois l\u00edderes.<\/p>\n<p><strong><a href=\"https:\/\/revistaoeste.com\/politica\/lula-fara-nova-viagem-a-europa-com-agenda-na-espanha-e-alemanha\/\">Cr\u00e9dito Revista Oeste<\/a><\/strong><\/p>\n<\/div>\n<p><br \/>\n<br \/><a href=\"https:\/\/paulofigueiredoshow.com\/lula-fara-nova-viagem-a-europa-com-agenda-na-espanha-e-alemanha\/\">Source link <\/a><\/p>","protected":false},"excerpt":{"rendered":"<p>Agenda inclui f\u00f3runs internacionais e reuni\u00f5es bilaterais com l\u00edderes europeus O presidente\u00a0Luiz In\u00e1cio Lula da Silva\u00a0(PT) prepara uma viagem \u00e0 Europa de 17 a 20 de abril. A agenda inclui&hellip;<\/p>","protected":false},"author":1,"featured_media":129412,"comment_status":"closed","ping_status":"open","sticky":false,"template":"","format":"standard","meta":{"content-type":"","footnotes":""},"categories":[16],"tags":[],"class_list":["post-129411","post","type-post","status-publish","format-standard","has-post-thumbnail","hentry","category-noticias"],"_links":{"self":[{"href":"https:\/\/tvbrazilusa.com\/pt\/wp-json\/wp\/v2\/posts\/129411","targetHints":{"allow":["GET"]}}],"collection":[{"href":"https:\/\/tvbrazilusa.com\/pt\/wp-json\/wp\/v2\/posts"}],"about":[{"href":"https:\/\/tvbrazilusa.com\/pt\/wp-json\/wp\/v2\/types\/post"}],"author":[{"embeddable":true,"href":"https:\/\/tvbrazilusa.com\/pt\/wp-json\/wp\/v2\/users\/1"}],"replies":[{"embeddable":true,"href":"https:\/\/tvbrazilusa.com\/pt\/wp-json\/wp\/v2\/comments?post=129411"}],"version-history":[{"count":1,"href":"https:\/\/tvbrazilusa.com\/pt\/wp-json\/wp\/v2\/posts\/129411\/revisions"}],"predecessor-version":[{"id":129413,"href":"https:\/\/tvbrazilusa.com\/pt\/wp-json\/wp\/v2\/posts\/129411\/revisions\/129413"}],"wp:featuredmedia":[{"embeddable":true,"href":"https:\/\/tvbrazilusa.com\/pt\/wp-json\/wp\/v2\/media\/129412"}],"wp:attachment":[{"href":"https:\/\/tvbrazilusa.com\/pt\/wp-json\/wp\/v2\/media?parent=129411"}],"wp:term":[{"taxonomy":"category","embeddable":true,"href":"https:\/\/tvbrazilusa.com\/pt\/wp-json\/wp\/v2\/categories?post=129411"},{"taxonomy":"post_tag","embeddable":true,"href":"https:\/\/tvbrazilusa.com\/pt\/wp-json\/wp\/v2\/tags?post=129411"}],"curies":[{"name":"wp","href":"https:\/\/api.w.org\/{rel}","templated":true}]}}