{"id":129419,"date":"2026-04-11T15:46:02","date_gmt":"2026-04-11T15:46:02","guid":{"rendered":"https:\/\/tvbrazilusa.com\/2026\/04\/11\/primeira-medida-em-meu-governo-sera-cortar-impostos-e-rever-reforma-tributaria-diz-flavio-paulo-figueiredo\/"},"modified":"2026-04-11T15:51:35","modified_gmt":"2026-04-11T15:51:35","slug":"primeira-medida-em-meu-governo-sera-cortar-impostos-e-rever-reforma-tributaria-diz-flavio-paulo-figueiredo","status":"publish","type":"post","link":"https:\/\/tvbrazilusa.com\/pt\/2026\/04\/11\/primeira-medida-em-meu-governo-sera-cortar-impostos-e-rever-reforma-tributaria-diz-flavio-paulo-figueiredo\/","title":{"rendered":"Primeira medida em meu governo ser\u00e1 cortar impostos e rever reforma tribut\u00e1ria, diz Fl\u00e1vio &#8211; Paulo Figueiredo"},"content":{"rendered":"<p> <script async src=\"https:\/\/pagead2.googlesyndication.com\/pagead\/js\/adsbygoogle.js?client=ca-pub-8864793242727901\"\r\n     crossorigin=\"anonymous\"><\/script><br \/>\n<\/p>\n<div id=\"wtr-content\" data-bg=\"#FFFFFF\" data-fg=\"#006d91\" data-width=\"25\" data-mute=\"1\" data-fgopacity=\"1.00\" data-mutedopacity=\"0.5\" data-placement=\"bottom\" data-placement-offset=\"0\" data-content-offset=\"262\" data-placement-touch=\"bottom\" data-placement-offset-touch=\"0\" data-transparent=\"\" data-shadow=\"0\" data-touch=\"1\" data-non-touch=\"1\" data-comments=\"0\" data-commentsbg=\"transparent\" data-location=\"page\" data-mutedfg=\"#006d91\" data-endfg=\"#006d91\" data-rtl=\"\">\n<p>O pr\u00e9-candidato \u00e0 Presid\u00eancia da Rep\u00fablica pelo Partido Liberal (PL),\u00a0Fl\u00e1vio Bolsonaro, declarou nesta sexta-feira, 11, que caso seja eleito sua primeira medida ser\u00e1 um corte de impostos e uma revis\u00e3o da reforma tribut\u00e1ria.<\/p>\n<p>\u201cRever a reforma tribut\u00e1ria \u00e9 urgente. Temos uma carga tribut\u00e1ria absurda. A maior IVA do mundo. Precisamos pensar em cortar impostos\u201d, disse Fl\u00e1vio respondendo \u00e0 perguntas durante o\u00a0F\u00f3rum da Liberdade de Porto Alegre, organizado pelo\u00a0Instituto de Estudos Empresariais (IEE).<\/p>\n<p>O senador pelo Rio de Janeiro disse que outro imposto que cortaria imediatamente seria o 12% cobrado sobre as exporta\u00e7\u00f5es de petr\u00f3leo bruto, criado pelo governo Lula via medida provis\u00f3ria. \u201cUm absurdo\u201d, classificou, relembrando como quatro companhias petrol\u00edferas conseguiram uma liminar da Justi\u00e7a do Rio de Janeiro que as isentou do pagamento do tributo<\/p>\n<h4 class=\"wp-block-heading\" id=\"h-flavio-nao-abre-o-jogo-sobre-vice-ou-ministros\">Fl\u00e1vio n\u00e3o abre o jogo sobre vice ou ministros<\/h4>\n<p>Questionado sobre os poss\u00edveis nomes para a vice-Presid\u00eancia, Fl\u00e1vio n\u00e3o quis dar indica\u00e7\u00f5es de quem poderia ser indicado.<\/p>\n<p>O pr\u00e9-candidato explicou que \u201cest\u00e1 conversando\u201d com partidos, refor\u00e7ou os elogios \u00e0 senadora Teresa Cristina (PP-MS), mas disse que a decis\u00e3o ser\u00e1 mais para frente.<\/p>\n<p>\u201cAgora que o cen\u00e1rio se estabilizou, com o fim da janela partid\u00e1ria. Temos as conversas com os partidos e quando houver uma converg\u00eancia program\u00e1tica, n\u00e3o vejo problema de a gente tomar melhor posi\u00e7\u00e3o, mas mais l\u00e1 para frente\u201d, salientou.<\/p>\n<p>No dia anterior, quinta-feira, 10, o F\u00f3rum da Liberdade realizou um debate com os presidenci\u00e1veis Romeu Zema (Novo), Aldo Rebelo (DC) e Ronaldo Caiado (PSD). Fl\u00e1vio n\u00e3o conseguiu participar dessa programa\u00e7\u00e3o por quest\u00f5es de agenda, pois estava em um evento do PL em Mato Grosso do Sul.<\/p>\n<p>\u201cS\u00e3o todos nomes que t\u00eam um alinhamento de centro e direita. Eu acho que o debate \u00e9 importante\u201d, disse Fl\u00e1vio sobre os outros tr\u00eas presidenci\u00e1veis.<\/p>\n<p>Para o senador a converg\u00eancia da direita vai \u201cacontecer de forma natural, seja num primeiro momento, seja l\u00e1 na elei\u00e7\u00e3o, se houver um segundo turno\u201d<\/p>\n<p>Perguntado sobre quem ele colocaria em seu eventual minist\u00e9rio, o candidato n\u00e3o quis indicar nomes.<\/p>\n<p>\u201cVamos ter um time de estrelas. Todas pessoas com uma trajet\u00f3ria brilhante e que aceitaram deixar seus cargos no mercado para trabalhar conosco. Vamos deix\u00e1-los atuar em autonomia. Esse \u00e9 o segredo de um governo de sucesso\u201d, explicou.<\/p>\n<h4 class=\"wp-block-heading\" id=\"h-medidas-mais-duras-para-a-seguranca-publica\">Medidas mais duras para a seguran\u00e7a p\u00fablica<\/h4>\n<p>\u00c0 plateia que o recebeu com entusiasmo, Fl\u00e1vio falou sobre suas medidas para melhorar a seguran\u00e7a, como penas mais pesadas e aumentou no n\u00famero de pris\u00f5es.<\/p>\n<p>\u201cJ\u00e1 estamos alterando a legisla\u00e7\u00e3o penal para endurecer as penas de l\u00edderes de fac\u00e7\u00f5es criminais. Esses narcoterroristas devem enfrentar penas de at\u00e9 80 anos. Os marginais devem permanecer presos\u201d, disse o senador.<\/p>\n<h4 class=\"wp-block-heading\" id=\"h-duras-criticas-ao-pt\">Duras cr\u00edticas ao PT<\/h4>\n<p>O presidenci\u00e1vel n\u00e3o poupou cr\u00edticas ao governo do Partido dos Trabalhadores (PT). \u201cEsse governo \u00e9 marcado pela corrup\u00e7\u00e3o, incompet\u00eancia, \u00f3dio e censura contra quem pensa diferente\u201d, disse Fl\u00e1vio.<\/p>\n<p>Para o pr\u00e9-candidato \u00e0 Presid\u00eancia da Rep\u00fablica, a \u201cera do PT no Brasil vai acabar em outubro\u201d.<\/p>\n<\/div>\n<p><br \/>\n<br \/><a href=\"https:\/\/paulofigueiredoshow.com\/primeira-medida-em-meu-governo-sera-cortar-impostos-e-rever-reforma-tributaria-diz-flavio\/\">Source link <\/a><\/p>","protected":false},"excerpt":{"rendered":"<p>O pr\u00e9-candidato \u00e0 Presid\u00eancia da Rep\u00fablica pelo Partido Liberal (PL),\u00a0Fl\u00e1vio Bolsonaro, declarou nesta sexta-feira, 11, que caso seja eleito sua primeira medida ser\u00e1 um corte de impostos e uma revis\u00e3o&hellip;<\/p>","protected":false},"author":1,"featured_media":129420,"comment_status":"closed","ping_status":"open","sticky":false,"template":"","format":"standard","meta":{"content-type":"","footnotes":""},"categories":[16],"tags":[],"class_list":["post-129419","post","type-post","status-publish","format-standard","has-post-thumbnail","hentry","category-noticias"],"_links":{"self":[{"href":"https:\/\/tvbrazilusa.com\/pt\/wp-json\/wp\/v2\/posts\/129419","targetHints":{"allow":["GET"]}}],"collection":[{"href":"https:\/\/tvbrazilusa.com\/pt\/wp-json\/wp\/v2\/posts"}],"about":[{"href":"https:\/\/tvbrazilusa.com\/pt\/wp-json\/wp\/v2\/types\/post"}],"author":[{"embeddable":true,"href":"https:\/\/tvbrazilusa.com\/pt\/wp-json\/wp\/v2\/users\/1"}],"replies":[{"embeddable":true,"href":"https:\/\/tvbrazilusa.com\/pt\/wp-json\/wp\/v2\/comments?post=129419"}],"version-history":[{"count":1,"href":"https:\/\/tvbrazilusa.com\/pt\/wp-json\/wp\/v2\/posts\/129419\/revisions"}],"predecessor-version":[{"id":129421,"href":"https:\/\/tvbrazilusa.com\/pt\/wp-json\/wp\/v2\/posts\/129419\/revisions\/129421"}],"wp:featuredmedia":[{"embeddable":true,"href":"https:\/\/tvbrazilusa.com\/pt\/wp-json\/wp\/v2\/media\/129420"}],"wp:attachment":[{"href":"https:\/\/tvbrazilusa.com\/pt\/wp-json\/wp\/v2\/media?parent=129419"}],"wp:term":[{"taxonomy":"category","embeddable":true,"href":"https:\/\/tvbrazilusa.com\/pt\/wp-json\/wp\/v2\/categories?post=129419"},{"taxonomy":"post_tag","embeddable":true,"href":"https:\/\/tvbrazilusa.com\/pt\/wp-json\/wp\/v2\/tags?post=129419"}],"curies":[{"name":"wp","href":"https:\/\/api.w.org\/{rel}","templated":true}]}}