{"id":129422,"date":"2026-04-11T16:01:53","date_gmt":"2026-04-11T16:01:53","guid":{"rendered":"https:\/\/tvbrazilusa.com\/2026\/04\/11\/defesa-de-zambelli-recorre-a-ultima-instancia-da-justica-italiana-contra-extradicao-paulo-figueiredo\/"},"modified":"2026-04-11T16:03:35","modified_gmt":"2026-04-11T16:03:35","slug":"defesa-de-zambelli-recorre-a-ultima-instancia-da-justica-italiana-contra-extradicao-paulo-figueiredo","status":"publish","type":"post","link":"https:\/\/tvbrazilusa.com\/pt\/2026\/04\/11\/defesa-de-zambelli-recorre-a-ultima-instancia-da-justica-italiana-contra-extradicao-paulo-figueiredo\/","title":{"rendered":"Defesa de Zambelli recorre \u00e0 \u00faltima inst\u00e2ncia da justi\u00e7a italiana contra extradi\u00e7\u00e3o &#8211; Paulo Figueiredo"},"content":{"rendered":"<p> <script async src=\"https:\/\/pagead2.googlesyndication.com\/pagead\/js\/adsbygoogle.js?client=ca-pub-8864793242727901\"\r\n     crossorigin=\"anonymous\"><\/script><br \/>\n<\/p>\n<div id=\"wtr-content\" data-bg=\"#FFFFFF\" data-fg=\"#006d91\" data-width=\"25\" data-mute=\"1\" data-fgopacity=\"1.00\" data-mutedopacity=\"0.5\" data-placement=\"bottom\" data-placement-offset=\"0\" data-content-offset=\"262\" data-placement-touch=\"bottom\" data-placement-offset-touch=\"0\" data-transparent=\"\" data-shadow=\"0\" data-touch=\"1\" data-non-touch=\"1\" data-comments=\"0\" data-commentsbg=\"transparent\" data-location=\"page\" data-mutedfg=\"#006d91\" data-endfg=\"#006d91\" data-rtl=\"\">\n<p>A defesa da ex-deputada federal Carla Zambelli (PL) anunciou, nesta sexta-feira (10), que recorreu \u00e0 Corte de Cassa\u00e7\u00e3o, equivalente na It\u00e1lia ao Supremo Tribunal Federal (STF) do Brasil, contra a decis\u00e3o da Corte de Apela\u00e7\u00e3o de Roma que autorizou sua extradi\u00e7\u00e3o.<\/p>\n<p>O an\u00fancio p\u00f5e fim \u00e0s d\u00favidas quanto \u00e0 estrat\u00e9gia a ser decidida por Zambelli, que tinha na mesa a ideia de aceitar sua extradi\u00e7\u00e3o para ficar pr\u00f3xima \u00e0 fam\u00edlia, ainda que presa.<\/p>\n<p>A defesa contesta o entendimento dos magistrados Aldo Morgigni, Flavio Monteleone e Fabrizio Suriano de que h\u00e1 equivalente na lei penal italiana ao crime de invas\u00e3o de dispositivo inform\u00e1tico. Eles entenderam que n\u00e3o h\u00e1 como considerar o delito um crime pol\u00edtico, e que a prote\u00e7\u00e3o \u00e0 infraestrutura de redes do poder p\u00fablico \u00e9 \u201ccomum a qualquer democracia consolidada\u201d. Al\u00e9m deste, foi imputado a ela o crime de falsidade ideol\u00f3gica.<\/p>\n<p>Zambelli foi condenada a 10 anos de pris\u00e3o por supostamente pagar a Walter Delgatti Neto, conhecido como \u201cHacker de Araraquara\u201d, para invadir os sistemas do Conselho Nacional de Justi\u00e7a (CNJ) e inserir um mandado de pris\u00e3o que tinha como mandante e alvo a mesma pessoa, o ministro Alexandre de Moraes. Delgatti est\u00e1 preso em regime semiaberto, mas conseguiu a redu\u00e7\u00e3o de 100 dias em sua pena pelo desempenho no Exame Nacional do Ensino M\u00e9dio (Enem) e se aproxima do cumprimento integral.<\/p>\n<p>A equipe de advogados, liderada por Fabio Pagnozzi, tamb\u00e9m insiste na argumenta\u00e7\u00e3o de que a penitenci\u00e1ria da Colmeia n\u00e3o possui condi\u00e7\u00f5es para garantir o respeito aos direitos humanos.<\/p>\n<p>Agora, a Corte tem seis meses para analisar o recurso. A decis\u00e3o ainda ser\u00e1 submetida ao ministro da Justi\u00e7a da It\u00e1lia, Carlo Nordio.<\/p>\n<p><strong><a href=\"https:\/\/www.gazetadopovo.com.br\/republica\/defesa-de-zambelli-recorre-na-italia-contra-extradicao\/\">Cr\u00e9dito Gazeta do Povo<\/a><\/strong><\/p>\n<\/div>\n<p><br \/>\n<br \/><a href=\"https:\/\/paulofigueiredoshow.com\/defesa-de-zambelli-recorre-a-ultima-instancia-da-justica-italiana-contra-extradicao\/\">Source link <\/a><\/p>","protected":false},"excerpt":{"rendered":"<p>A defesa da ex-deputada federal Carla Zambelli (PL) anunciou, nesta sexta-feira (10), que recorreu \u00e0 Corte de Cassa\u00e7\u00e3o, equivalente na It\u00e1lia ao Supremo Tribunal Federal (STF) do Brasil, contra a&hellip;<\/p>","protected":false},"author":1,"featured_media":129381,"comment_status":"closed","ping_status":"open","sticky":false,"template":"","format":"standard","meta":{"content-type":"","footnotes":""},"categories":[16],"tags":[],"class_list":["post-129422","post","type-post","status-publish","format-standard","has-post-thumbnail","hentry","category-noticias"],"_links":{"self":[{"href":"https:\/\/tvbrazilusa.com\/pt\/wp-json\/wp\/v2\/posts\/129422","targetHints":{"allow":["GET"]}}],"collection":[{"href":"https:\/\/tvbrazilusa.com\/pt\/wp-json\/wp\/v2\/posts"}],"about":[{"href":"https:\/\/tvbrazilusa.com\/pt\/wp-json\/wp\/v2\/types\/post"}],"author":[{"embeddable":true,"href":"https:\/\/tvbrazilusa.com\/pt\/wp-json\/wp\/v2\/users\/1"}],"replies":[{"embeddable":true,"href":"https:\/\/tvbrazilusa.com\/pt\/wp-json\/wp\/v2\/comments?post=129422"}],"version-history":[{"count":1,"href":"https:\/\/tvbrazilusa.com\/pt\/wp-json\/wp\/v2\/posts\/129422\/revisions"}],"predecessor-version":[{"id":129423,"href":"https:\/\/tvbrazilusa.com\/pt\/wp-json\/wp\/v2\/posts\/129422\/revisions\/129423"}],"wp:featuredmedia":[{"embeddable":true,"href":"https:\/\/tvbrazilusa.com\/pt\/wp-json\/wp\/v2\/media\/129381"}],"wp:attachment":[{"href":"https:\/\/tvbrazilusa.com\/pt\/wp-json\/wp\/v2\/media?parent=129422"}],"wp:term":[{"taxonomy":"category","embeddable":true,"href":"https:\/\/tvbrazilusa.com\/pt\/wp-json\/wp\/v2\/categories?post=129422"},{"taxonomy":"post_tag","embeddable":true,"href":"https:\/\/tvbrazilusa.com\/pt\/wp-json\/wp\/v2\/tags?post=129422"}],"curies":[{"name":"wp","href":"https:\/\/api.w.org\/{rel}","templated":true}]}}