{"id":129424,"date":"2026-04-11T16:04:53","date_gmt":"2026-04-11T16:04:53","guid":{"rendered":"https:\/\/tvbrazilusa.com\/2026\/04\/11\/vorcaro-bancou-viagens-de-autoridades-ao-gilmarpalooza-e-a-londres-paulo-figueiredo\/"},"modified":"2026-04-11T16:09:33","modified_gmt":"2026-04-11T16:09:33","slug":"vorcaro-bancou-viagens-de-autoridades-ao-gilmarpalooza-e-a-londres-paulo-figueiredo","status":"publish","type":"post","link":"https:\/\/tvbrazilusa.com\/pt\/2026\/04\/11\/vorcaro-bancou-viagens-de-autoridades-ao-gilmarpalooza-e-a-londres-paulo-figueiredo\/","title":{"rendered":"Vorcaro bancou viagens de autoridades ao Gilmarpalooza e a Londres &#8211; Paulo Figueiredo"},"content":{"rendered":"<p> <script async src=\"https:\/\/pagead2.googlesyndication.com\/pagead\/js\/adsbygoogle.js?client=ca-pub-8864793242727901\"\r\n     crossorigin=\"anonymous\"><\/script><br \/>\n<\/p>\n<div id=\"wtr-content\" data-bg=\"#FFFFFF\" data-fg=\"#006d91\" data-width=\"25\" data-mute=\"1\" data-fgopacity=\"1.00\" data-mutedopacity=\"0.5\" data-placement=\"bottom\" data-placement-offset=\"0\" data-content-offset=\"262\" data-placement-touch=\"bottom\" data-placement-offset-touch=\"0\" data-transparent=\"\" data-shadow=\"0\" data-touch=\"1\" data-non-touch=\"1\" data-comments=\"0\" data-commentsbg=\"transparent\" data-location=\"page\" data-mutedfg=\"#006d91\" data-endfg=\"#006d91\" data-rtl=\"\">\n<p>O banqueiro Daniel Vorcaro, do liquidado Banco Master, financiou eventos paralelos ao chamado \u201cGilmarpalooza\u201d, em Lisboa, organizado pelo ministro Gilmar Mendes, do Supremo Tribunal Federal (STF), al\u00e9m de custear despesas de autoridades brasileiras em outro evento em Londres.<\/p>\n<p>Segundo apura\u00e7\u00f5es da Pol\u00edcia Federal divulgadas nesta sexta-feira (10) pela\u00a0<em>Folha de S. Paulo<\/em>, os gastos totais do banqueiro com estes eventos e autoridades no ano de 2024, entre outros, chegaram a US$ 11,5 milh\u00f5es \u2013 cerca de R$ 60 milh\u00f5es, de acordo com a cota\u00e7\u00e3o oficial.<\/p>\n<p>\u00c0\u00a0<strong>Gazeta do Povo<\/strong>, a defesa de Vorcaro afirmou que n\u00e3o se pronunciar\u00e1 sobre a nova apura\u00e7\u00e3o e aguarda retorno. \u00c0\u00a0<em>Folha de S. Paulo<\/em>, os demais citados na apura\u00e7\u00e3o tamb\u00e9m foram procurados e parte deles respondeu aos questionamentos da reportagem (veja mais abaixo).<\/p>\n<p>Em rela\u00e7\u00e3o ao chamado \u201cGilmarpalooza\u201d, oficialmente conhecido como F\u00f3rum Jur\u00eddico de Lisboa, no m\u00eas de junho daquele ano, a equipe de Vorcaro organizou uma agenda paralela marcada por festas, DJs, dan\u00e7arinas, jantares e at\u00e9 compras em shopping.<\/p>\n<p>O pacote incluiu ainda o fretamento de dois jatinhos de Lisboa para Bras\u00edlia, ao custo de US$ 232,6 mil (R$ 1,2 milh\u00e3o), utilizados por participantes do evento. As despesas em Portugal somaram cerca de US$ 1,6 milh\u00e3o (R$ 8,3 milh\u00f5es), mantendo um padr\u00e3o de luxo que chamou aten\u00e7\u00e3o pela mistura entre compromissos institucionais e entretenimento.<\/p>\n<p>J\u00e1 sobre o evento em Londres, o 1\u00ba F\u00f3rum Jur\u00eddico Brasil de Ideias, Vorcaro fez o maior gasto: US$ 7,5 milh\u00f5es (R$ 38,7 milh\u00f5es). A confer\u00eancia foi realizada entre os dias 24 e 26 de abril de 2024 e contou com o pagamento de hospedagem, estrutura e eventos sociais para cerca de 70 pessoas, embora apenas 25 participassem diretamente dos debates.<\/p>\n<p>Segundo a apura\u00e7\u00e3o, a programa\u00e7\u00e3o incluiu uma noite de homenagem com trof\u00e9us de cristal ao ex-presidente\u00a0<a href=\"https:\/\/www.gazetadopovo.com.br\/tudo-sobre\/michel-temer\/\">Michel Temer\u00a0<\/a>(MDB), realizada em um museu tradicional da capital inglesa.<\/p>\n<p>Al\u00e9m do ex-presidente, tamb\u00e9m chamou a aten\u00e7\u00e3o a lista de participantes que viajaram com as despesas pagas pelo banqueiro: os ministros Gilmar Mendes, Dias Toffoli e Alexandre de Moraes, ent\u00e3o presidente do Tribunal Superior Eleitoral (TSE).<\/p>\n<p>O envolvimento dos dois \u00faltimos n\u00e3o \u00e9 novo e remonta a apura\u00e7\u00f5es anteriores, como a participa\u00e7\u00e3o de\u00a0Dias Toffoli em uma empresa dos irm\u00e3os que negociou cotas de um resort\u00a0no Paran\u00e1 com o cunhado de Vorcaro, e da\u00a0esposa de Moraes com contrato de R$ 129 milh\u00f5es com o Master.<\/p>\n<p>Tamb\u00e9m constam na lista cinco ministros do Superior Tribunal de Justi\u00e7a (STJ): Ant\u00f4nio Saldanha Palheiro, Benedito Gon\u00e7alves, Lu\u00eds Felipe Salom\u00e3o, Mauro Campbell Marques e Raul Ara\u00fajo; o ex-ministro Ricardo Lewandowski (Justi\u00e7a e Seguran\u00e7a P\u00fablica); o advogado-geral da Uni\u00e3o, Jorge Messias; o procurador-geral da Rep\u00fablica, Paulo Gonet; o diretor-geral da Pol\u00edcia Federal, Andrei Rodrigues; e o presidente do Conselho Administrativo de Defesa Econ\u00f4mica (Cade) \u00e0 \u00e9poca, Alexandre Cordeiro.<\/p>\n<p>Representando o Legislativo estavam o deputado federal Hugo Motta (Republicanos-PB), que agora preside a C\u00e2mara, e o senador Ciro Nogueira, presidente do PP. A iniciativa privada tinha dois painelistas, o fundador do Grupo FS, Alberto Leite, e F\u00e1bio Faria, ex-ministro das Comunica\u00e7\u00f5es de Jair Bolsonaro (PL), representando o banco BTG Pactual.<\/p>\n<h4 class=\"wp-block-heading\">O que dizem os citados<\/h4>\n<p>Procurados, os citados afirmaram que participaram dos eventos dentro de suas atribui\u00e7\u00f5es institucionais. A Procuradoria-Geral da Rep\u00fablica informou que o procurador-geral esteve como palestrante e que o convite n\u00e3o detalhava a organiza\u00e7\u00e3o.<\/p>\n<p>A Pol\u00edcia Federal declarou que seu diretor-geral participou sem acompanhante e que sua presen\u00e7a \u201cem nada afeta o cumprimento das atribui\u00e7\u00f5es constitucionais e legais da Institui\u00e7\u00e3o\u201d. J\u00e1 o ex-ministro Ricardo Lewandowski disse que aproveitou a viagem para cumprir agendas oficiais e firmar acordos internacionais.<\/p>\n<p>O deputado Hugo Motta afirmou que \u201ccabe a cada parlamentar decidir\u201d sobre a participa\u00e7\u00e3o em eventos, independentemente de quem os organiza. O Cade declarou que a presen\u00e7a em encontros institucionais faz parte de suas fun\u00e7\u00f5es.<\/p>\n<p>A assessoria de Michel Temer informou que ele exige saber a fonte pagadora quando contratado, mas que, neste caso, foi apenas convidado e homenageado.<\/p>\n<p>J\u00e1 as outras autoridades e institui\u00e7\u00f5es citadas n\u00e3o se manifestaram.<\/p>\n<p><strong><a href=\"https:\/\/www.gazetadopovo.com.br\/republica\/vorcaro-bancou-viagens-autoridades-gilmarpalooza-londres\/\">Cr\u00e9dito Gazeta do Povo<\/a><\/strong><\/p>\n<\/div>\n<p><br \/>\n<br \/><a href=\"https:\/\/paulofigueiredoshow.com\/vorcaro-bancou-viagens-de-autoridades-ao-gilmarpalooza-e-a-londres\/\">Source link <\/a><\/p>","protected":false},"excerpt":{"rendered":"<p>O banqueiro Daniel Vorcaro, do liquidado Banco Master, financiou eventos paralelos ao chamado \u201cGilmarpalooza\u201d, em Lisboa, organizado pelo ministro Gilmar Mendes, do Supremo Tribunal Federal (STF), al\u00e9m de custear despesas&hellip;<\/p>","protected":false},"author":1,"featured_media":129425,"comment_status":"closed","ping_status":"open","sticky":false,"template":"","format":"standard","meta":{"content-type":"","footnotes":""},"categories":[16],"tags":[],"class_list":["post-129424","post","type-post","status-publish","format-standard","has-post-thumbnail","hentry","category-noticias"],"_links":{"self":[{"href":"https:\/\/tvbrazilusa.com\/pt\/wp-json\/wp\/v2\/posts\/129424","targetHints":{"allow":["GET"]}}],"collection":[{"href":"https:\/\/tvbrazilusa.com\/pt\/wp-json\/wp\/v2\/posts"}],"about":[{"href":"https:\/\/tvbrazilusa.com\/pt\/wp-json\/wp\/v2\/types\/post"}],"author":[{"embeddable":true,"href":"https:\/\/tvbrazilusa.com\/pt\/wp-json\/wp\/v2\/users\/1"}],"replies":[{"embeddable":true,"href":"https:\/\/tvbrazilusa.com\/pt\/wp-json\/wp\/v2\/comments?post=129424"}],"version-history":[{"count":1,"href":"https:\/\/tvbrazilusa.com\/pt\/wp-json\/wp\/v2\/posts\/129424\/revisions"}],"predecessor-version":[{"id":129426,"href":"https:\/\/tvbrazilusa.com\/pt\/wp-json\/wp\/v2\/posts\/129424\/revisions\/129426"}],"wp:featuredmedia":[{"embeddable":true,"href":"https:\/\/tvbrazilusa.com\/pt\/wp-json\/wp\/v2\/media\/129425"}],"wp:attachment":[{"href":"https:\/\/tvbrazilusa.com\/pt\/wp-json\/wp\/v2\/media?parent=129424"}],"wp:term":[{"taxonomy":"category","embeddable":true,"href":"https:\/\/tvbrazilusa.com\/pt\/wp-json\/wp\/v2\/categories?post=129424"},{"taxonomy":"post_tag","embeddable":true,"href":"https:\/\/tvbrazilusa.com\/pt\/wp-json\/wp\/v2\/tags?post=129424"}],"curies":[{"name":"wp","href":"https:\/\/api.w.org\/{rel}","templated":true}]}}