{"id":129427,"date":"2026-04-12T16:44:50","date_gmt":"2026-04-12T16:44:50","guid":{"rendered":"https:\/\/tvbrazilusa.com\/2026\/04\/12\/estadao-critica-stf-por-condenacao-de-empresario-com-base-em-pix-de-r-500-paulo-figueiredo\/"},"modified":"2026-04-12T16:46:19","modified_gmt":"2026-04-12T16:46:19","slug":"estadao-critica-stf-por-condenacao-de-empresario-com-base-em-pix-de-r-500-paulo-figueiredo","status":"publish","type":"post","link":"https:\/\/tvbrazilusa.com\/pt\/2026\/04\/12\/estadao-critica-stf-por-condenacao-de-empresario-com-base-em-pix-de-r-500-paulo-figueiredo\/","title":{"rendered":"Estad\u00e3o critica STF por condena\u00e7\u00e3o de empres\u00e1rio com base em Pix de R$ 500 &#8211; Paulo Figueiredo"},"content":{"rendered":"<p> <script async src=\"https:\/\/pagead2.googlesyndication.com\/pagead\/js\/adsbygoogle.js?client=ca-pub-8864793242727901\"\r\n     crossorigin=\"anonymous\"><\/script><br \/>\n<\/p>\n<div id=\"wtr-content\" data-bg=\"#FFFFFF\" data-fg=\"#006d91\" data-width=\"25\" data-mute=\"1\" data-fgopacity=\"1.00\" data-mutedopacity=\"0.5\" data-placement=\"bottom\" data-placement-offset=\"0\" data-content-offset=\"262\" data-placement-touch=\"bottom\" data-placement-offset-touch=\"0\" data-transparent=\"\" data-shadow=\"0\" data-touch=\"1\" data-non-touch=\"1\" data-comments=\"0\" data-commentsbg=\"transparent\" data-location=\"page\" data-mutedfg=\"#006d91\" data-endfg=\"#006d91\" data-rtl=\"\">\n<h4 class=\"wp-block-heading\">Jornal cita O caso de Alcides Hahn, de 71 anos, condenado a 14 anos de pris\u00e3o<\/h4>\n<p>O jornal\u00a0<em>O Estado de S. Paulo<\/em>\u00a0publicou, neste s\u00e1bado, 11, um editorial em que critica a atua\u00e7\u00e3o do\u00a0Supremo Tribunal Federal (STF)\u00a0em processos relacionados aos atos do 8 de janeiro de 2023. No texto, intitulado \u201cIsso \u00e9 justi\u00e7amento\u201d, o peri\u00f3dico afirma que decis\u00f5es recentes da Corte indicam fragiliza\u00e7\u00e3o de garantias jur\u00eddicas b\u00e1sicas.<\/p>\n<p>O editorial cita como exemplo a condena\u00e7\u00e3o do empres\u00e1rio Alcides Hahn, de 71 anos, a 14 anos de pris\u00e3o. A decis\u00e3o se baseou em um Pix de R$ 500 feito por Hahn a pedido de um amigo, valor que teria sido usado para fretar um \u00f4nibus com destino a Bras\u00edlia. O empres\u00e1rio n\u00e3o esteve na capital federal, n\u00e3o participou da invas\u00e3o \u00e0s sedes dos Tr\u00eas Poderes e n\u00e3o manteve contato com manifestantes.<\/p>\n<p>Mesmo assim, Hahn foi condenado por cinco crimes: tentativa de golpe de Estado, aboli\u00e7\u00e3o violenta do Estado Democr\u00e1tico de Direito, associa\u00e7\u00e3o criminosa armada, dano qualificado e deteriora\u00e7\u00e3o de patrim\u00f4nio tombado. O editorial afirma que, entre os 41 passageiros do \u00f4nibus, apenas um foi identificado nos atos de vandalismo, o que, ainda assim, teria sido suficiente para sustentar a condena\u00e7\u00e3o.<\/p>\n<h4 class=\"wp-block-heading\" id=\"h-os-abusos-do-stf\">Os abusos do STF<\/h4>\n<p>O jornal sustenta que a decis\u00e3o foi constru\u00edda com base em \u201cuma cascata de infer\u00eancias\u201d, sem demonstra\u00e7\u00e3o de inten\u00e7\u00e3o nem v\u00ednculo direto do empres\u00e1rio com os atos. O texto tamb\u00e9m menciona o entendimento do relator do caso, o ministro Alexandre de Moraes, resumido na frase \u201ca Justi\u00e7a \u00e9 cega, mas n\u00e3o \u00e9 tola\u201d.<\/p>\n<p>De acordo com o editorial, a l\u00f3gica adotada n\u00e3o se restringe a esse epis\u00f3dio. O jornal afirma que outros processos seguiram padr\u00e3o semelhante, com enquadramentos amplos e acusa\u00e7\u00f5es formuladas pela Procuradoria-Geral da Rep\u00fablica que agregariam diferentes tipos penais a condutas distintas.<\/p>\n<p>Entre os exemplos citados est\u00e1 o da cabeleireira D\u00e9bora Rodrigues dos Santos, que escreveu \u201cperdeu, man\u00e9\u201d na Est\u00e1tua da Justi\u00e7a, em frente \u00e0 sede do STF. Ela acabou condenada a 14 anos de pris\u00e3o. O editorial tamb\u00e9m menciona casos de idosas com doen\u00e7as graves que voltaram \u00e0 pris\u00e3o depois de descumprirem regras formais para deslocamento m\u00e9dico.<\/p>\n<p>O texto argumenta que, nesses processos, o enquadramento penal \u00e9 definido previamente e os fatos s\u00e3o ajustados posteriormente. Segundo o jornal, o indiv\u00edduo deixa de responder por atos espec\u00edficos e passa a ser responsabilizado pelo \u201ccontexto\u201d em que foi inserido, associado a uma suposta \u201ctrama golpista\u201d.<\/p>\n<p>O editorial tamb\u00e9m critica pris\u00f5es em massa de manifestantes que acamparam em frente a quart\u00e9is, com den\u00fancias que n\u00e3o individualizam condutas. Em um dos casos mencionados, um morador de rua teria permanecido mais de um ano preso depois de apenas observar os protestos.<\/p>\n<p>Outro ponto levantado \u00e9 a compet\u00eancia do STF para julgar esses casos. O jornal afirma que os acusados n\u00e3o possuem foro privilegiado e, mesmo assim, foram julgados diretamente pela Corte. Tal medida compromete princ\u00edpios como o do juiz natural e o direito ao duplo grau de jurisdi\u00e7\u00e3o.<\/p>\n<p>Para o\u00a0<em>Estad\u00e3o<\/em>, o modelo adotado pelo tribunal reduz o papel das provas e amplia o uso de presun\u00e7\u00f5es. O texto afirma que a Corte concentra fun\u00e7\u00f5es ao investigar, julgar e ampliar sua pr\u00f3pria compet\u00eancia, o que enfraquece mecanismos de controle.<\/p>\n<p>O editorial conclui que decis\u00f5es baseadas em associa\u00e7\u00e3o, presun\u00e7\u00e3o de inten\u00e7\u00e3o e equipara\u00e7\u00e3o de condutas distintas n\u00e3o configuram justi\u00e7a, mas sim \u201cjusti\u00e7amento\u201d, ao aplicar penas consideradas desproporcionais sem a devida individualiza\u00e7\u00e3o das responsabilidades.<\/p>\n<p><strong><a href=\"https:\/\/revistaoeste.com\/politica\/estadao-critica-stf-por-condenacao-de-empresario-com-base-em-pix-de-r-500\/\">Cr\u00e9dito Revista Oeste<\/a><\/strong><\/p>\n<\/div>\n<p><br \/>\n<br \/><a href=\"https:\/\/paulofigueiredoshow.com\/estadao-critica-stf-por-condenacao-de-empresario-com-base-em-pix-de-r-500\/\">Source link <\/a><\/p>","protected":false},"excerpt":{"rendered":"<p>Jornal cita O caso de Alcides Hahn, de 71 anos, condenado a 14 anos de pris\u00e3o O jornal\u00a0O Estado de S. Paulo\u00a0publicou, neste s\u00e1bado, 11, um editorial em que critica&hellip;<\/p>","protected":false},"author":1,"featured_media":128949,"comment_status":"closed","ping_status":"open","sticky":false,"template":"","format":"standard","meta":{"content-type":"","footnotes":""},"categories":[16],"tags":[],"class_list":["post-129427","post","type-post","status-publish","format-standard","has-post-thumbnail","hentry","category-noticias"],"_links":{"self":[{"href":"https:\/\/tvbrazilusa.com\/pt\/wp-json\/wp\/v2\/posts\/129427","targetHints":{"allow":["GET"]}}],"collection":[{"href":"https:\/\/tvbrazilusa.com\/pt\/wp-json\/wp\/v2\/posts"}],"about":[{"href":"https:\/\/tvbrazilusa.com\/pt\/wp-json\/wp\/v2\/types\/post"}],"author":[{"embeddable":true,"href":"https:\/\/tvbrazilusa.com\/pt\/wp-json\/wp\/v2\/users\/1"}],"replies":[{"embeddable":true,"href":"https:\/\/tvbrazilusa.com\/pt\/wp-json\/wp\/v2\/comments?post=129427"}],"version-history":[{"count":1,"href":"https:\/\/tvbrazilusa.com\/pt\/wp-json\/wp\/v2\/posts\/129427\/revisions"}],"predecessor-version":[{"id":129428,"href":"https:\/\/tvbrazilusa.com\/pt\/wp-json\/wp\/v2\/posts\/129427\/revisions\/129428"}],"wp:featuredmedia":[{"embeddable":true,"href":"https:\/\/tvbrazilusa.com\/pt\/wp-json\/wp\/v2\/media\/128949"}],"wp:attachment":[{"href":"https:\/\/tvbrazilusa.com\/pt\/wp-json\/wp\/v2\/media?parent=129427"}],"wp:term":[{"taxonomy":"category","embeddable":true,"href":"https:\/\/tvbrazilusa.com\/pt\/wp-json\/wp\/v2\/categories?post=129427"},{"taxonomy":"post_tag","embeddable":true,"href":"https:\/\/tvbrazilusa.com\/pt\/wp-json\/wp\/v2\/tags?post=129427"}],"curies":[{"name":"wp","href":"https:\/\/api.w.org\/{rel}","templated":true}]}}