{"id":129434,"date":"2026-04-13T17:36:29","date_gmt":"2026-04-13T17:36:29","guid":{"rendered":"https:\/\/tvbrazilusa.com\/2026\/04\/13\/esclarecimento-sobre-suposta-prisao-de-alexandre-ramagem-paulo-figueiredo\/"},"modified":"2026-04-13T17:40:30","modified_gmt":"2026-04-13T17:40:30","slug":"esclarecimento-sobre-suposta-prisao-de-alexandre-ramagem-paulo-figueiredo","status":"publish","type":"post","link":"https:\/\/tvbrazilusa.com\/pt\/2026\/04\/13\/esclarecimento-sobre-suposta-prisao-de-alexandre-ramagem-paulo-figueiredo\/","title":{"rendered":"Esclarecimento sobre suposta \u201cpris\u00e3o\u201d de Alexandre Ramagem &#8211; Paulo Figueiredo"},"content":{"rendered":"<p> <script async src=\"https:\/\/pagead2.googlesyndication.com\/pagead\/js\/adsbygoogle.js?client=ca-pub-8864793242727901\"\r\n     crossorigin=\"anonymous\"><\/script><br \/>\n<\/p>\n<div id=\"wtr-content\" data-bg=\"#FFFFFF\" data-fg=\"#006d91\" data-width=\"25\" data-mute=\"1\" data-fgopacity=\"1.00\" data-mutedopacity=\"0.5\" data-placement=\"bottom\" data-placement-offset=\"0\" data-content-offset=\"262\" data-placement-touch=\"bottom\" data-placement-offset-touch=\"0\" data-transparent=\"\" data-shadow=\"0\" data-touch=\"1\" data-non-touch=\"1\" data-comments=\"0\" data-commentsbg=\"transparent\" data-location=\"page\" data-mutedfg=\"#006d91\" data-endfg=\"#006d91\" data-rtl=\"\">\n<p>Diante de reportagens que v\u00eam circulando sobre a suposta pris\u00e3o de Alexandre Ramagem, seguem esclarecimentos objetivos para restabelecer os fatos com precis\u00e3o:<\/p>\n<ol class=\"wp-block-list\">\n<li>Ramagem n\u00e3o foi preso, mas detido ap\u00f3s uma abordagem policial em Orlando, inicialmente por uma infra\u00e7\u00e3o leve de tr\u00e2nsito e, na sequ\u00eancia, encaminhado ao ICE \u2013 procedimento comum na Fl\u00f3rida.<\/li>\n<li>Essa \u00e9, neste momento, uma quest\u00e3o meramente imigrat\u00f3ria. Por\u00e9m, o status de Ramagem \u00e9 LEGAL: ele possui um pedido de asilo pendente, protocolado h\u00e1 tempos e ainda sob an\u00e1lise, o que lhe permite permanecer legalmente nos Estados Unidos at\u00e9 a decis\u00e3o final do caso \u2013 que \u00e9 demorada, mas tem tudo para ser deferida.<\/li>\n<li>A Immigrex, empresa da qual sou s\u00f3cio, est\u00e1 prestando toda a assist\u00eancia a Ramagem e sua fam\u00edlia. Nossa expectativa \u00e9 de que seja liberado o mais rapidamente poss\u00edvel e, no momento, n\u00e3o vemos qualquer risco de deporta\u00e7\u00e3o. O tr\u00e2mite do ICE tamb\u00e9m \u00e9 burocr\u00e1tico e depende da formaliza\u00e7\u00e3o no sistema do \u00f3rg\u00e3o para que os pr\u00f3ximos passos sejam dados nesta dire\u00e7\u00e3o.<\/li>\n<li>Extradi\u00e7\u00e3o e deporta\u00e7\u00e3o n\u00e3o t\u00eam absolutamente nada a ver entre si: extradi\u00e7\u00e3o \u00e9 um processo pol\u00edtico-diplom\u00e1tico entre Estados, conduzido pelo Departamento de Estado; deporta\u00e7\u00e3o \u00e9 um procedimento administrativo interno de imigra\u00e7\u00e3o. O caso em quest\u00e3o \u00e9 exclusivamente migrat\u00f3rio.<\/li>\n<\/ol>\n<p>Para deixar absolutamente claro: O governo brasileiro n\u00e3o teve qualquer participa\u00e7\u00e3o nesse epis\u00f3dio. Trata-se de um procedimento padr\u00e3o da imigra\u00e7\u00e3o americana. Isso n\u00e3o tem absolutamente nada a ver com o pedido de extradi\u00e7\u00e3o do Brasil, que segue em an\u00e1lise no Departamento de Estado.<\/p>\n<p>Por fim, refor\u00e7amos o compromisso com a transpar\u00eancia e a correta informa\u00e7\u00e3o dos fatos, diante de narrativas imprecisas que v\u00eam sendo divulgadas.<\/p>\n<\/div>\n<p><br \/>\n<br \/><a href=\"https:\/\/paulofigueiredoshow.com\/esclarecimento-sobre-suposta-prisao-de-alexandre-ramagem\/\">Source link <\/a><\/p>","protected":false},"excerpt":{"rendered":"<p>Diante de reportagens que v\u00eam circulando sobre a suposta pris\u00e3o de Alexandre Ramagem, seguem esclarecimentos objetivos para restabelecer os fatos com precis\u00e3o: Ramagem n\u00e3o foi preso, mas detido ap\u00f3s uma&hellip;<\/p>","protected":false},"author":1,"featured_media":129435,"comment_status":"closed","ping_status":"open","sticky":false,"template":"","format":"standard","meta":{"content-type":"","footnotes":""},"categories":[16],"tags":[],"class_list":["post-129434","post","type-post","status-publish","format-standard","has-post-thumbnail","hentry","category-noticias"],"_links":{"self":[{"href":"https:\/\/tvbrazilusa.com\/pt\/wp-json\/wp\/v2\/posts\/129434","targetHints":{"allow":["GET"]}}],"collection":[{"href":"https:\/\/tvbrazilusa.com\/pt\/wp-json\/wp\/v2\/posts"}],"about":[{"href":"https:\/\/tvbrazilusa.com\/pt\/wp-json\/wp\/v2\/types\/post"}],"author":[{"embeddable":true,"href":"https:\/\/tvbrazilusa.com\/pt\/wp-json\/wp\/v2\/users\/1"}],"replies":[{"embeddable":true,"href":"https:\/\/tvbrazilusa.com\/pt\/wp-json\/wp\/v2\/comments?post=129434"}],"version-history":[{"count":1,"href":"https:\/\/tvbrazilusa.com\/pt\/wp-json\/wp\/v2\/posts\/129434\/revisions"}],"predecessor-version":[{"id":129436,"href":"https:\/\/tvbrazilusa.com\/pt\/wp-json\/wp\/v2\/posts\/129434\/revisions\/129436"}],"wp:featuredmedia":[{"embeddable":true,"href":"https:\/\/tvbrazilusa.com\/pt\/wp-json\/wp\/v2\/media\/129435"}],"wp:attachment":[{"href":"https:\/\/tvbrazilusa.com\/pt\/wp-json\/wp\/v2\/media?parent=129434"}],"wp:term":[{"taxonomy":"category","embeddable":true,"href":"https:\/\/tvbrazilusa.com\/pt\/wp-json\/wp\/v2\/categories?post=129434"},{"taxonomy":"post_tag","embeddable":true,"href":"https:\/\/tvbrazilusa.com\/pt\/wp-json\/wp\/v2\/tags?post=129434"}],"curies":[{"name":"wp","href":"https:\/\/api.w.org\/{rel}","templated":true}]}}