{"id":129437,"date":"2026-04-13T17:51:58","date_gmt":"2026-04-13T17:51:58","guid":{"rendered":"https:\/\/tvbrazilusa.com\/2026\/04\/13\/defesa-de-vorcaro-acelera-delacao-sob-risco-de-mudanca-no-stf-paulo-figueiredo\/"},"modified":"2026-04-13T17:53:31","modified_gmt":"2026-04-13T17:53:31","slug":"defesa-de-vorcaro-acelera-delacao-sob-risco-de-mudanca-no-stf-paulo-figueiredo","status":"publish","type":"post","link":"https:\/\/tvbrazilusa.com\/pt\/2026\/04\/13\/defesa-de-vorcaro-acelera-delacao-sob-risco-de-mudanca-no-stf-paulo-figueiredo\/","title":{"rendered":"Defesa de Vorcaro acelera dela\u00e7\u00e3o sob risco de mudan\u00e7a no STF &#8211; Paulo Figueiredo"},"content":{"rendered":"<p> <script async src=\"https:\/\/pagead2.googlesyndication.com\/pagead\/js\/adsbygoogle.js?client=ca-pub-8864793242727901\"\r\n     crossorigin=\"anonymous\"><\/script><br \/>\n<\/p>\n<div id=\"wtr-content\" data-bg=\"#FFFFFF\" data-fg=\"#006d91\" data-width=\"25\" data-mute=\"1\" data-fgopacity=\"1.00\" data-mutedopacity=\"0.5\" data-placement=\"bottom\" data-placement-offset=\"0\" data-content-offset=\"262\" data-placement-touch=\"bottom\" data-placement-offset-touch=\"0\" data-transparent=\"\" data-shadow=\"0\" data-touch=\"1\" data-non-touch=\"1\" data-comments=\"0\" data-commentsbg=\"transparent\" data-location=\"page\" data-mutedfg=\"#006d91\" data-endfg=\"#006d91\" data-rtl=\"\">\n<h4 class=\"wp-block-heading\">A\u00e7\u00e3o aceita por Moraes para ir a julgamento pode restringir acordos e pressionar estrat\u00e9gia do ex-banqueiro<\/h4>\n<p>A defesa de Daniel Vorcaro, fundador do\u00a0Banco Master, montou uma for\u00e7a-tarefa para finalizar e apresentar, nos pr\u00f3ximos dias, uma proposta de dela\u00e7\u00e3o premiada. A movimenta\u00e7\u00e3o ganhou urg\u00eancia diante de uma a\u00e7\u00e3o em tramita\u00e7\u00e3o no\u00a0Supremo Tribunal Federal\u00a0(STF) que pode impor novas restri\u00e7\u00f5es a esse tipo de acordo.<\/p>\n<p>A pressa, de acordo com o portal Metr\u00f3poles, decorre do avan\u00e7o de um processo movido pelo PT na Corte, que pode afetar diretamente a estrat\u00e9gia dos advogados.\u00a0O caso j\u00e1 foi liberado para julgamento no plen\u00e1rio pelo ministro Alexandre de Moraes.<\/p>\n<p>Entre os pontos mais sens\u00edveis est\u00e1 a possibilidade de proibir medidas como buscas e apreens\u00f5es baseadas exclusivamente em declara\u00e7\u00f5es de delatores. A eventual mudan\u00e7a pode dificultar a atua\u00e7\u00e3o da defesa, que pretende acelerar o andamento do caso e buscar um\u00a0<em>habeas corpus<\/em>\u00a0para o empres\u00e1rio.<\/p>\n<p>Tamb\u00e9m preocupa os advogados a discuss\u00e3o sobre dela\u00e7\u00f5es cruzadas \u2014 como a que estaria em negocia\u00e7\u00e3o entre Vorcaro e seu cunhado, o empres\u00e1rio e pastor Fabiano Zettel. A a\u00e7\u00e3o do PT sugere que esse tipo de colabora\u00e7\u00e3o conjunta n\u00e3o tenha valor probat\u00f3rio suficiente sem a apresenta\u00e7\u00e3o de provas adicionais.<\/p>\n<p>Vorcaro est\u00e1 na segunda etapa das tratativas para a dela\u00e7\u00e3o. Em 19 de mar\u00e7o, assinou termo de confidencialidade com a\u00a0Pol\u00edcia Federal\u00a0(PF) e o\u00a0Minist\u00e9rio P\u00fablico\u00a0Federal (MPF), poucos dias depois de a Segunda Turma do STF manter sua pris\u00e3o.<\/p>\n<p>Pela primeira vez, PF e MPF conduzem conjuntamente uma negocia\u00e7\u00e3o desse tipo, estrat\u00e9gia adotada para evitar fragilidades que possam comprometer a validade do acordo.<\/p>\n<p>A legisla\u00e7\u00e3o n\u00e3o estabelece prazo para a formaliza\u00e7\u00e3o dos anexos depois do in\u00edcio das negocia\u00e7\u00f5es. Diante da entrega dos elementos e de uma avalia\u00e7\u00e3o preliminar positiva, o acordo dever\u00e1 ser encaminhado para homologa\u00e7\u00e3o do ministro Andr\u00e9 Mendon\u00e7a, relator do caso no STF.<\/p>\n<h4 class=\"wp-block-heading\" id=\"h-vorcaro-foi-transferido-depois-de-aceitar-delacao\">Vorcaro foi transferido depois de aceitar dela\u00e7\u00e3o<\/h4>\n<p>No mesmo dia em que manifestou inten\u00e7\u00e3o de colaborar nas investiga\u00e7\u00f5es sobre a suposta fraude financeira \u2014 que pode se tornar a maior do pa\u00eds \u2014, Vorcaro foi transferido da Penitenci\u00e1ria Federal de Bras\u00edlia para a carceragem da PF. O novo local tem regras mais flex\u00edveis para o acesso de advogados, o que facilita a prepara\u00e7\u00e3o da proposta.<\/p>\n<p>Preso preventivamente desde 4 de mar\u00e7o, na terceira fase da Opera\u00e7\u00e3o Compliance Zero, Vorcaro \u00e9 investigado vender carteiras de cr\u00e9dito fraudulentas ao Banco de Bras\u00edlia. Ele tamb\u00e9m \u00e9 apontado como poss\u00edvel l\u00edder de uma organiza\u00e7\u00e3o criminosa que teria, inclusive, um bra\u00e7o armado para intimidar advers\u00e1rios.<\/p>\n<p>Apesar da mobiliza\u00e7\u00e3o da defesa, investigadores da PF e do MPF avaliam que o acordo dificilmente ser\u00e1 conclu\u00eddo no curto prazo. O entendimento \u00e9 de que a complexidade do caso exige an\u00e1lise detalhada dos diversos anexos que ser\u00e3o apresentados, al\u00e9m da verifica\u00e7\u00e3o das declara\u00e7\u00f5es e das provas fornecidas.<\/p>\n<p>Outro entrave \u00e9 a necessidade de apresenta\u00e7\u00e3o de novos fatos relevantes. Apenas o relato de Vorcaro n\u00e3o ser\u00e1 suficiente para viabilizar a colabora\u00e7\u00e3o. A PF analisa dados extra\u00eddos de oito celulares apreendidos em diferentes fases da investiga\u00e7\u00e3o, incluindo opera\u00e7\u00f5es realizadas em S\u00e3o Paulo em mar\u00e7o.<\/p>\n<p>Para avan\u00e7ar no acordo, o ex-banqueiro tamb\u00e9m dever\u00e1 indicar nomes de pessoas que estariam em posi\u00e7\u00e3o superior na suposta organiza\u00e7\u00e3o criminosa.<\/p>\n<p><strong><a href=\"https:\/\/revistaoeste.com\/politica\/defesa-de-vorcaro-acelera-delacao-sob-risco-de-mudanca-no-stf\/\">Cr\u00e9dito Revista Oeste<\/a><\/strong><\/p>\n<\/div>\n<p><br \/>\n<br \/><a href=\"https:\/\/paulofigueiredoshow.com\/defesa-de-vorcaro-acelera-delacao-sob-risco-de-mudanca-no-stf\/\">Source link <\/a><\/p>","protected":false},"excerpt":{"rendered":"<p>A\u00e7\u00e3o aceita por Moraes para ir a julgamento pode restringir acordos e pressionar estrat\u00e9gia do ex-banqueiro A defesa de Daniel Vorcaro, fundador do\u00a0Banco Master, montou uma for\u00e7a-tarefa para finalizar e&hellip;<\/p>","protected":false},"author":1,"featured_media":129438,"comment_status":"closed","ping_status":"open","sticky":false,"template":"","format":"standard","meta":{"content-type":"","footnotes":""},"categories":[16],"tags":[],"class_list":["post-129437","post","type-post","status-publish","format-standard","has-post-thumbnail","hentry","category-noticias"],"_links":{"self":[{"href":"https:\/\/tvbrazilusa.com\/pt\/wp-json\/wp\/v2\/posts\/129437","targetHints":{"allow":["GET"]}}],"collection":[{"href":"https:\/\/tvbrazilusa.com\/pt\/wp-json\/wp\/v2\/posts"}],"about":[{"href":"https:\/\/tvbrazilusa.com\/pt\/wp-json\/wp\/v2\/types\/post"}],"author":[{"embeddable":true,"href":"https:\/\/tvbrazilusa.com\/pt\/wp-json\/wp\/v2\/users\/1"}],"replies":[{"embeddable":true,"href":"https:\/\/tvbrazilusa.com\/pt\/wp-json\/wp\/v2\/comments?post=129437"}],"version-history":[{"count":1,"href":"https:\/\/tvbrazilusa.com\/pt\/wp-json\/wp\/v2\/posts\/129437\/revisions"}],"predecessor-version":[{"id":129439,"href":"https:\/\/tvbrazilusa.com\/pt\/wp-json\/wp\/v2\/posts\/129437\/revisions\/129439"}],"wp:featuredmedia":[{"embeddable":true,"href":"https:\/\/tvbrazilusa.com\/pt\/wp-json\/wp\/v2\/media\/129438"}],"wp:attachment":[{"href":"https:\/\/tvbrazilusa.com\/pt\/wp-json\/wp\/v2\/media?parent=129437"}],"wp:term":[{"taxonomy":"category","embeddable":true,"href":"https:\/\/tvbrazilusa.com\/pt\/wp-json\/wp\/v2\/categories?post=129437"},{"taxonomy":"post_tag","embeddable":true,"href":"https:\/\/tvbrazilusa.com\/pt\/wp-json\/wp\/v2\/tags?post=129437"}],"curies":[{"name":"wp","href":"https:\/\/api.w.org\/{rel}","templated":true}]}}