{"id":129440,"date":"2026-04-13T17:58:58","date_gmt":"2026-04-13T17:58:58","guid":{"rendered":"https:\/\/tvbrazilusa.com\/2026\/04\/13\/gilmar-mendes-defende-indicacao-de-messias-ao-stf-paulo-figueiredo\/"},"modified":"2026-04-13T17:59:40","modified_gmt":"2026-04-13T17:59:40","slug":"gilmar-mendes-defende-indicacao-de-messias-ao-stf-paulo-figueiredo","status":"publish","type":"post","link":"https:\/\/tvbrazilusa.com\/pt\/2026\/04\/13\/gilmar-mendes-defende-indicacao-de-messias-ao-stf-paulo-figueiredo\/","title":{"rendered":"Gilmar Mendes defende indica\u00e7\u00e3o de Messias ao STF &#8211; Paulo Figueiredo"},"content":{"rendered":"<p> <script async src=\"https:\/\/pagead2.googlesyndication.com\/pagead\/js\/adsbygoogle.js?client=ca-pub-8864793242727901\"\r\n     crossorigin=\"anonymous\"><\/script><br \/>\n<\/p>\n<div id=\"wtr-content\" data-bg=\"#FFFFFF\" data-fg=\"#006d91\" data-width=\"25\" data-mute=\"1\" data-fgopacity=\"1.00\" data-mutedopacity=\"0.5\" data-placement=\"bottom\" data-placement-offset=\"0\" data-content-offset=\"262\" data-placement-touch=\"bottom\" data-placement-offset-touch=\"0\" data-transparent=\"\" data-shadow=\"0\" data-touch=\"1\" data-non-touch=\"1\" data-comments=\"0\" data-commentsbg=\"transparent\" data-location=\"page\" data-mutedfg=\"#006d91\" data-endfg=\"#006d91\" data-rtl=\"\">\n<h4 class=\"wp-block-heading\">Ministro afirma que o AGU tem experi\u00eancia e forma\u00e7\u00e3o para o cargo<\/h4>\n<p>O ministro Gilmar Mendes, do\u00a0Supremo Tribunal Federal (STF), saiu em defesa da indica\u00e7\u00e3o de Jorge Messias para a Corte. Em publica\u00e7\u00e3o nas redes sociais, neste domingo, 12, o magistrado lamentou as \u201ccr\u00edticas vazias e apressadas\u201d ao nome escolhido pelo presidente Luiz In\u00e1cio Lula da Silva.<\/p>\n<p>De acordo com Gilmar, os cr\u00edticos supostamente ignoram o curr\u00edculo e a experi\u00eancia de Messias na administra\u00e7\u00e3o p\u00fablica. O ministro acrescentou que o advogado-geral da Uni\u00e3o tem \u201cs\u00f3lida forma\u00e7\u00e3o acad\u00eamica\u201d e trajet\u00f3ria marcada por atua\u00e7\u00e3o t\u00e9cnica.<\/p>\n<p>Como mostrou reportagem publicada na\u00a0Edi\u00e7\u00e3o 297\u00a0da Revista\u00a0Oeste, Messias se tornou um dos principais operadores jur\u00eddicos do petismo. Ele trabalhou na Casa Civil durante o governo Dilma Rousseff, entre 2010 e 2016, e tornou-se pe\u00e7a-chave na equipe jur\u00eddica que elaborou a estrat\u00e9gia de anula\u00e7\u00e3o das\u00a0condena\u00e7\u00f5es de Lula na Lava Jato, em 2018.<\/p>\n<p>J\u00e1 no atual governo, como chefe da AGU, Messias coordenou a ofensiva para derrubar acordos de leni\u00eancia que sustentavam provas contra figuras centrais do petismo e pressionou juridicamente empresas que colaboraram com a\u00a0for\u00e7a-tarefa. Sob sua gest\u00e3o, a AGU extrapolou o papel constitucional de defesa do\u00a0Estado\u00a0e\u00a0assumiu fun\u00e7\u00e3o pol\u00edtica direta. Al\u00e9m de atuar para derrubar a Lava Jato, Messias protagonizou a ofensiva jur\u00eddica do governo na \u00e1rea de controle de conte\u00fado digital. \u00c0 frente da AGU, emitiu pareceres que defenderam no STF e no\u00a0Tribunal Superior Eleitoral\u00a0decis\u00f5es que determinaram remo\u00e7\u00e3o de publica\u00e7\u00f5es, bloqueio de perfis e restri\u00e7\u00f5es a parlamentares sob a justificativa de \u201ccombate \u00e0 desinforma\u00e7\u00e3o\u201d.<\/p>\n<h4 class=\"wp-block-heading\" id=\"h-gilmar-mendes-elogia-jorge-messias\"><strong>Gilmar Mendes elogia Jorge Messias<\/strong><\/h4>\n<p>Para Gilmar, no entanto, Messias teve papel na defesa da soberania nacional. O ministro mencionou tamb\u00e9m a participa\u00e7\u00e3o da AGU em processos no STF voltados \u00e0 responsabiliza\u00e7\u00e3o de plataformas digitais por conte\u00fados il\u00edcitos.<\/p>\n<p>\u201cEssas credenciais evidenciam que Jorge Messias est\u00e1 \u00e0 altura do cargo e re\u00fane condi\u00e7\u00f5es para exercer a magistratura com equil\u00edbrio, responsabilidade e elevado senso institucional\u201d, escreveu Gilmar.<\/p>\n<p>A indica\u00e7\u00e3o de Messias deve analisada pelo\u00a0Senado\u00a0nas pr\u00f3ximas semanas. A Comiss\u00e3o de Constitui\u00e7\u00e3o e Justi\u00e7a do Senado marcou para 29 de abril a sabatina do indicado. Antes disso, o relator, o senador Weverton Rocha (PDT-MA), deve apresentar parecer sobre o nome.<\/p>\n<p>Depois da sabatina, caber\u00e1 ao plen\u00e1rio do Senado decidir sobre a aprova\u00e7\u00e3o. Para assumir a vaga no STF, Messias precisa do apoio de ao menos 41 senadores. A vota\u00e7\u00e3o \u00e9 secreta.<\/p>\n<p>O nome foi enviado ao\u00a0Congresso\u00a0cerca de quatro meses depois do an\u00fancio da escolha, em meio a diverg\u00eancias pol\u00edticas. Houve resist\u00eancia do senador Davi Alcolumbre (Uni\u00e3o-AP), que defendia a indica\u00e7\u00e3o do senador Rodrigo Pacheco (PSB-MG) para a vaga.<\/p>\n<p>Durante esse per\u00edodo, Messias se reuniu com cerca de 70 senadores em busca de apoio para garantir a aprova\u00e7\u00e3o. A vaga no STF foi aberta com a sa\u00edda do ministro Lu\u00eds Roberto Barroso.<\/p>\n<p><strong><a href=\"https:\/\/revistaoeste.com\/politica\/gilmar-mendes-defende-indicacao-de-messias-ao-stf\/\">Cr\u00e9dito Revista Oeste<\/a><\/strong><\/p>\n<\/div>\n<p><br \/>\n<br \/><a href=\"https:\/\/paulofigueiredoshow.com\/gilmar-mendes-defende-indicacao-de-messias-ao-stf\/\">Source link <\/a><\/p>","protected":false},"excerpt":{"rendered":"<p>Ministro afirma que o AGU tem experi\u00eancia e forma\u00e7\u00e3o para o cargo O ministro Gilmar Mendes, do\u00a0Supremo Tribunal Federal (STF), saiu em defesa da indica\u00e7\u00e3o de Jorge Messias para a&hellip;<\/p>","protected":false},"author":1,"featured_media":129441,"comment_status":"closed","ping_status":"open","sticky":false,"template":"","format":"standard","meta":{"content-type":"","footnotes":""},"categories":[16],"tags":[],"class_list":["post-129440","post","type-post","status-publish","format-standard","has-post-thumbnail","hentry","category-noticias"],"_links":{"self":[{"href":"https:\/\/tvbrazilusa.com\/pt\/wp-json\/wp\/v2\/posts\/129440","targetHints":{"allow":["GET"]}}],"collection":[{"href":"https:\/\/tvbrazilusa.com\/pt\/wp-json\/wp\/v2\/posts"}],"about":[{"href":"https:\/\/tvbrazilusa.com\/pt\/wp-json\/wp\/v2\/types\/post"}],"author":[{"embeddable":true,"href":"https:\/\/tvbrazilusa.com\/pt\/wp-json\/wp\/v2\/users\/1"}],"replies":[{"embeddable":true,"href":"https:\/\/tvbrazilusa.com\/pt\/wp-json\/wp\/v2\/comments?post=129440"}],"version-history":[{"count":1,"href":"https:\/\/tvbrazilusa.com\/pt\/wp-json\/wp\/v2\/posts\/129440\/revisions"}],"predecessor-version":[{"id":129442,"href":"https:\/\/tvbrazilusa.com\/pt\/wp-json\/wp\/v2\/posts\/129440\/revisions\/129442"}],"wp:featuredmedia":[{"embeddable":true,"href":"https:\/\/tvbrazilusa.com\/pt\/wp-json\/wp\/v2\/media\/129441"}],"wp:attachment":[{"href":"https:\/\/tvbrazilusa.com\/pt\/wp-json\/wp\/v2\/media?parent=129440"}],"wp:term":[{"taxonomy":"category","embeddable":true,"href":"https:\/\/tvbrazilusa.com\/pt\/wp-json\/wp\/v2\/categories?post=129440"},{"taxonomy":"post_tag","embeddable":true,"href":"https:\/\/tvbrazilusa.com\/pt\/wp-json\/wp\/v2\/tags?post=129440"}],"curies":[{"name":"wp","href":"https:\/\/api.w.org\/{rel}","templated":true}]}}