{"id":129443,"date":"2026-04-13T18:03:47","date_gmt":"2026-04-13T18:03:47","guid":{"rendered":"https:\/\/tvbrazilusa.com\/2026\/04\/13\/fux-muda-de-posicionamento-e-vota-para-reverter-condenacoes-do-8-de-janeiro-paulo-figueiredo\/"},"modified":"2026-04-13T18:05:50","modified_gmt":"2026-04-13T18:05:50","slug":"fux-muda-de-posicionamento-e-vota-para-reverter-condenacoes-do-8-de-janeiro-paulo-figueiredo","status":"publish","type":"post","link":"https:\/\/tvbrazilusa.com\/pt\/2026\/04\/13\/fux-muda-de-posicionamento-e-vota-para-reverter-condenacoes-do-8-de-janeiro-paulo-figueiredo\/","title":{"rendered":"Fux muda de posicionamento e vota para reverter condena\u00e7\u00f5es do 8 de janeiro &#8211; Paulo Figueiredo"},"content":{"rendered":"<p> <script async src=\"https:\/\/pagead2.googlesyndication.com\/pagead\/js\/adsbygoogle.js?client=ca-pub-8864793242727901\"\r\n     crossorigin=\"anonymous\"><\/script><br \/>\n<\/p>\n<div id=\"wtr-content\" data-bg=\"#FFFFFF\" data-fg=\"#006d91\" data-width=\"25\" data-mute=\"1\" data-fgopacity=\"1.00\" data-mutedopacity=\"0.5\" data-placement=\"bottom\" data-placement-offset=\"0\" data-content-offset=\"262\" data-placement-touch=\"bottom\" data-placement-offset-touch=\"0\" data-transparent=\"\" data-shadow=\"0\" data-touch=\"1\" data-non-touch=\"1\" data-comments=\"0\" data-commentsbg=\"transparent\" data-location=\"page\" data-mutedfg=\"#006d91\" data-endfg=\"#006d91\" data-rtl=\"\">\n<h4 class=\"wp-block-heading\">Ministro considerou absolvi\u00e7\u00e3o total em 7 casos e parcial em outros 3<\/h4>\n<p>O ministro Luiz Fux, do\u00a0Supremo Tribunal Federal (STF), votou para reverter condena\u00e7\u00f5es de dez r\u00e9us acusados de suposta participa\u00e7\u00e3o nos atos do 8 de janeiro de 2023.<\/p>\n<p>Os casos est\u00e3o sendo julgados em recursos contra as condena\u00e7\u00f5es. A an\u00e1lise ocorre em plen\u00e1rio virtual e a vota\u00e7\u00e3o segue at\u00e9 a pr\u00f3xima sexta-feira, 17.<\/p>\n<p>Em sete processos, Fux votou pela absolvi\u00e7\u00e3o total dos r\u00e9us Anilton da Silva Santos, Marisa Fernandes Cardoso, Edimar Macedo e Silva, Marciano Avelino Borges, Arioldo Rodrigues Junior, Romeu Alves da Silva e Jair Roberto Cenedesi.<\/p>\n<p>Segundo o processo, os alvos estavam acampados em frente ao Quartel-General do Ex\u00e9rcito em Bras\u00edlia. Eles tinham sido condenados por incita\u00e7\u00e3o ao crime e associa\u00e7\u00e3o criminosa, com penas entre um e dois anos e meio de pris\u00e3o.<\/p>\n<p>Em outros tr\u00eas processos, o ministro defendeu condena\u00e7\u00e3o parcial. Os recursos foram apresentados por Citer Motta Costa, Gabriel Corgosinho Nogueira e Erivaldo Macedo.<\/p>\n<h4 class=\"wp-block-heading\" id=\"h-fux-muda-de-posicionamento\">Fux muda de posicionamento<\/h4>\n<p>O voto do ministro Luiz Fux divergiu do relator, ministro Alexandre de Moraes, que nega os recursos. \u201cMeu entendimento anterior, embora amparado pela l\u00f3gica da urg\u00eancia, incorreu em injusti\u00e7as que o tempo e a consci\u00eancia j\u00e1 n\u00e3o me permitem sustentar\u201d, afirmou o magistrado.<\/p>\n<p>O posicionamento do ministro, no entanto, n\u00e3o deve alterar o resultado de julgamento. Apenas os ministros Nunes Marques e Andr\u00e9 Mendon\u00e7a tinham votado para absolver os r\u00e9us.<\/p>\n<p><strong><a href=\"https:\/\/revistaoeste.com\/politica\/fux-muda-de-posicionamento-e-vota-para-reverter-condenacoes-de-8-de-janeiro\/\">Cr\u00e9dito Revista Oeste<\/a><\/strong><\/p>\n<\/div>\n<p><br \/>\n<br \/><a href=\"https:\/\/paulofigueiredoshow.com\/fux-muda-de-posicionamento-e-vota-para-reverter-condenacoes-do-8-de-janeiro\/\">Source link <\/a><\/p>","protected":false},"excerpt":{"rendered":"<p>Ministro considerou absolvi\u00e7\u00e3o total em 7 casos e parcial em outros 3 O ministro Luiz Fux, do\u00a0Supremo Tribunal Federal (STF), votou para reverter condena\u00e7\u00f5es de dez r\u00e9us acusados de suposta&hellip;<\/p>","protected":false},"author":1,"featured_media":129444,"comment_status":"closed","ping_status":"open","sticky":false,"template":"","format":"standard","meta":{"content-type":"","footnotes":""},"categories":[16],"tags":[],"class_list":["post-129443","post","type-post","status-publish","format-standard","has-post-thumbnail","hentry","category-noticias"],"_links":{"self":[{"href":"https:\/\/tvbrazilusa.com\/pt\/wp-json\/wp\/v2\/posts\/129443","targetHints":{"allow":["GET"]}}],"collection":[{"href":"https:\/\/tvbrazilusa.com\/pt\/wp-json\/wp\/v2\/posts"}],"about":[{"href":"https:\/\/tvbrazilusa.com\/pt\/wp-json\/wp\/v2\/types\/post"}],"author":[{"embeddable":true,"href":"https:\/\/tvbrazilusa.com\/pt\/wp-json\/wp\/v2\/users\/1"}],"replies":[{"embeddable":true,"href":"https:\/\/tvbrazilusa.com\/pt\/wp-json\/wp\/v2\/comments?post=129443"}],"version-history":[{"count":1,"href":"https:\/\/tvbrazilusa.com\/pt\/wp-json\/wp\/v2\/posts\/129443\/revisions"}],"predecessor-version":[{"id":129445,"href":"https:\/\/tvbrazilusa.com\/pt\/wp-json\/wp\/v2\/posts\/129443\/revisions\/129445"}],"wp:featuredmedia":[{"embeddable":true,"href":"https:\/\/tvbrazilusa.com\/pt\/wp-json\/wp\/v2\/media\/129444"}],"wp:attachment":[{"href":"https:\/\/tvbrazilusa.com\/pt\/wp-json\/wp\/v2\/media?parent=129443"}],"wp:term":[{"taxonomy":"category","embeddable":true,"href":"https:\/\/tvbrazilusa.com\/pt\/wp-json\/wp\/v2\/categories?post=129443"},{"taxonomy":"post_tag","embeddable":true,"href":"https:\/\/tvbrazilusa.com\/pt\/wp-json\/wp\/v2\/tags?post=129443"}],"curies":[{"name":"wp","href":"https:\/\/api.w.org\/{rel}","templated":true}]}}