{"id":129446,"date":"2026-04-13T17:47:33","date_gmt":"2026-04-13T17:47:33","guid":{"rendered":"https:\/\/tvbrazilusa.com\/2026\/04\/13\/governo-lula-admite-descontrole-sobre-avanco-de-faccoes-na-amazonia-paulo-figueiredo\/"},"modified":"2026-04-13T18:11:18","modified_gmt":"2026-04-13T18:11:18","slug":"governo-lula-admite-descontrole-sobre-avanco-de-faccoes-na-amazonia-paulo-figueiredo","status":"publish","type":"post","link":"https:\/\/tvbrazilusa.com\/pt\/2026\/04\/13\/governo-lula-admite-descontrole-sobre-avanco-de-faccoes-na-amazonia-paulo-figueiredo\/","title":{"rendered":"Governo Lula admite descontrole sobre avan\u00e7o de fac\u00e7\u00f5es na Amaz\u00f4nia &#8211; Paulo Figueiredo"},"content":{"rendered":"<p> <script async src=\"https:\/\/pagead2.googlesyndication.com\/pagead\/js\/adsbygoogle.js?client=ca-pub-8864793242727901\"\r\n     crossorigin=\"anonymous\"><\/script><br \/>\n<\/p>\n<div id=\"wtr-content\" data-bg=\"#FFFFFF\" data-fg=\"#006d91\" data-width=\"25\" data-mute=\"1\" data-fgopacity=\"1.00\" data-mutedopacity=\"0.5\" data-placement=\"bottom\" data-placement-offset=\"0\" data-content-offset=\"262\" data-placement-touch=\"bottom\" data-placement-offset-touch=\"0\" data-transparent=\"\" data-shadow=\"0\" data-touch=\"1\" data-non-touch=\"1\" data-comments=\"0\" data-commentsbg=\"transparent\" data-location=\"page\" data-mutedfg=\"#006d91\" data-endfg=\"#006d91\" data-rtl=\"\">\n<h4 class=\"wp-block-heading\">Resposta do Minist\u00e9rio da Justi\u00e7a a requerimento exp\u00f5e aus\u00eancia de estrat\u00e9gia federal diante da expans\u00e3o do crime organizado<\/h4>\n<p>O\u00a0Minist\u00e9rio da Justi\u00e7a e Seguran\u00e7a P\u00fablica\u00a0admitiu a falta de controle e de diagn\u00f3stico do\u00a0governo federal\u00a0sobre o avan\u00e7o do crime organizado na Amaz\u00f4nia Legal. As declara\u00e7\u00f5es foram apresentadas neste m\u00eas, em resposta a um requerimento apresentado pelo deputado Capit\u00e3o Alberto Neto (PL-AM) em novembro.<\/p>\n<p>A pasta reconhece que ainda n\u00e3o possui um levantamento detalhado sobre as causas da expans\u00e3o das fac\u00e7\u00f5es criminosas na regi\u00e3o.<\/p>\n<p>\u201cEmbora o tema seja de elevada relev\u00e2ncia estrat\u00e9gica, n\u00e3o h\u00e1, at\u00e9 o presente momento, um diagn\u00f3stico detalhado e consolidado que identifique, de forma exaustiva, todas as causas respons\u00e1veis pela expans\u00e3o da presen\u00e7a de fac\u00e7\u00f5es criminosas na Amaz\u00f4nia Legal\u201d, afirmou o minist\u00e9rio.<\/p>\n<h4 class=\"wp-block-heading\" id=\"h-atuacao-de-faccoes-na-amazonia-cresceu-50-em-2-anos\">Atua\u00e7\u00e3o de fac\u00e7\u00f5es na Amaz\u00f4nia cresceu 50% em 2 anos<\/h4>\n<p>Para o deputado amazonense, a resposta escancara fragilidade na atua\u00e7\u00e3o federal diante de um problema considerado cr\u00edtico. \u201cO governo reconhece que n\u00e3o sabe por que o crime avan\u00e7ou tanto. Isso \u00e9 inadmiss\u00edvel\u201d, afirmou.<\/p>\n<p>Dados apresentados por Alberto Neto indicam que, em dois anos, a atua\u00e7\u00e3o de fac\u00e7\u00f5es criminosas saltou de 178 para 344 munic\u00edpios na regi\u00e3o \u2014 crescimento pr\u00f3ximo de 50%. Segundo ele, o avan\u00e7o ocorre sem que haja explica\u00e7\u00e3o objetiva ou estrat\u00e9gia clara para conter a expans\u00e3o.<\/p>\n<p>Embora o Minist\u00e9rio da Justi\u00e7a cite investimentos e opera\u00e7\u00f5es de seguran\u00e7a, o documento n\u00e3o apresenta resultados concretos na conten\u00e7\u00e3o do crime organizado. Para Capit\u00e3o Alberto Neto, o cen\u00e1rio reflete uma expans\u00e3o territorial das organiza\u00e7\u00f5es criminosas diante da aus\u00eancia do\u00a0<strong><a href=\"https:\/\/revistaoeste.com\/politica\/o-que-e-estado\">Estado<\/a><\/strong>.<\/p>\n<figure class=\"wp-block-image aligncenter\"><figcaption class=\"wp-element-caption\">Trecho da resposta do Minist\u00e9rio da Justi\u00e7a | Foto: Reprodu\u00e7\u00e3o\/Capit\u00e3o Alberto Neto<\/figcaption><\/figure>\n<p>O deputado tamb\u00e9m alertou para impactos sobre a soberania nacional, sobretudo em \u00e1reas de fronteira, e para o aumento da inseguran\u00e7a na regi\u00e3o Norte. \u201cQuando o Estado recua, o crime ocupa. Hoje vemos fac\u00e7\u00f5es controlando territ\u00f3rios e rotas e impondo medo \u00e0 popula\u00e7\u00e3o\u201d, afirmou.<\/p>\n<p>Ele disse que continuar\u00e1 cobrando medidas do governo federal. \u201cA Amaz\u00f4nia n\u00e3o pode ser territ\u00f3rio sem comando\u201d, concluiu.<\/p>\n<p><strong><a href=\"https:\/\/revistaoeste.com\/politica\/governo-lula-admite-falta-de-diagnostico-sobre-avanco-de-faccoes-na-amazonia\/\">Cr\u00e9dito Revista Oeste<\/a><\/strong><\/p>\n<\/div>\n<p><br \/>\n<br \/><a href=\"https:\/\/paulofigueiredoshow.com\/governo-lula-admite-descontrole-sobre-avanco-de-faccoes-na-amazonia\/\">Source link <\/a><\/p>","protected":false},"excerpt":{"rendered":"<p>Resposta do Minist\u00e9rio da Justi\u00e7a a requerimento exp\u00f5e aus\u00eancia de estrat\u00e9gia federal diante da expans\u00e3o do crime organizado O\u00a0Minist\u00e9rio da Justi\u00e7a e Seguran\u00e7a P\u00fablica\u00a0admitiu a falta de controle e de&hellip;<\/p>","protected":false},"author":1,"featured_media":129447,"comment_status":"closed","ping_status":"open","sticky":false,"template":"","format":"standard","meta":{"content-type":"","footnotes":""},"categories":[16],"tags":[],"class_list":["post-129446","post","type-post","status-publish","format-standard","has-post-thumbnail","hentry","category-noticias"],"_links":{"self":[{"href":"https:\/\/tvbrazilusa.com\/pt\/wp-json\/wp\/v2\/posts\/129446","targetHints":{"allow":["GET"]}}],"collection":[{"href":"https:\/\/tvbrazilusa.com\/pt\/wp-json\/wp\/v2\/posts"}],"about":[{"href":"https:\/\/tvbrazilusa.com\/pt\/wp-json\/wp\/v2\/types\/post"}],"author":[{"embeddable":true,"href":"https:\/\/tvbrazilusa.com\/pt\/wp-json\/wp\/v2\/users\/1"}],"replies":[{"embeddable":true,"href":"https:\/\/tvbrazilusa.com\/pt\/wp-json\/wp\/v2\/comments?post=129446"}],"version-history":[{"count":1,"href":"https:\/\/tvbrazilusa.com\/pt\/wp-json\/wp\/v2\/posts\/129446\/revisions"}],"predecessor-version":[{"id":129448,"href":"https:\/\/tvbrazilusa.com\/pt\/wp-json\/wp\/v2\/posts\/129446\/revisions\/129448"}],"wp:featuredmedia":[{"embeddable":true,"href":"https:\/\/tvbrazilusa.com\/pt\/wp-json\/wp\/v2\/media\/129447"}],"wp:attachment":[{"href":"https:\/\/tvbrazilusa.com\/pt\/wp-json\/wp\/v2\/media?parent=129446"}],"wp:term":[{"taxonomy":"category","embeddable":true,"href":"https:\/\/tvbrazilusa.com\/pt\/wp-json\/wp\/v2\/categories?post=129446"},{"taxonomy":"post_tag","embeddable":true,"href":"https:\/\/tvbrazilusa.com\/pt\/wp-json\/wp\/v2\/tags?post=129446"}],"curies":[{"name":"wp","href":"https:\/\/api.w.org\/{rel}","templated":true}]}}