{"id":129449,"date":"2026-04-13T17:48:00","date_gmt":"2026-04-13T17:48:00","guid":{"rendered":"https:\/\/tvbrazilusa.com\/2026\/04\/13\/de-uma-missao-para-nikolas-diz-dantas-a-flavio\/"},"modified":"2026-04-13T18:24:29","modified_gmt":"2026-04-13T18:24:29","slug":"de-uma-missao-para-nikolas-diz-dantas-a-flavio","status":"publish","type":"post","link":"https:\/\/tvbrazilusa.com\/pt\/2026\/04\/13\/de-uma-missao-para-nikolas-diz-dantas-a-flavio\/","title":{"rendered":"\u201cD\u00ea uma miss\u00e3o para Nikolas\u201d, diz Dantas a Fl\u00e1vio"},"content":{"rendered":"<p> <script async src=\"https:\/\/pagead2.googlesyndication.com\/pagead\/js\/adsbygoogle.js?client=ca-pub-8864793242727901\"\r\n     crossorigin=\"anonymous\"><\/script><br \/>\n<\/p>\n<div id=\"cd-article-content\">\n<p>Durante o programa <strong><a href=\"https:\/\/youtube.com\/playlist?list=PLW3vLqxTq1UTKhps4Wf561O7WCk9mVPL2&#038;si=FhEbYDbgPnQRGTyq\" target=\"_blank\" rel=\"noopener\">ALive<\/a><\/strong> desta segunda-feira (13), o apresentador <strong><a href=\"https:\/\/x.com\/claudio_dantas_\">Claudio Dantas<\/a><\/strong> defendeu que o deputado federal <strong><a href=\"https:\/\/claudiodantas.com.br\/tag\/nikolas\/\" data-type=\"post_tag\" data-id=\"395\">Nikolas Ferreira (PL-MG)<\/a><\/strong> se torne coordenador digital da campanha \u00e0 <strong><a href=\"https:\/\/pt.wikipedia.org\/wiki\/Presidente_do_Brasil\" target=\"_blank\" rel=\"noopener\">Presid\u00eancia<\/a><\/strong> do senador <strong><a href=\"https:\/\/claudiodantas.com.br\/tag\/flavio-bolsonaro-2\/\" data-type=\"post_tag\" data-id=\"13887\">Fl\u00e1vio Bolsonaro (PL-RJ)<\/a><\/strong>. <\/p>\n<p><a href=\"https:\/\/whatsapp.com\/channel\/0029VaTFkH2HVvTbkE883x1x\" target=\"_blank\" class=\"whatsapp-channel-message\" rel=\"noopener\">\u2705 Siga o canal do Claudio Dantas no WhatsApp<\/a><\/p>\n<p>\u201cD\u00ea uma miss\u00e3o para o Nikolas\u201d, disse Dantas, em conselho direcionado a Fl\u00e1vio. \u201cO Nikolas \u00e9 um garoto jovem, cheio de energia, est\u00e1 com uma base importante de mobiliza\u00e7\u00e3o. P\u00f5e ele para fazer aquilo que ele mais sabe fazer\u201d. <\/p>\n<p>Para o jornalista, Nikolas \u201c\u00e9 o melhor entre n\u00f3s\u201d em como tratar do ambiente digital e das redes sociais: \u201cBota ele para coordenar o digital da sua campanha. N\u00e3o vai ter problema; ao contr\u00e1rio, s\u00f3 vai ter solu\u00e7\u00e3o: vai botar todo mundo dentro da sua campanha\u201d. <\/p>\n<p>Ainda de acordo com Dantas, essa \u00e9 a melhor maneira de \u201capaziguar os \u00e2nimos\u201d. Nos \u00faltimos dias, o deputado mineiro foi alvo de cr\u00edticas de Eduardo Bolsonaro (PL), irm\u00e3o de Fl\u00e1vio, por ter compartilhado um post de reportagem nas redes sociais cujo dono da p\u00e1gina j\u00e1 disse que n\u00e3o votar\u00e1 no senador no 1\u00ba turno. <\/p>\n<p>Al\u00e9m desse conflito p\u00fablico, nos \u00faltimos meses, Nikolas tamb\u00e9m foi criticado por suposta falta de empenho na campanha de Fl\u00e1vio. <\/p>\n<p>\u201cEu n\u00e3o sei quem fa\u00e7a melhor o digital hoje\u201d, destacou Dantas, que ainda disse que o parlamentar mineiro faz um digital melhor \u201cat\u00e9 que o Pablo Mar\u00e7al\u201d. <\/p>\n<p>\u201cColoca esse rapaz para fazer a sua campanha no digital que n\u00e3o tem erro, vai explodir\u201d, completou o apresentador do ALive.<\/p>\n<div class=\"wp-block-image\">\n<figure class=\"aligncenter size-full\"><figcaption class=\"wp-element-caption\"><strong>Foto: Reprodu\u00e7\u00e3o\/YouTube @ClaudioDantasOficial<\/strong><\/figcaption><\/figure>\n<\/div>\n<h3 class=\"wp-block-heading\"><strong>ASSISTA AO PROGRAMA DE HOJE:<\/strong><\/h3>\n<figure class=\"wp-block-embed is-type-video is-provider-youtube wp-block-embed-youtube wp-embed-aspect-4-3 wp-has-aspect-ratio\">\n<p>\n<iframe title=\"Lula derrete e tenta se afastar de Moraes; que pede ao STF para segurar dela\u00e7\u00e3o; A disputa pelo TCU\" width=\"1170\" height=\"658\" src=\"https:\/\/www.youtube.com\/embed\/VLZx8-avOB8?feature=oembed\" frameborder=\"0\" allow=\"accelerometer; autoplay; clipboard-write; encrypted-media; gyroscope; picture-in-picture; web-share\" referrerpolicy=\"strict-origin-when-cross-origin\" allowfullscreen><\/iframe>\n<\/p>\n<\/figure>\n<\/div>\n<p><script type=\"301dfcd7c808e6b9bd5a34ea-text\/javascript\">!function(f,b,e,v,n,t,s){if(f.fbq)return;n=f.fbq=function(){n.callMethod?n.callMethod.apply(n,arguments):n.queue.push(arguments)};if(!f._fbq)f._fbq=n;n.push=n;n.loaded=!0;n.version='2.0';n.queue=[];t=b.createElement(e);t.async=!0;t.src=v;s=b.getElementsByTagName(e)[0];s.parentNode.insertBefore(t,s)}(window,document,'script','https:\/\/connect.facebook.net\/en_US\/fbevents.js');fbq('init','1423865622537930');fbq('track','PageView');<\/script><br \/>\n<br \/><br \/>\n<br \/><a href=\"https:\/\/claudiodantas.com.br\/alive-missao-nikolas-dantas-flavio\/\">Source link <\/a><\/p>","protected":false},"excerpt":{"rendered":"<p>Durante o programa ALive desta segunda-feira (13), o apresentador Claudio Dantas defendeu que o deputado federal Nikolas Ferreira (PL-MG) se torne coordenador digital da campanha \u00e0 Presid\u00eancia do senador Fl\u00e1vio&hellip;<\/p>","protected":false},"author":1,"featured_media":129450,"comment_status":"closed","ping_status":"open","sticky":false,"template":"","format":"standard","meta":{"content-type":"","footnotes":""},"categories":[16],"tags":[],"class_list":["post-129449","post","type-post","status-publish","format-standard","has-post-thumbnail","hentry","category-noticias"],"_links":{"self":[{"href":"https:\/\/tvbrazilusa.com\/pt\/wp-json\/wp\/v2\/posts\/129449","targetHints":{"allow":["GET"]}}],"collection":[{"href":"https:\/\/tvbrazilusa.com\/pt\/wp-json\/wp\/v2\/posts"}],"about":[{"href":"https:\/\/tvbrazilusa.com\/pt\/wp-json\/wp\/v2\/types\/post"}],"author":[{"embeddable":true,"href":"https:\/\/tvbrazilusa.com\/pt\/wp-json\/wp\/v2\/users\/1"}],"replies":[{"embeddable":true,"href":"https:\/\/tvbrazilusa.com\/pt\/wp-json\/wp\/v2\/comments?post=129449"}],"version-history":[{"count":1,"href":"https:\/\/tvbrazilusa.com\/pt\/wp-json\/wp\/v2\/posts\/129449\/revisions"}],"predecessor-version":[{"id":129451,"href":"https:\/\/tvbrazilusa.com\/pt\/wp-json\/wp\/v2\/posts\/129449\/revisions\/129451"}],"wp:featuredmedia":[{"embeddable":true,"href":"https:\/\/tvbrazilusa.com\/pt\/wp-json\/wp\/v2\/media\/129450"}],"wp:attachment":[{"href":"https:\/\/tvbrazilusa.com\/pt\/wp-json\/wp\/v2\/media?parent=129449"}],"wp:term":[{"taxonomy":"category","embeddable":true,"href":"https:\/\/tvbrazilusa.com\/pt\/wp-json\/wp\/v2\/categories?post=129449"},{"taxonomy":"post_tag","embeddable":true,"href":"https:\/\/tvbrazilusa.com\/pt\/wp-json\/wp\/v2\/tags?post=129449"}],"curies":[{"name":"wp","href":"https:\/\/api.w.org\/{rel}","templated":true}]}}