{"id":129452,"date":"2026-04-13T18:00:00","date_gmt":"2026-04-13T18:00:00","guid":{"rendered":"https:\/\/tvbrazilusa.com\/2026\/04\/13\/lula-acha-que-dar-divida-e-dar-dinheiro\/"},"modified":"2026-04-13T19:09:44","modified_gmt":"2026-04-13T19:09:44","slug":"lula-acha-que-dar-divida-e-dar-dinheiro","status":"publish","type":"post","link":"https:\/\/tvbrazilusa.com\/pt\/2026\/04\/13\/lula-acha-que-dar-divida-e-dar-dinheiro\/","title":{"rendered":"Lula \u201cacha que dar d\u00edvida \u00e9 dar dinheiro\u201d"},"content":{"rendered":"<p> <script async src=\"https:\/\/pagead2.googlesyndication.com\/pagead\/js\/adsbygoogle.js?client=ca-pub-8864793242727901\"\r\n     crossorigin=\"anonymous\"><\/script><br \/>\n<\/p>\n<div id=\"cd-article-content\">\n<p>Durante o programa <strong><a href=\"https:\/\/youtube.com\/playlist?list=PLW3vLqxTq1UTKhps4Wf561O7WCk9mVPL2&#038;si=FhEbYDbgPnQRGTyq\" target=\"_blank\" rel=\"noopener\">ALive<\/a><\/strong> desta segunda-feira (13), o analista econ\u00f4mico <strong><a href=\"https:\/\/claudiodantas.com.br\/tag\/ary-alcantara\/\" data-type=\"post_tag\" data-id=\"310\">Ary Alc\u00e2ntara<\/a><\/strong> afirmou que \u201cn\u00e3o faz sentido cobrar da sociedade sem que ela produza\u201d e que o <strong><a href=\"https:\/\/pt.wikipedia.org\/wiki\/Luiz_In%C3%A1cio_Lula_da_Silva\" target=\"_blank\" rel=\"noopener\">governo Lula (PT)<\/a><\/strong> \u201cacha que dar d\u00edvida \u00e9 dar dinheiro\u201d aos brasileiros.<\/p>\n<p><a href=\"https:\/\/whatsapp.com\/channel\/0029VaTFkH2HVvTbkE883x1x\" target=\"_blank\" class=\"whatsapp-channel-message\" rel=\"noopener\">\u2705 Siga o canal do Claudio Dantas no WhatsApp<\/a><\/p>\n<p>\u201cA fun\u00e7\u00e3o do Lula \u00e9 tirar dinheiro das pessoas, seja por d\u00edvida, seja por impostos\u201d, afirmou Ary. \u201cEssa \u00e9 uma linha socialista. N\u00f3s vamos observar isso em todos os regimes socialistas.\u201d<\/p>\n<p>O analista ainda criticou a falta de \u201cprograma de desenvolvimento\u201d no pa\u00eds: \u201cExiste algum programa de desenvolvimento no Brasil? 50 anos em 5 do Juscelino? N\u00e3o temos. N\u00f3s n\u00e3o temos nada. O governo [Lula] \u00e9 completamente fora de qualquer realidade.\u201d<\/p>\n<p>\u201cPol\u00edtica econ\u00f4mica \u00e9 aumentar a produtividade, a produ\u00e7\u00e3o\u201d, defendeu Ary. \u201cFazer o que o Trump est\u00e1 fazendo [com os Estados Unidos].\u201d<\/p>\n<p>\u201cDo pipoqueiro ao grande banqueiro, \u00e9 importante que todos trabalhem e ganhem. Porque n\u00f3s n\u00e3o podemos viver sob esse Estado plutocrata, olig\u00e1rquico, que vive de propina, como est\u00e1 mostrando esse caso Master\u201d, afirmou o analista.<\/p>\n<p>\u201cEsse caso Master \u00e9 a amostra exata de como funciona o Brasil. Propineiro. O Brasil \u00e9 um pa\u00eds de propineiros\u201d, finalizou Ary.<\/p>\n<div class=\"wp-block-image\">\n<figure class=\"aligncenter size-full is-resized\"><figcaption class=\"wp-element-caption\"><strong>Foto: Reprodu\u00e7\u00e3o\/YouTube @ClaudioDantasOficial<\/strong><\/figcaption><\/figure>\n<\/div>\n<h2 class=\"wp-block-heading\"><strong>ASSISTA AO PROGRAMA DE HOJE:<\/strong><\/h2>\n<figure class=\"wp-block-embed is-type-video is-provider-youtube wp-block-embed-youtube wp-embed-aspect-16-9 wp-has-aspect-ratio\">\n<p>\n<iframe title=\"Lula derrete e tenta se afastar de Moraes; que pede ao STF para segurar dela\u00e7\u00e3o; A disputa pelo TCU\" width=\"1170\" height=\"658\" src=\"https:\/\/www.youtube.com\/embed\/VLZx8-avOB8?feature=oembed\" frameborder=\"0\" allow=\"accelerometer; autoplay; clipboard-write; encrypted-media; gyroscope; picture-in-picture; web-share\" referrerpolicy=\"strict-origin-when-cross-origin\" allowfullscreen><\/iframe>\n<\/p>\n<\/figure>\n<\/div>\n<p><script type=\"0eb2ee7b288d96c5d9480a51-text\/javascript\">!function(f,b,e,v,n,t,s){if(f.fbq)return;n=f.fbq=function(){n.callMethod?n.callMethod.apply(n,arguments):n.queue.push(arguments)};if(!f._fbq)f._fbq=n;n.push=n;n.loaded=!0;n.version='2.0';n.queue=[];t=b.createElement(e);t.async=!0;t.src=v;s=b.getElementsByTagName(e)[0];s.parentNode.insertBefore(t,s)}(window,document,'script','https:\/\/connect.facebook.net\/en_US\/fbevents.js');fbq('init','1423865622537930');fbq('track','PageView');<\/script><br \/>\n<br \/><br \/>\n<br \/><a href=\"https:\/\/claudiodantas.com.br\/alive-lula-acha-que-dar-divida-dar-dinheiro\/\">Source link <\/a><\/p>","protected":false},"excerpt":{"rendered":"<p>Durante o programa ALive desta segunda-feira (13), o analista econ\u00f4mico Ary Alc\u00e2ntara afirmou que \u201cn\u00e3o faz sentido cobrar da sociedade sem que ela produza\u201d e que o governo Lula (PT)&hellip;<\/p>","protected":false},"author":1,"featured_media":129453,"comment_status":"closed","ping_status":"open","sticky":false,"template":"","format":"standard","meta":{"content-type":"","footnotes":""},"categories":[16],"tags":[],"class_list":["post-129452","post","type-post","status-publish","format-standard","has-post-thumbnail","hentry","category-noticias"],"_links":{"self":[{"href":"https:\/\/tvbrazilusa.com\/pt\/wp-json\/wp\/v2\/posts\/129452","targetHints":{"allow":["GET"]}}],"collection":[{"href":"https:\/\/tvbrazilusa.com\/pt\/wp-json\/wp\/v2\/posts"}],"about":[{"href":"https:\/\/tvbrazilusa.com\/pt\/wp-json\/wp\/v2\/types\/post"}],"author":[{"embeddable":true,"href":"https:\/\/tvbrazilusa.com\/pt\/wp-json\/wp\/v2\/users\/1"}],"replies":[{"embeddable":true,"href":"https:\/\/tvbrazilusa.com\/pt\/wp-json\/wp\/v2\/comments?post=129452"}],"version-history":[{"count":1,"href":"https:\/\/tvbrazilusa.com\/pt\/wp-json\/wp\/v2\/posts\/129452\/revisions"}],"predecessor-version":[{"id":129454,"href":"https:\/\/tvbrazilusa.com\/pt\/wp-json\/wp\/v2\/posts\/129452\/revisions\/129454"}],"wp:featuredmedia":[{"embeddable":true,"href":"https:\/\/tvbrazilusa.com\/pt\/wp-json\/wp\/v2\/media\/129453"}],"wp:attachment":[{"href":"https:\/\/tvbrazilusa.com\/pt\/wp-json\/wp\/v2\/media?parent=129452"}],"wp:term":[{"taxonomy":"category","embeddable":true,"href":"https:\/\/tvbrazilusa.com\/pt\/wp-json\/wp\/v2\/categories?post=129452"},{"taxonomy":"post_tag","embeddable":true,"href":"https:\/\/tvbrazilusa.com\/pt\/wp-json\/wp\/v2\/tags?post=129452"}],"curies":[{"name":"wp","href":"https:\/\/api.w.org\/{rel}","templated":true}]}}