{"id":129455,"date":"2026-04-13T19:25:56","date_gmt":"2026-04-13T19:25:56","guid":{"rendered":"https:\/\/tvbrazilusa.com\/2026\/04\/13\/ramagem-aparece-no-site-do-ice-como-pessoa-sob-custodia\/"},"modified":"2026-04-13T19:27:35","modified_gmt":"2026-04-13T19:27:35","slug":"ramagem-aparece-no-site-do-ice-como-pessoa-sob-custodia","status":"publish","type":"post","link":"https:\/\/tvbrazilusa.com\/pt\/2026\/04\/13\/ramagem-aparece-no-site-do-ice-como-pessoa-sob-custodia\/","title":{"rendered":"Ramagem aparece no site do ICE como pessoa sob cust\u00f3dia"},"content":{"rendered":"<p> <script async src=\"https:\/\/pagead2.googlesyndication.com\/pagead\/js\/adsbygoogle.js?client=ca-pub-8864793242727901\"\r\n     crossorigin=\"anonymous\"><\/script><br \/>\n<\/p>\n<div id=\"cd-article-content\">\n<p>O nome de Alexandre <a href=\"https:\/\/claudiodantas.com.br\/ramagem-nao-sofre-risco-de-deportacao\/\">Ramagem <\/a>passou a constar nesta segunda-feira (13) no sistema do Servi\u00e7o de Imigra\u00e7\u00e3o e Controle de Aduanas dos EUA (<a href=\"https:\/\/www.ice.gov\/\" target=\"_blank\" rel=\"noopener\">ICE<\/a>) como pessoa sob cust\u00f3dia. A Pol\u00edcia Federal confirmou a deten\u00e7\u00e3o. Ramagem estava foragido desde setembro de 2025, quando deixou o Brasil de forma clandestina pela fronteira de Roraima com a Guiana.<\/p>\n<p><a href=\"https:\/\/whatsapp.com\/channel\/0029VaTFkH2HVvTbkE883x1x\" target=\"_blank\" class=\"whatsapp-channel-message\" rel=\"noopener\">\u2705 Siga o canal do Claudio Dantas no WhatsApp<\/a><\/p>\n<figure class=\"wp-block-image size-full\"><\/figure>\n<p>Segundo informa\u00e7\u00f5es preliminares, ele foi abordado em Orlando, na Fl\u00f3rida, por volta das 11h no hor\u00e1rio local, enquanto caminhava na rua. Os agentes do ICE recusaram seus documentos e o encaminharam a um centro de deten\u00e7\u00e3o na cidade.<\/p>\n<p>O advogado Paulo Figueiredo, s\u00f3cio da Immigrex \u2014 escrit\u00f3rio que representa Ramagem \u2014, divulgou nota e classificou o epis\u00f3dio como de natureza exclusivamente migrat\u00f3ria. \u201cRamagem n\u00e3o foi preso, mas detido ap\u00f3s uma abordagem policial em Orlando, inicialmente por uma infra\u00e7\u00e3o leve de tr\u00e2nsito e, na sequ\u00eancia, encaminhado ao ICE \u2014 procedimento comum na Fl\u00f3rida\u201d, afirmou. <\/p>\n<p>Ele acrescentou que o status de Ramagem \u00e9 regular. \u201cEle possui um pedido de asilo pendente, protocolado h\u00e1 tempos e ainda sob an\u00e1lise, o que lhe permite permanecer legalmente nos Estados Unidos at\u00e9 a decis\u00e3o final do caso.\u201d<\/p>\n<p>Figueiredo descartou risco de deporta\u00e7\u00e3o e separou os institutos jur\u00eddicos envolvidos. \u201cExtradi\u00e7\u00e3o e deporta\u00e7\u00e3o n\u00e3o t\u00eam absolutamente nada a ver entre si: extradi\u00e7\u00e3o \u00e9 um processo pol\u00edtico-diplom\u00e1tico entre Estados, conduzido pelo Departamento de Estado; deporta\u00e7\u00e3o \u00e9 um procedimento administrativo interno de imigra\u00e7\u00e3o. O caso em quest\u00e3o \u00e9 exclusivamente migrat\u00f3rio.\u201d <\/p>\n<p>Sobre eventual participa\u00e7\u00e3o do governo brasileiro, foi categ\u00f3rico: \u201cO governo brasileiro n\u00e3o teve qualquer participa\u00e7\u00e3o nesse epis\u00f3dio. Isso n\u00e3o tem absolutamente nada a ver com o pedido de extradi\u00e7\u00e3o do Brasil, que segue em an\u00e1lise no Departamento de Estado.\u201d<\/p>\n<p>Ramagem foi condenado pelo STF a mais de 16 anos de pris\u00e3o por organiza\u00e7\u00e3o criminosa, aboli\u00e7\u00e3o violenta do Estado Democr\u00e1tico de Direito e tentativa de golpe de Estado. A fuga ocorreu em 9 de setembro de 2025, mesmo dia em que o ministro Alexandre de Moraes leu seu voto pela condena\u00e7\u00e3o. Ele apresentou atestado m\u00e9dico \u00e0 <a href=\"https:\/\/www.camara.leg.br\/\" target=\"_blank\" rel=\"noopener\">C\u00e2mara <\/a>dos Deputados cobrindo o per\u00edodo de 9 de setembro a 12 de dezembro e deixou o pa\u00eds pela fronteira terrestre de Roraima com a Guiana, de carro e de forma clandestina. De Georgetown, capital guianense, embarcou para Miami com passaporte diplom\u00e1tico \u2014 documento cancelado em dezembro de 2025, ap\u00f3s a cassa\u00e7\u00e3o do mandato pelo Congresso Nacional.<\/p>\n<p>A fuga contou com apoio log\u00edstico de Celso Rodrigo de Mello, 27 anos, filho do empres\u00e1rio e garimpeiro Rodrigo Martins de Mello, conhecido como Rodrigo Cataratas, amigo de Ramagem. Celso foi preso pela PF em Manaus, por determina\u00e7\u00e3o do ministro Alexandre de Moraes, por suspeita de financiar e organizar a sa\u00edda do ex-deputado do pa\u00eds. A defesa de Celso afirma inoc\u00eancia e diz que \u201cqualquer conclus\u00e3o antecipada n\u00e3o condiz com os fatos.\u201d<\/p>\n<p>O pedido de extradi\u00e7\u00e3o foi formalizado pelo Minist\u00e9rio da Justi\u00e7a em 30 de dezembro de 2025 e encaminhado ao Departamento de Estado pelo governo brasileiro. Em janeiro de 2026, o minist\u00e9rio informou ao STF que a documenta\u00e7\u00e3o havia sido entregue. Moraes tamb\u00e9m determinou a inclus\u00e3o do nome de Ramagem na lista da Interpol, o que viabilizou sua deten\u00e7\u00e3o por autoridades estrangeiras. O governo brasileiro aguarda mais informa\u00e7\u00f5es sobre o processo de retorno ao pa\u00eds.<\/p>\n<\/div>\n<p><script type=\"ff9318f0767804c00f38bd1d-text\/javascript\">!function(f,b,e,v,n,t,s){if(f.fbq)return;n=f.fbq=function(){n.callMethod?n.callMethod.apply(n,arguments):n.queue.push(arguments)};if(!f._fbq)f._fbq=n;n.push=n;n.loaded=!0;n.version='2.0';n.queue=[];t=b.createElement(e);t.async=!0;t.src=v;s=b.getElementsByTagName(e)[0];s.parentNode.insertBefore(t,s)}(window,document,'script','https:\/\/connect.facebook.net\/en_US\/fbevents.js');fbq('init','1423865622537930');fbq('track','PageView');<\/script><br \/>\n<br \/><br \/>\n<br \/><a href=\"https:\/\/claudiodantas.com.br\/ramagem-aparece-no-site-do-ice-como-pessoa-sob-custodia\/\">Source link <\/a><\/p>","protected":false},"excerpt":{"rendered":"<p>O nome de Alexandre Ramagem passou a constar nesta segunda-feira (13) no sistema do Servi\u00e7o de Imigra\u00e7\u00e3o e Controle de Aduanas dos EUA (ICE) como pessoa sob cust\u00f3dia. A Pol\u00edcia&hellip;<\/p>","protected":false},"author":1,"featured_media":129456,"comment_status":"closed","ping_status":"open","sticky":false,"template":"","format":"standard","meta":{"content-type":"","footnotes":""},"categories":[16],"tags":[],"class_list":["post-129455","post","type-post","status-publish","format-standard","has-post-thumbnail","hentry","category-noticias"],"_links":{"self":[{"href":"https:\/\/tvbrazilusa.com\/pt\/wp-json\/wp\/v2\/posts\/129455","targetHints":{"allow":["GET"]}}],"collection":[{"href":"https:\/\/tvbrazilusa.com\/pt\/wp-json\/wp\/v2\/posts"}],"about":[{"href":"https:\/\/tvbrazilusa.com\/pt\/wp-json\/wp\/v2\/types\/post"}],"author":[{"embeddable":true,"href":"https:\/\/tvbrazilusa.com\/pt\/wp-json\/wp\/v2\/users\/1"}],"replies":[{"embeddable":true,"href":"https:\/\/tvbrazilusa.com\/pt\/wp-json\/wp\/v2\/comments?post=129455"}],"version-history":[{"count":1,"href":"https:\/\/tvbrazilusa.com\/pt\/wp-json\/wp\/v2\/posts\/129455\/revisions"}],"predecessor-version":[{"id":129457,"href":"https:\/\/tvbrazilusa.com\/pt\/wp-json\/wp\/v2\/posts\/129455\/revisions\/129457"}],"wp:featuredmedia":[{"embeddable":true,"href":"https:\/\/tvbrazilusa.com\/pt\/wp-json\/wp\/v2\/media\/129456"}],"wp:attachment":[{"href":"https:\/\/tvbrazilusa.com\/pt\/wp-json\/wp\/v2\/media?parent=129455"}],"wp:term":[{"taxonomy":"category","embeddable":true,"href":"https:\/\/tvbrazilusa.com\/pt\/wp-json\/wp\/v2\/categories?post=129455"},{"taxonomy":"post_tag","embeddable":true,"href":"https:\/\/tvbrazilusa.com\/pt\/wp-json\/wp\/v2\/tags?post=129455"}],"curies":[{"name":"wp","href":"https:\/\/api.w.org\/{rel}","templated":true}]}}