{"id":129458,"date":"2026-04-13T20:28:35","date_gmt":"2026-04-13T20:28:35","guid":{"rendered":"https:\/\/tvbrazilusa.com\/2026\/04\/13\/tem-gente-parcelando-o-arroz-e-o-feijao-no-cartao-de-credito-diz-flavio-paulo-figueiredo\/"},"modified":"2026-04-13T20:34:33","modified_gmt":"2026-04-13T20:34:33","slug":"tem-gente-parcelando-o-arroz-e-o-feijao-no-cartao-de-credito-diz-flavio-paulo-figueiredo","status":"publish","type":"post","link":"https:\/\/tvbrazilusa.com\/pt\/2026\/04\/13\/tem-gente-parcelando-o-arroz-e-o-feijao-no-cartao-de-credito-diz-flavio-paulo-figueiredo\/","title":{"rendered":"&#8220;Tem gente parcelando o arroz e o feij\u00e3o no cart\u00e3o de cr\u00e9dito&#8221;, diz Fl\u00e1vio &#8211; Paulo Figueiredo"},"content":{"rendered":"<p> <script async src=\"https:\/\/pagead2.googlesyndication.com\/pagead\/js\/adsbygoogle.js?client=ca-pub-8864793242727901\"\r\n     crossorigin=\"anonymous\"><\/script><br \/>\n<\/p>\n<div id=\"wtr-content\" data-bg=\"#FFFFFF\" data-fg=\"#006d91\" data-width=\"25\" data-mute=\"1\" data-fgopacity=\"1.00\" data-mutedopacity=\"0.5\" data-placement=\"bottom\" data-placement-offset=\"0\" data-content-offset=\"262\" data-placement-touch=\"bottom\" data-placement-offset-touch=\"0\" data-transparent=\"\" data-shadow=\"0\" data-touch=\"1\" data-non-touch=\"1\" data-comments=\"0\" data-commentsbg=\"transparent\" data-location=\"page\" data-mutedfg=\"#006d91\" data-endfg=\"#006d91\" data-rtl=\"\">\n<h4 class=\"wp-block-heading\">Senador afirma que metade da popula\u00e7\u00e3o adulta brasileira \u2018est\u00e1 com nome sujo na pra\u00e7a\u2019<\/h4>\n<p>O senador e pr\u00e9-candidato \u00e0\u00a0Presid\u00eancia da Rep\u00fablica, Fl\u00e1vio Bolsonaro (PL), afirmou em publica\u00e7\u00e3o na manh\u00e3 deste domingo, 12, em seu perfil no X, que \u201cmetade da popula\u00e7\u00e3o adulta tem nome sujo na pra\u00e7a\u201d e que h\u00e1 brasileiros recorrendo ao cart\u00e3o de cr\u00e9dito at\u00e9 para comprar itens b\u00e1sicos de alimenta\u00e7\u00e3o.<\/p>\n<p>Segundo o parlamentar, o endividamento atinge mais de 80 milh\u00f5es de pessoas e tem impacto direto no consumo das fam\u00edlias. \u201cTem gente parcelando o arroz e o feij\u00e3o no cart\u00e3o de cr\u00e9dito\u201d. Acrescentou que parte dos inadimplentes n\u00e3o consegue pagar contas essenciais, como \u00e1gua e luz, associando a situa\u00e7\u00e3o \u00e0 pol\u00edtica econ\u00f4mica do governo federal.<\/p>\n<h4 class=\"wp-block-heading\" id=\"h-juros-altos-e-culpa-de-lula-afirma-flavio\"><strong>Juros altos \u00e9 culpa de Lula, afirma Fl\u00e1vio<\/strong><\/h4>\n<p>Na mensagem de 2min25s, intitulada \u201cA crise \u00e9 grave\u201d,\u00a0Fl\u00e1vio Bolsonaro\u00a0criticou a condu\u00e7\u00e3o fiscal do\u00a0presidente Lula da Silva. Disse que o aumento de gastos p\u00fablicos e de impostos estaria pressionando os juros e, consequentemente, elevando o custo das d\u00edvidas. De acordo com o senador, a taxa de juros no pa\u00eds \u201c\u00e9 uma das maiores do mundo\u201d e serve de refer\u00eancia para financiamentos e cr\u00e9dito ao consumidor.<\/p>\n<p>O parlamentar tamb\u00e9m criticou a regulamenta\u00e7\u00e3o das apostas esportivas, sancionada por Lula no fim de 2023. Segundo ele, a chamada Lei das Bets teria incentivado o endividamento ao estimular apostas online. Fl\u00e1vio afirmou que a medida foi aprovada \u201cquase na virada do ano\u201d e acusou o governo de n\u00e3o apresentar solu\u00e7\u00f5es para o problema.<\/p>\n<p>Ao final da publica\u00e7\u00e3o, o senador fez um apelo aos eleitores e disse que o pa\u00eds precisa \u201crecolocar o Brasil no caminho da prosperidade\u201d, defendendo mudan\u00e7as na condu\u00e7\u00e3o econ\u00f4mica. Em texto, ele diz: \u201c\u00c9 urgente acabar com esse ciclo de mis\u00e9ria e destrui\u00e7\u00e3o, \u00e9 urgente resgatar o Brasil\u201d.\u00a0<\/p>\n<p><strong><a href=\"https:\/\/revistaoeste.com\/politica\/tem-gente-parcelando-o-arroz-e-o-feijao-no-cartao-de-credito-diz-flavio\/\">Cr\u00e9dito Revista Oeste<\/a><\/strong><\/p>\n<\/div>\n<p><br \/>\n<br \/><a href=\"https:\/\/paulofigueiredoshow.com\/tem-gente-parcelando-o-arroz-e-o-feijao-no-cartao-de-credito-diz-flavio\/\">Source link <\/a><\/p>","protected":false},"excerpt":{"rendered":"<p>Senador afirma que metade da popula\u00e7\u00e3o adulta brasileira \u2018est\u00e1 com nome sujo na pra\u00e7a\u2019 O senador e pr\u00e9-candidato \u00e0\u00a0Presid\u00eancia da Rep\u00fablica, Fl\u00e1vio Bolsonaro (PL), afirmou em publica\u00e7\u00e3o na manh\u00e3 deste&hellip;<\/p>","protected":false},"author":1,"featured_media":129459,"comment_status":"closed","ping_status":"open","sticky":false,"template":"","format":"standard","meta":{"content-type":"","footnotes":""},"categories":[16],"tags":[],"class_list":["post-129458","post","type-post","status-publish","format-standard","has-post-thumbnail","hentry","category-noticias"],"_links":{"self":[{"href":"https:\/\/tvbrazilusa.com\/pt\/wp-json\/wp\/v2\/posts\/129458","targetHints":{"allow":["GET"]}}],"collection":[{"href":"https:\/\/tvbrazilusa.com\/pt\/wp-json\/wp\/v2\/posts"}],"about":[{"href":"https:\/\/tvbrazilusa.com\/pt\/wp-json\/wp\/v2\/types\/post"}],"author":[{"embeddable":true,"href":"https:\/\/tvbrazilusa.com\/pt\/wp-json\/wp\/v2\/users\/1"}],"replies":[{"embeddable":true,"href":"https:\/\/tvbrazilusa.com\/pt\/wp-json\/wp\/v2\/comments?post=129458"}],"version-history":[{"count":1,"href":"https:\/\/tvbrazilusa.com\/pt\/wp-json\/wp\/v2\/posts\/129458\/revisions"}],"predecessor-version":[{"id":129460,"href":"https:\/\/tvbrazilusa.com\/pt\/wp-json\/wp\/v2\/posts\/129458\/revisions\/129460"}],"wp:featuredmedia":[{"embeddable":true,"href":"https:\/\/tvbrazilusa.com\/pt\/wp-json\/wp\/v2\/media\/129459"}],"wp:attachment":[{"href":"https:\/\/tvbrazilusa.com\/pt\/wp-json\/wp\/v2\/media?parent=129458"}],"wp:term":[{"taxonomy":"category","embeddable":true,"href":"https:\/\/tvbrazilusa.com\/pt\/wp-json\/wp\/v2\/categories?post=129458"},{"taxonomy":"post_tag","embeddable":true,"href":"https:\/\/tvbrazilusa.com\/pt\/wp-json\/wp\/v2\/tags?post=129458"}],"curies":[{"name":"wp","href":"https:\/\/api.w.org\/{rel}","templated":true}]}}