{"id":129475,"date":"2026-04-13T21:34:17","date_gmt":"2026-04-13T21:34:17","guid":{"rendered":"https:\/\/tvbrazilusa.com\/2026\/04\/13\/carmen-lucia-revela-pressao-familiar-para-deixar-o-stf-paulo-figueiredo\/"},"modified":"2026-04-13T21:35:18","modified_gmt":"2026-04-13T21:35:18","slug":"carmen-lucia-revela-pressao-familiar-para-deixar-o-stf-paulo-figueiredo","status":"publish","type":"post","link":"https:\/\/tvbrazilusa.com\/pt\/2026\/04\/13\/carmen-lucia-revela-pressao-familiar-para-deixar-o-stf-paulo-figueiredo\/","title":{"rendered":"C\u00e1rmen L\u00facia revela press\u00e3o familiar para deixar o STF &#8211; Paulo Figueiredo"},"content":{"rendered":"<p> <script async src=\"https:\/\/pagead2.googlesyndication.com\/pagead\/js\/adsbygoogle.js?client=ca-pub-8864793242727901\"\r\n     crossorigin=\"anonymous\"><\/script><br \/>\n<\/p>\n<div id=\"wtr-content\" data-bg=\"#FFFFFF\" data-fg=\"#006d91\" data-width=\"25\" data-mute=\"1\" data-fgopacity=\"1.00\" data-mutedopacity=\"0.5\" data-placement=\"bottom\" data-placement-offset=\"0\" data-content-offset=\"262\" data-placement-touch=\"bottom\" data-placement-offset-touch=\"0\" data-transparent=\"\" data-shadow=\"0\" data-touch=\"1\" data-non-touch=\"1\" data-comments=\"0\" data-commentsbg=\"transparent\" data-location=\"page\" data-mutedfg=\"#006d91\" data-endfg=\"#006d91\" data-rtl=\"\">\n<p>A ministra do Supremo Tribunal Federal (STF) C\u00e1rmen L\u00facia mencionou pedidos de sua fam\u00edlia para que deixe a Corte. Ela chegou a falar em uma press\u00e3o \u201csexista, machista\u201d e \u201cdesmoralizante\u201d que pode impactar na pretens\u00e3o de juristas de serem ministros.<\/p>\n<p>\u201cAlgumas pessoas n\u00e3o v\u00e3o querer ir, porque a nossa fam\u00edlia n\u00e3o quer que a gente fique\u201d, disse a ministra, durante um evento da Funda\u00e7\u00e3o FHC nesta segunda-feira (13), destacando que o discurso nesse sentido \u201c\u00e9 sexista, machista, desmoralizante\u201d e revelando o que houve de familiares: \u201ctodo mundo da fam\u00edlia fala:\u00a0\u2018C\u00e1rmen, sai disso. Chega. J\u00e1 fez o que tinha que fazer&#8217;\u201d.<\/p>\n<p>A ministra antecipou sua sa\u00edda da presid\u00eancia do Tribunal Superior Eleitoral (TSE) para, de acordo com ela, dar mais tempo para que o \u00f3rg\u00e3o se programe para as elei\u00e7\u00f5es de 2026. \u00danica ministra em atua\u00e7\u00e3o no STF, C\u00e1rmen L\u00facia viu as press\u00f5es de movimentos identit\u00e1rios falharem e o presidente Lula (PT) indicar Fl\u00e1vio Dino, Cristiano Zanin e, agora, o advogado-geral da Uni\u00e3o, Jorge Messias, para integrar a c\u00fapula do Judici\u00e1rio.<\/p>\n<p>Com 71 anos, a ministra precisa se aposentar apenas em abril de 2029, logo ap\u00f3s o ministro Luiz Fux, que deixa o cargo em 2028. H\u00e1, por\u00e9m, a possibilidade de aposentadoria antecipada, como fez agora ex-ministro Lu\u00eds Roberto Barroso, abrindo margem para a terceira indica\u00e7\u00e3o de Lula neste mandato e 11\u00aa ao todo.<\/p>\n<p>C\u00e1rmen L\u00facia mencionou a quantidade de processos em tr\u00e2mite na Corte, o que considera uma \u201cavalanche\u201d pass\u00edvel de gerar \u201cum adoecimento at\u00e9 f\u00edsico\u201d.<\/p>\n<p>A ministra foi escolhida relatora do c\u00f3digo de \u00e9tica que o presidente, ministro Edson Fachin, pretende implementar. Para ela, a solu\u00e7\u00e3o para a crise de credibilidade da Corte envolveria maior transpar\u00eancia. A magistrada destacou a publicidade de sua agenda como um exemplo.<\/p>\n<p>Apesar disso, n\u00e3o s\u00e3o todos os ministros que registram seus compromissos p\u00fablicos no sistema. No m\u00eas de mar\u00e7o, por exemplo, apenas Cristiano Zanin, Luiz Fux e a pr\u00f3pria C\u00e1rmen L\u00facia o fizeram. \u201cEu acho que, quanto mais se der essa transpar\u00eancia, essa explica\u00e7\u00e3o, tanto melhor para o Poder Judici\u00e1rio, para o Supremo Tribunal Federal e, principalmente, para n\u00f3s ali dentro mesmo, de conviv\u00eancia\u201d, conclui.<\/p>\n<p><strong><a href=\"https:\/\/www.gazetadopovo.com.br\/republica\/carmen-lucia-revela-pressao-familiar-para-deixar-stf\/\">Cr\u00e9dito Gazeta do Povo<\/a><\/strong><\/p>\n<\/div>\n<p><br \/>\n<br \/><a href=\"https:\/\/paulofigueiredoshow.com\/carmen-lucia-revela-pressao-familiar-para-deixar-o-stf\/\">Source link <\/a><\/p>","protected":false},"excerpt":{"rendered":"<p>A ministra do Supremo Tribunal Federal (STF) C\u00e1rmen L\u00facia mencionou pedidos de sua fam\u00edlia para que deixe a Corte. Ela chegou a falar em uma press\u00e3o \u201csexista, machista\u201d e \u201cdesmoralizante\u201d&hellip;<\/p>","protected":false},"author":1,"featured_media":129476,"comment_status":"closed","ping_status":"open","sticky":false,"template":"","format":"standard","meta":{"content-type":"","footnotes":""},"categories":[16],"tags":[],"class_list":["post-129475","post","type-post","status-publish","format-standard","has-post-thumbnail","hentry","category-noticias"],"_links":{"self":[{"href":"https:\/\/tvbrazilusa.com\/pt\/wp-json\/wp\/v2\/posts\/129475","targetHints":{"allow":["GET"]}}],"collection":[{"href":"https:\/\/tvbrazilusa.com\/pt\/wp-json\/wp\/v2\/posts"}],"about":[{"href":"https:\/\/tvbrazilusa.com\/pt\/wp-json\/wp\/v2\/types\/post"}],"author":[{"embeddable":true,"href":"https:\/\/tvbrazilusa.com\/pt\/wp-json\/wp\/v2\/users\/1"}],"replies":[{"embeddable":true,"href":"https:\/\/tvbrazilusa.com\/pt\/wp-json\/wp\/v2\/comments?post=129475"}],"version-history":[{"count":1,"href":"https:\/\/tvbrazilusa.com\/pt\/wp-json\/wp\/v2\/posts\/129475\/revisions"}],"predecessor-version":[{"id":129477,"href":"https:\/\/tvbrazilusa.com\/pt\/wp-json\/wp\/v2\/posts\/129475\/revisions\/129477"}],"wp:featuredmedia":[{"embeddable":true,"href":"https:\/\/tvbrazilusa.com\/pt\/wp-json\/wp\/v2\/media\/129476"}],"wp:attachment":[{"href":"https:\/\/tvbrazilusa.com\/pt\/wp-json\/wp\/v2\/media?parent=129475"}],"wp:term":[{"taxonomy":"category","embeddable":true,"href":"https:\/\/tvbrazilusa.com\/pt\/wp-json\/wp\/v2\/categories?post=129475"},{"taxonomy":"post_tag","embeddable":true,"href":"https:\/\/tvbrazilusa.com\/pt\/wp-json\/wp\/v2\/tags?post=129475"}],"curies":[{"name":"wp","href":"https:\/\/api.w.org\/{rel}","templated":true}]}}