{"id":129487,"date":"2026-04-13T22:01:06","date_gmt":"2026-04-13T22:01:06","guid":{"rendered":"https:\/\/tvbrazilusa.com\/2026\/04\/13\/atualizacao-do-caso-ramagem-apos-divulgacao-do-documento-oficial-de-detencao-pelo-metropoles-paulo-figueiredo\/"},"modified":"2026-04-13T22:01:20","modified_gmt":"2026-04-13T22:01:20","slug":"atualizacao-do-caso-ramagem-apos-divulgacao-do-documento-oficial-de-detencao-pelo-metropoles-paulo-figueiredo","status":"publish","type":"post","link":"https:\/\/tvbrazilusa.com\/pt\/2026\/04\/13\/atualizacao-do-caso-ramagem-apos-divulgacao-do-documento-oficial-de-detencao-pelo-metropoles-paulo-figueiredo\/","title":{"rendered":"Atualiza\u00e7\u00e3o do caso Ramagem ap\u00f3s divulga\u00e7\u00e3o do documento oficial de deten\u00e7\u00e3o pelo Metr\u00f3poles &#8211; Paulo Figueiredo"},"content":{"rendered":"<p> <script async src=\"https:\/\/pagead2.googlesyndication.com\/pagead\/js\/adsbygoogle.js?client=ca-pub-8864793242727901\"\r\n     crossorigin=\"anonymous\"><\/script><br \/>\n<\/p>\n<div id=\"wtr-content\" data-bg=\"#FFFFFF\" data-fg=\"#006d91\" data-width=\"25\" data-mute=\"1\" data-fgopacity=\"1.00\" data-mutedopacity=\"0.5\" data-placement=\"bottom\" data-placement-offset=\"0\" data-content-offset=\"262\" data-placement-touch=\"bottom\" data-placement-offset-touch=\"0\" data-transparent=\"\" data-shadow=\"0\" data-touch=\"1\" data-non-touch=\"1\" data-comments=\"0\" data-commentsbg=\"transparent\" data-location=\"page\" data-mutedfg=\"#006d91\" data-endfg=\"#006d91\" data-rtl=\"\">\n<p>O documento oficial da deten\u00e7\u00e3o de Alexandre Ramagem (Notice to Appear), cujo conte\u00fado foi divulgado pelo @Metropoles, desmente a narrativa de \u201ccoopera\u00e7\u00e3o\u201d da Pol\u00edcia Federal do Lula.<\/p>\n<p>O que diz o NTA \u00e9 claro: o ICE entendeu, de forma padr\u00e3o em casos migrat\u00f3rios, que Ramagem estaria sujeito \u00e0 deporta\u00e7\u00e3o por perman\u00eancia al\u00e9m do prazo autorizado. N\u00e3o h\u00e1 absolutamente nada sobre coopera\u00e7\u00e3o com autoridades brasileiras, nem qualquer men\u00e7\u00e3o a crimes no Brasil. Zero.<\/p>\n<p>Isso \u00e9 algo simples de esclarecer. Vai tomar um tempo e alguma burocracia, mas Ramagem deve ser liberado em breve, j\u00e1 que possui um pedido de asilo pendente e se encontra em situa\u00e7\u00e3o legal nos Estados Unidos.<\/p>\n<p>O grave \u00e9 o fato de, uma vez que n\u00e3o teve seus pedidos de coopera\u00e7\u00e3o e extradi\u00e7\u00e3o atendidos, a Pol\u00edcia Federal de Lula ter tentado dar um \u201cmigu\u00e9\u201d nos americanos para que Ramagem fosse deportado como imigrante ilegal que n\u00e3o \u00e9. E, n\u00e3o satisfeitos, deram um migu\u00e9 na imprensa dizendo que agiram em coopera\u00e7\u00e3o com os americanos.<\/p>\n<\/div>\n<p><br \/>\n<br \/><a href=\"https:\/\/paulofigueiredoshow.com\/atualizacao-do-caso-ramagem-apos-divulgacao-do-documento-oficial-de-detencao-pelo-metropoles\/\">Source link <\/a><\/p>","protected":false},"excerpt":{"rendered":"<p>O documento oficial da deten\u00e7\u00e3o de Alexandre Ramagem (Notice to Appear), cujo conte\u00fado foi divulgado pelo @Metropoles, desmente a narrativa de \u201ccoopera\u00e7\u00e3o\u201d da Pol\u00edcia Federal do Lula. O que diz&hellip;<\/p>","protected":false},"author":1,"featured_media":129488,"comment_status":"closed","ping_status":"open","sticky":false,"template":"","format":"standard","meta":{"content-type":"","footnotes":""},"categories":[16],"tags":[],"class_list":["post-129487","post","type-post","status-publish","format-standard","has-post-thumbnail","hentry","category-noticias"],"_links":{"self":[{"href":"https:\/\/tvbrazilusa.com\/pt\/wp-json\/wp\/v2\/posts\/129487","targetHints":{"allow":["GET"]}}],"collection":[{"href":"https:\/\/tvbrazilusa.com\/pt\/wp-json\/wp\/v2\/posts"}],"about":[{"href":"https:\/\/tvbrazilusa.com\/pt\/wp-json\/wp\/v2\/types\/post"}],"author":[{"embeddable":true,"href":"https:\/\/tvbrazilusa.com\/pt\/wp-json\/wp\/v2\/users\/1"}],"replies":[{"embeddable":true,"href":"https:\/\/tvbrazilusa.com\/pt\/wp-json\/wp\/v2\/comments?post=129487"}],"version-history":[{"count":1,"href":"https:\/\/tvbrazilusa.com\/pt\/wp-json\/wp\/v2\/posts\/129487\/revisions"}],"predecessor-version":[{"id":129489,"href":"https:\/\/tvbrazilusa.com\/pt\/wp-json\/wp\/v2\/posts\/129487\/revisions\/129489"}],"wp:featuredmedia":[{"embeddable":true,"href":"https:\/\/tvbrazilusa.com\/pt\/wp-json\/wp\/v2\/media\/129488"}],"wp:attachment":[{"href":"https:\/\/tvbrazilusa.com\/pt\/wp-json\/wp\/v2\/media?parent=129487"}],"wp:term":[{"taxonomy":"category","embeddable":true,"href":"https:\/\/tvbrazilusa.com\/pt\/wp-json\/wp\/v2\/categories?post=129487"},{"taxonomy":"post_tag","embeddable":true,"href":"https:\/\/tvbrazilusa.com\/pt\/wp-json\/wp\/v2\/tags?post=129487"}],"curies":[{"name":"wp","href":"https:\/\/api.w.org\/{rel}","templated":true}]}}