{"id":129499,"date":"2026-04-14T16:42:00","date_gmt":"2026-04-14T16:42:00","guid":{"rendered":"https:\/\/tvbrazilusa.com\/2026\/04\/14\/vieira-joga-para-plateia-e-relatorio-da-cpi-fica-devendo\/"},"modified":"2026-04-14T17:01:32","modified_gmt":"2026-04-14T17:01:32","slug":"vieira-joga-para-plateia-e-relatorio-da-cpi-fica-devendo","status":"publish","type":"post","link":"https:\/\/tvbrazilusa.com\/pt\/2026\/04\/14\/vieira-joga-para-plateia-e-relatorio-da-cpi-fica-devendo\/","title":{"rendered":"Vieira &#8220;joga para plateia&#8221; e relat\u00f3rio da CPI \u201cfica devendo\u201d"},"content":{"rendered":"<p> <script async src=\"https:\/\/pagead2.googlesyndication.com\/pagead\/js\/adsbygoogle.js?client=ca-pub-8864793242727901\"\r\n     crossorigin=\"anonymous\"><\/script><br \/>\n<\/p>\n<div id=\"cd-article-content\">\n<p>O programa <strong><a href=\"https:\/\/youtube.com\/playlist?list=PLW3vLqxTq1UTKhps4Wf561O7WCk9mVPL2&#038;si=ZdmXXGLnUPdur5rn\" target=\"_blank\" rel=\"noopener\">ALive<\/a><\/strong> desta ter\u00e7a-feira (14) abordou o relat\u00f3rio final da <strong><a href=\"https:\/\/legis.senado.leg.br\/atividade\/comissoes\/comissao\/2793\/\" target=\"_blank\" rel=\"noopener\">CPI do Crime Organizado<\/a><\/strong>, apresentado na madrugada pelo senador <strong><a href=\"https:\/\/claudiodantas.com.br\/tag\/alessandro-vieira\/\" data-type=\"post_tag\" data-id=\"212\">Alessandro Vieira<\/a> (MDB-SE)<\/strong>, relator da comiss\u00e3o. O texto ser\u00e1 lido e votado ainda nesta tarde, a partir das 14h.<\/p>\n<p><a href=\"https:\/\/whatsapp.com\/channel\/0029VaTFkH2HVvTbkE883x1x\" target=\"_blank\" class=\"whatsapp-channel-message\" rel=\"noopener\">\u2705 Siga o canal do Claudio Dantas no WhatsApp<\/a><\/p>\n<p>Com mais de 220 p\u00e1ginas, o documento re\u00fane um diagn\u00f3stico sobre a atua\u00e7\u00e3o do crime organizado no pa\u00eds e apresenta propostas para conter o avan\u00e7o das organiza\u00e7\u00f5es criminosas.<\/p>\n<p>O relat\u00f3rio inclui pedidos de indiciamento por crimes de responsabilidade contra os ministros do Supremo Tribunal Federal Dias Toffoli, Alexandre de Moraes e Gilmar Mendes, al\u00e9m do procurador-geral da Rep\u00fablica, Paulo Gonet.<\/p>\n<p>Durante o programa, o apresentador <strong><a href=\"https:\/\/claudiodantas.com.br\/sobre\/\" data-type=\"page\" data-id=\"81337\">Claudio Dantas<\/a><\/strong> criticou o conte\u00fado do relat\u00f3rio e disse relator usou os indiciamentos para \u201cjogar para a plateia\u201d em ano eleitoral. Para ele, o documento final \u201cficou devendo\u201d: \u201cTrouxe ali informa\u00e7\u00f5es compiladas de tudo que j\u00e1 saiu, de tudo que n\u00f3s j\u00e1 abordamos aqui\u201d.<\/p>\n<p>Na vis\u00e3o de Dantas, a comiss\u00e3o n\u00e3o avan\u00e7ou sobre as principais fac\u00e7\u00f5es do pa\u00eds: \u201cAinda teremos, se Deus quiser, uma CPI s\u00e9ria para investigar as duas maiores organiza\u00e7\u00f5es criminosas\u201d do Brasil, o PCC e o Comando Vermelho (CV).<\/p>\n<p>\u201cInfelizmente, estamos diante de um Congresso de baix\u00edssimo n\u00edvel, isso inclui o Senado\u201d, afirmou o apresentador. Segundo Dantas, o Senado atual \u201c\u00e9 um dos Senados de menor n\u00edvel moral e t\u00e9cnico da hist\u00f3ria\u201d.<\/p>\n<p>\u201cEu falo isso sem d\u00favidas, temos exce\u00e7\u00f5es, [mas] o fato \u00e9 que, no geral, \u00e9 um n\u00edvel muito baixo. Por isso, a gente aqui faz sempre o alerta, quase que di\u00e1rio: prestem aten\u00e7\u00e3o no voto de voc\u00eas, cobrem candidatos de alta categoria para outubro, porque esse Senado precisa ser reocupado\u201d, contiuou Dantas.<\/p>\n<p>\u201cN\u00e3o \u00e9 poss\u00edvel votar nos mesmos senadores ou deputados coron\u00e9is corruptos. Vamos parar de votar nessa gente, ou nos incompetentes, ou nos palhacinhos, aqueles que gostam mesmo de fazer dancinha na internet, gostam de ganhar um likezinho\u201d.<\/p>\n<p>\u201cVamos nos concentrar naqueles que realmente, primeiro, tenham a ficha limpa; depois, tenham coragem para tomar decis\u00f5es e votar nas pautas que realmente importam para a sociedade; que sejam tecnicamente competentes e muito bem assessorados, pessoas que realmente possam fazer a diferen\u00e7a para o nosso pa\u00eds\u201d, continuou o apresentador do ALive.<\/p>\n<p>\u201cFica aqui o recado. Um grande abra\u00e7o para a turma da CPI do Crime Organizado\u201d, finalizou Dantas.<\/p>\n<div class=\"wp-block-image\">\n<figure class=\"aligncenter size-full is-resized\"><figcaption class=\"wp-element-caption\"><strong>Foto: Reprodu\u00e7\u00e3o\/YouTube @ClaudioDantasOficial<\/strong><\/figcaption><\/figure>\n<\/div>\n<h3 class=\"wp-block-heading\"><strong>ASSISTA AO PROGRAMA DE HOJE:<\/strong><\/h3>\n<figure class=\"wp-block-embed is-type-video is-provider-youtube wp-block-embed-youtube wp-embed-aspect-4-3 wp-has-aspect-ratio\">\n<p>\n<iframe title=\"Relat\u00f3rio da CPI do Crime Organizado pede indiciamento de 3 ministros do STF e do PGR\" width=\"1170\" height=\"658\" src=\"https:\/\/www.youtube.com\/embed\/Fqkwu0Z5pQw?feature=oembed\" frameborder=\"0\" allow=\"accelerometer; autoplay; clipboard-write; encrypted-media; gyroscope; picture-in-picture; web-share\" referrerpolicy=\"strict-origin-when-cross-origin\" allowfullscreen><\/iframe>\n<\/p>\n<\/figure>\n<\/div>\n<p><script type=\"f9f28879b07d6c47c2f3f1a4-text\/javascript\">!function(f,b,e,v,n,t,s){if(f.fbq)return;n=f.fbq=function(){n.callMethod?n.callMethod.apply(n,arguments):n.queue.push(arguments)};if(!f._fbq)f._fbq=n;n.push=n;n.loaded=!0;n.version='2.0';n.queue=[];t=b.createElement(e);t.async=!0;t.src=v;s=b.getElementsByTagName(e)[0];s.parentNode.insertBefore(t,s)}(window,document,'script','https:\/\/connect.facebook.net\/en_US\/fbevents.js');fbq('init','1423865622537930');fbq('track','PageView');<\/script><br \/>\n<br \/><br \/>\n<br \/><a href=\"https:\/\/claudiodantas.com.br\/vieira-joga-para-plateia-relatorio-cpi\/\">Source link <\/a><\/p>","protected":false},"excerpt":{"rendered":"<p>O programa ALive desta ter\u00e7a-feira (14) abordou o relat\u00f3rio final da CPI do Crime Organizado, apresentado na madrugada pelo senador Alessandro Vieira (MDB-SE), relator da comiss\u00e3o. O texto ser\u00e1 lido&hellip;<\/p>","protected":false},"author":1,"featured_media":129500,"comment_status":"closed","ping_status":"open","sticky":false,"template":"","format":"standard","meta":{"content-type":"","footnotes":""},"categories":[16],"tags":[],"class_list":["post-129499","post","type-post","status-publish","format-standard","has-post-thumbnail","hentry","category-noticias"],"_links":{"self":[{"href":"https:\/\/tvbrazilusa.com\/pt\/wp-json\/wp\/v2\/posts\/129499","targetHints":{"allow":["GET"]}}],"collection":[{"href":"https:\/\/tvbrazilusa.com\/pt\/wp-json\/wp\/v2\/posts"}],"about":[{"href":"https:\/\/tvbrazilusa.com\/pt\/wp-json\/wp\/v2\/types\/post"}],"author":[{"embeddable":true,"href":"https:\/\/tvbrazilusa.com\/pt\/wp-json\/wp\/v2\/users\/1"}],"replies":[{"embeddable":true,"href":"https:\/\/tvbrazilusa.com\/pt\/wp-json\/wp\/v2\/comments?post=129499"}],"version-history":[{"count":1,"href":"https:\/\/tvbrazilusa.com\/pt\/wp-json\/wp\/v2\/posts\/129499\/revisions"}],"predecessor-version":[{"id":129501,"href":"https:\/\/tvbrazilusa.com\/pt\/wp-json\/wp\/v2\/posts\/129499\/revisions\/129501"}],"wp:featuredmedia":[{"embeddable":true,"href":"https:\/\/tvbrazilusa.com\/pt\/wp-json\/wp\/v2\/media\/129500"}],"wp:attachment":[{"href":"https:\/\/tvbrazilusa.com\/pt\/wp-json\/wp\/v2\/media?parent=129499"}],"wp:term":[{"taxonomy":"category","embeddable":true,"href":"https:\/\/tvbrazilusa.com\/pt\/wp-json\/wp\/v2\/categories?post=129499"},{"taxonomy":"post_tag","embeddable":true,"href":"https:\/\/tvbrazilusa.com\/pt\/wp-json\/wp\/v2\/tags?post=129499"}],"curies":[{"name":"wp","href":"https:\/\/api.w.org\/{rel}","templated":true}]}}