{"id":129513,"date":"2026-04-14T18:55:00","date_gmt":"2026-04-14T18:55:00","guid":{"rendered":"https:\/\/tvbrazilusa.com\/2026\/04\/14\/governo-lula-prepara-relatorio-para-tentar-acelerar-deportacao-de-ramagem\/"},"modified":"2026-04-14T19:22:22","modified_gmt":"2026-04-14T19:22:22","slug":"governo-lula-prepara-relatorio-para-tentar-acelerar-deportacao-de-ramagem","status":"publish","type":"post","link":"https:\/\/tvbrazilusa.com\/pt\/2026\/04\/14\/governo-lula-prepara-relatorio-para-tentar-acelerar-deportacao-de-ramagem\/","title":{"rendered":"Governo Lula prepara relat\u00f3rio para tentar acelerar deporta\u00e7\u00e3o de Ramagem"},"content":{"rendered":"<p> <script async src=\"https:\/\/pagead2.googlesyndication.com\/pagead\/js\/adsbygoogle.js?client=ca-pub-8864793242727901\"\r\n     crossorigin=\"anonymous\"><\/script><br \/>\n<\/p>\n<div id=\"cd-article-content\">\n<p>O <strong><a href=\"https:\/\/claudiodantas.com.br\/tag\/governo-lula\/\" data-type=\"post_tag\" data-id=\"170\">governo Lula (PT) <\/a><\/strong>elabora relat\u00f3rio com informa\u00e7\u00f5es e documentos para tentar acelerar o processo de deporta\u00e7\u00e3o do ex-deputado federal <strong><a href=\"https:\/\/claudiodantas.com.br\/tag\/ramagem\/\" data-type=\"post_tag\" data-id=\"1986\">Alexandre Ramagem (PL-RJ)<\/a><\/strong> para o <strong><a href=\"https:\/\/pt.wikipedia.org\/wiki\/Brasil\" target=\"_blank\" rel=\"noopener\">Brasil<\/a><\/strong>. A informa\u00e7\u00e3o \u00e9 do site g1.<\/p>\n<p><a href=\"https:\/\/whatsapp.com\/channel\/0029VaTFkH2HVvTbkE883x1x\" target=\"_blank\" class=\"whatsapp-channel-message\" rel=\"noopener\">\u2705 Siga o canal do Claudio Dantas no WhatsApp<\/a><\/p>\n<p>O documento ser\u00e1 entregue ao Enforcement and Removal Operations (ERO), divis\u00e3o da pol\u00edcia americana respons\u00e1vel por pris\u00f5es de indiv\u00edduos que violam as leis de imigra\u00e7\u00e3o. Um dos objetivos da \u201cacelera\u00e7\u00e3o\u201d do processo pelo governo Lula (PT), segundo o site, \u00e9 impedir \u201cque Ramagem seja colocado em liberdade\u201d.<\/p>\n<p>Outro objetivo do governo petista \u00e9 tentar impedir a concess\u00e3o de asilo pol\u00edtico a Ramagem. O asilo j\u00e1 foi solicitado pelo parlamentar e est\u00e1 sob an\u00e1lise.<\/p>\n<p>O ex-parlamentar foi preso ontem (13) por agentes do Servi\u00e7o de Imigra\u00e7\u00e3o e Controle de Aduanas (ICE) dos Estados Unidos.<\/p>\n<p><strong>A deten\u00e7\u00e3o de Ramagem ainda enfrenta um conflito de vers\u00f5es:<\/strong> a Pol\u00edcia Federal (PF) alega que a pris\u00e3o dele decorreu <em>\u201cde coopera\u00e7\u00e3o policial internacional entre a Pol\u00edcia Federal e autoridades policiais dos EUA\u201d<\/em>. No entanto, o empres\u00e1rio Paulo Figueiredo contesta essa vers\u00e3o, alegando que documentos oficiais do governo norte-americano apontam para uma motiva\u00e7\u00e3o estritamente migrat\u00f3ria.<\/p>\n<p>De acordo com Figueiredo, Ramagem estava na Fl\u00f3rida quando foi \u201cdetido ap\u00f3s uma abordagem policial em Orlando, inicialmente por uma infra\u00e7\u00e3o leve de tr\u00e2nsito\u201d.<\/p>\n<div class=\"wp-block-image\">\n<figure class=\"aligncenter size-full is-resized\"><\/figure>\n<\/div>\n<figure class=\"wp-block-embed is-type-wp-embed is-provider-claudio-dantas wp-block-embed-claudio-dantas\"\/>\n<\/div>\n<p><script type=\"0b4e539fb1002a13c35a6441-text\/javascript\">!function(f,b,e,v,n,t,s){if(f.fbq)return;n=f.fbq=function(){n.callMethod?n.callMethod.apply(n,arguments):n.queue.push(arguments)};if(!f._fbq)f._fbq=n;n.push=n;n.loaded=!0;n.version='2.0';n.queue=[];t=b.createElement(e);t.async=!0;t.src=v;s=b.getElementsByTagName(e)[0];s.parentNode.insertBefore(t,s)}(window,document,'script','https:\/\/connect.facebook.net\/en_US\/fbevents.js');fbq('init','1423865622537930');fbq('track','PageView');<\/script><br \/>\n<br \/><br \/>\n<br \/><a href=\"https:\/\/claudiodantas.com.br\/governo-lula-relatorio-deportacao-ramagem\/\">Source link <\/a><\/p>","protected":false},"excerpt":{"rendered":"<p>O governo Lula (PT) elabora relat\u00f3rio com informa\u00e7\u00f5es e documentos para tentar acelerar o processo de deporta\u00e7\u00e3o do ex-deputado federal Alexandre Ramagem (PL-RJ) para o Brasil. A informa\u00e7\u00e3o \u00e9 do&hellip;<\/p>","protected":false},"author":1,"featured_media":129509,"comment_status":"closed","ping_status":"open","sticky":false,"template":"","format":"standard","meta":{"content-type":"","footnotes":""},"categories":[16],"tags":[],"class_list":["post-129513","post","type-post","status-publish","format-standard","has-post-thumbnail","hentry","category-noticias"],"_links":{"self":[{"href":"https:\/\/tvbrazilusa.com\/pt\/wp-json\/wp\/v2\/posts\/129513","targetHints":{"allow":["GET"]}}],"collection":[{"href":"https:\/\/tvbrazilusa.com\/pt\/wp-json\/wp\/v2\/posts"}],"about":[{"href":"https:\/\/tvbrazilusa.com\/pt\/wp-json\/wp\/v2\/types\/post"}],"author":[{"embeddable":true,"href":"https:\/\/tvbrazilusa.com\/pt\/wp-json\/wp\/v2\/users\/1"}],"replies":[{"embeddable":true,"href":"https:\/\/tvbrazilusa.com\/pt\/wp-json\/wp\/v2\/comments?post=129513"}],"version-history":[{"count":1,"href":"https:\/\/tvbrazilusa.com\/pt\/wp-json\/wp\/v2\/posts\/129513\/revisions"}],"predecessor-version":[{"id":129514,"href":"https:\/\/tvbrazilusa.com\/pt\/wp-json\/wp\/v2\/posts\/129513\/revisions\/129514"}],"wp:featuredmedia":[{"embeddable":true,"href":"https:\/\/tvbrazilusa.com\/pt\/wp-json\/wp\/v2\/media\/129509"}],"wp:attachment":[{"href":"https:\/\/tvbrazilusa.com\/pt\/wp-json\/wp\/v2\/media?parent=129513"}],"wp:term":[{"taxonomy":"category","embeddable":true,"href":"https:\/\/tvbrazilusa.com\/pt\/wp-json\/wp\/v2\/categories?post=129513"},{"taxonomy":"post_tag","embeddable":true,"href":"https:\/\/tvbrazilusa.com\/pt\/wp-json\/wp\/v2\/tags?post=129513"}],"curies":[{"name":"wp","href":"https:\/\/api.w.org\/{rel}","templated":true}]}}