{"id":129524,"date":"2026-04-14T20:23:31","date_gmt":"2026-04-14T20:23:31","guid":{"rendered":"https:\/\/tvbrazilusa.com\/2026\/04\/14\/dino-critica-pedido-de-indiciamento-de-ministros-do-stf-paulo-figueiredo\/"},"modified":"2026-04-14T20:33:25","modified_gmt":"2026-04-14T20:33:25","slug":"dino-critica-pedido-de-indiciamento-de-ministros-do-stf-paulo-figueiredo","status":"publish","type":"post","link":"https:\/\/tvbrazilusa.com\/pt\/2026\/04\/14\/dino-critica-pedido-de-indiciamento-de-ministros-do-stf-paulo-figueiredo\/","title":{"rendered":"Dino critica pedido de indiciamento de ministros do STF &#8211; Paulo Figueiredo"},"content":{"rendered":"<p> <script async src=\"https:\/\/pagead2.googlesyndication.com\/pagead\/js\/adsbygoogle.js?client=ca-pub-8864793242727901\"\r\n     crossorigin=\"anonymous\"><\/script><br \/>\n<\/p>\n<div id=\"wtr-content\" data-bg=\"#FFFFFF\" data-fg=\"#006d91\" data-width=\"25\" data-mute=\"1\" data-fgopacity=\"1.00\" data-mutedopacity=\"0.5\" data-placement=\"bottom\" data-placement-offset=\"0\" data-content-offset=\"262\" data-placement-touch=\"bottom\" data-placement-offset-touch=\"0\" data-transparent=\"\" data-shadow=\"0\" data-touch=\"1\" data-non-touch=\"1\" data-comments=\"0\" data-commentsbg=\"transparent\" data-location=\"page\" data-mutedfg=\"#006d91\" data-endfg=\"#006d91\" data-rtl=\"\">\n<h4 class=\"wp-block-heading\">O relat\u00f3rio final da comiss\u00e3o concluiu que tr\u00eas magistrados da Suprema Corte cometeram atos previstos na Lei do Impeachment<\/h4>\n<p>Cr\u00edticas dirigidas ao\u00a0Supremo Tribunal Federal\u00a0(STF) e a seus ministros geraram rea\u00e7\u00f5es nesta ter\u00e7a-feira, 14, quando o ministro Fl\u00e1vio Dino classificou como \u201cirresponsabilidade e erro hist\u00f3rico\u201d o pedido de indiciamento de\u00a0Alexandre de Moraes, Dias Toffoli, Gilmar Mendes e do procurador-geral da Rep\u00fablica (PGR), Paulo Gonet, por parte do relat\u00f3rio da CPI do Crime Organizado. Dino alertou para poss\u00edveis consequ\u00eancias institucionais dessas a\u00e7\u00f5es, ao apontar que parte dos agentes pol\u00edticos estaria cometendo um \u201cequ\u00edvoco\u201d ao transformar o STF no principal alvo de insatisfa\u00e7\u00e3o nacional, segundo ele.<\/p>\n<p>O relat\u00f3rio final da\u00a0CPI, elaborado pelo senador Alessandro Vieira (MDB-SE), concluiu que os tr\u00eas ministros do STF cometeram atos previstos na Lei do Impeachment, e destacou suspei\u00e7\u00e3o e condutas consideradas incompat\u00edveis com o decoro. O texto ser\u00e1 lido e colocado em vota\u00e7\u00e3o ainda nesta ter\u00e7a-feira, 14, marcando o encerramento dos trabalhos da comiss\u00e3o.<\/p>\n<h4 class=\"wp-block-heading\" id=\"acusacoes-detalhadas-no-relatorio-da-cpi\">Acusa\u00e7\u00f5es detalhadas no relat\u00f3rio da CPI<a href=\"https:\/\/wainews-homolog.streamlit.app\/~\/+\/#acusacoes-detalhadas-no-relatorio-da-cpi\"\/><\/h4>\n<p>No caso espec\u00edfico de Dias Toffoli, o documento demonstra que o magistrado teria atuado em processos nos quais deveria se declarar impedido, como no epis\u00f3dio envolvendo o\u00a0<strong><a href=\"https:\/\/pt.wikipedia.org\/wiki\/Banco_Master\">Banco Master<\/a><\/strong>, al\u00e9m de comportamentos considerados inadequados ao cargo. Sobre Alexandre de Moraes, a an\u00e1lise indica decis\u00f5es que poderiam caracterizar impedimento e poss\u00edveis restri\u00e7\u00f5es ao andamento das investiga\u00e7\u00f5es da CPI.<\/p>\n<p>Quanto ao procurador-geral Paulo Gonet, o relat\u00f3rio sugere indiciamento por suposta omiss\u00e3o em suas fun\u00e7\u00f5es, ao afirmar que ele teria sido \u201cpatentemente desidioso no cumprimento de suas atribui\u00e7\u00f5es\u201d. Apesar do relat\u00f3rio recomendar o\u00a0<em>impeachment<\/em>, o in\u00edcio do processo depende do presidente do Senado, Davi Alcolumbre (Uni\u00e3o-AP), que j\u00e1 sinalizou n\u00e3o pretender avan\u00e7ar com as medidas.<\/p>\n<h4 class=\"wp-block-heading\" id=\"proximos-passos-e-possiveis-desdobramentos\">Pr\u00f3ximos passos e poss\u00edveis desdobramentos<a href=\"https:\/\/wainews-homolog.streamlit.app\/~\/+\/#proximos-passos-e-possiveis-desdobramentos\"\/><\/h4>\n<p>O entendimento da CPI \u00e9 de que poss\u00edveis crimes de responsabilidade devem ser avaliados pelo pr\u00f3prio Senado. Se aprovado, o relat\u00f3rio ser\u00e1 encaminhado para a Mesa do Senado, presidida por Alcolumbre, al\u00e9m do Minist\u00e9rio P\u00fablico Federal e do Conselho Superior do Minist\u00e9rio P\u00fablico Federal.<\/p>\n<p><strong><a href=\"https:\/\/revistaoeste.com\/politica\/dino-critica-pedido-de-indiciamento-de-ministros-do-stf\/\">Cr\u00e9dito Revista Oeste<\/a><\/strong><\/p>\n<\/div>\n<p><br \/>\n<br \/><a href=\"https:\/\/paulofigueiredoshow.com\/dino-critica-pedido-de-indiciamento-de-ministros-do-stf\/\">Source link <\/a><\/p>","protected":false},"excerpt":{"rendered":"<p>O relat\u00f3rio final da comiss\u00e3o concluiu que tr\u00eas magistrados da Suprema Corte cometeram atos previstos na Lei do Impeachment Cr\u00edticas dirigidas ao\u00a0Supremo Tribunal Federal\u00a0(STF) e a seus ministros geraram rea\u00e7\u00f5es&hellip;<\/p>","protected":false},"author":1,"featured_media":129525,"comment_status":"closed","ping_status":"open","sticky":false,"template":"","format":"standard","meta":{"content-type":"","footnotes":""},"categories":[16],"tags":[],"class_list":["post-129524","post","type-post","status-publish","format-standard","has-post-thumbnail","hentry","category-noticias"],"_links":{"self":[{"href":"https:\/\/tvbrazilusa.com\/pt\/wp-json\/wp\/v2\/posts\/129524","targetHints":{"allow":["GET"]}}],"collection":[{"href":"https:\/\/tvbrazilusa.com\/pt\/wp-json\/wp\/v2\/posts"}],"about":[{"href":"https:\/\/tvbrazilusa.com\/pt\/wp-json\/wp\/v2\/types\/post"}],"author":[{"embeddable":true,"href":"https:\/\/tvbrazilusa.com\/pt\/wp-json\/wp\/v2\/users\/1"}],"replies":[{"embeddable":true,"href":"https:\/\/tvbrazilusa.com\/pt\/wp-json\/wp\/v2\/comments?post=129524"}],"version-history":[{"count":1,"href":"https:\/\/tvbrazilusa.com\/pt\/wp-json\/wp\/v2\/posts\/129524\/revisions"}],"predecessor-version":[{"id":129526,"href":"https:\/\/tvbrazilusa.com\/pt\/wp-json\/wp\/v2\/posts\/129524\/revisions\/129526"}],"wp:featuredmedia":[{"embeddable":true,"href":"https:\/\/tvbrazilusa.com\/pt\/wp-json\/wp\/v2\/media\/129525"}],"wp:attachment":[{"href":"https:\/\/tvbrazilusa.com\/pt\/wp-json\/wp\/v2\/media?parent=129524"}],"wp:term":[{"taxonomy":"category","embeddable":true,"href":"https:\/\/tvbrazilusa.com\/pt\/wp-json\/wp\/v2\/categories?post=129524"},{"taxonomy":"post_tag","embeddable":true,"href":"https:\/\/tvbrazilusa.com\/pt\/wp-json\/wp\/v2\/tags?post=129524"}],"curies":[{"name":"wp","href":"https:\/\/api.w.org\/{rel}","templated":true}]}}